{"id":239020,"date":"2020-05-19T11:11:28","date_gmt":"2020-05-19T14:11:28","guid":{"rendered":"https:\/\/www.cnbb.org.br\/?p=239020"},"modified":"2020-09-08T14:09:00","modified_gmt":"2020-09-08T17:09:00","slug":"as-portas-fechadas","status":"publish","type":"post","link":"https:\/\/www.cnbb.org.br\/as-portas-fechadas\/","title":{"rendered":"As portas fechadas"},"content":{"rendered":"<p style=\"text-align: right\"><strong><em>Dom Alo\u00edsio Alberto Dilli<br \/>\n<\/em><em>Bispo de Santa Cruz do Sul<\/em><\/strong><\/p>\n<p style=\"text-align: justify\"><strong>\u00a0<\/strong><\/p>\n<p style=\"text-align: justify\">Caros diocesanos. Em tempos de pandemia \u00e9 muito comum que os lugares de encontro social ou formas de aglomera\u00e7\u00e3o geral estejam fechados. Assim tamb\u00e9m acontece com nossas celebra\u00e7\u00f5es comunit\u00e1rias, em nossos templos. \u00c9 preciso adotar o mais poss\u00edvel o isolamento social para minimizar a transmiss\u00e3o do v\u00edrus que amea\u00e7a difundir-se rapidamente. Desta forma surgem as diversas orienta\u00e7\u00f5es por parte das autoridades civis e da sa\u00fade. A popula\u00e7\u00e3o obedece, dentro do poss\u00edvel, assim como os respons\u00e1veis pela vida espiritual dos fi\u00e9is, evitando maior presen\u00e7a em celebra\u00e7\u00f5es nas igrejas e outros encontros da comunidade de f\u00e9.<\/p>\n<p style=\"text-align: justify\">Ao refletir sobre a Palavra de Deus do segundo domingo de P\u00e1scoa, chamou aten\u00e7\u00e3o especial o fato de o evangelista afirmar: \u201c<em>Estando fechadas, por medo dos judeus, as portas do lugar onde os disc\u00edpulos se encontravam, Jesus entrou e, pondo-se no meio deles, disse: \u2018A paz esteja convosco<\/em>\u2019\u201d (Jo 20, 19). Tamb\u00e9m os disc\u00edpulos de Jesus trancaram as portas, n\u00e3o por medo de um v\u00edrus, mas temiam que os judeus fizessem com eles o mesmo que acontecera com seu Mestre, que acabara na cruz. O texto nos apresenta uma rica catequese, dentro do contexto pascal, que aqui n\u00e3o temos a pretens\u00e3o de esgotar. Mas neste tempo de pandemia, em que as portas dos templos, por vezes, tamb\u00e9m est\u00e3o fechadas, o texto nos ensina que para Deus n\u00e3o existem portas, paredes ou fronteiras que impe\u00e7am sua presen\u00e7a. E se, por acaso, existirem algumas portas ou fronteiras, elas ser\u00e3o lugares de encontro e n\u00e3o de separa\u00e7\u00e3o. Portanto, vivemos um tempo em que \u00e9 preciso ser criativo para redescobrir novas formas de encontro com o Senhor. N\u00e3o sejamos como Tom\u00e9 que, separado da comunidade, n\u00e3o reconhecera mais a presen\u00e7a do Senhor, entrando numa crise de f\u00e9; uma f\u00e9 que dependia do ver sinais com os olhos do corpo e n\u00e3o com os da f\u00e9, que faz clamar: \u201c<em>Meu Senhor e meu Deus<\/em>\u201d!<\/p>\n<p style=\"text-align: justify\">Na experi\u00eancia de reclus\u00e3o em nossas casas e dificuldades de nos reunirmos nas igrejas, \u00e9 importante crermos na presen\u00e7a do Senhor entre n\u00f3s de outras formas, especialmente, quando nos reunimos em seu amor, como fam\u00edlia orante: \u201c<em>Onde dois ou tr\u00eas estiverem reunidos em meu nome, ali eu estarei, no meio deles<\/em>\u201d (Mt 18, 20). Sempre \u00e9 t\u00e3o confortante, quando podemos responder com f\u00e9: \u201c<em>Ele est\u00e1 no meio de n\u00f3s!<\/em>\u201d.<\/p>\n<p style=\"text-align: justify\">Entre os meios privilegiados de encontro com o Senhor, a Palavra de Deus deve receber destaque particular, pois \u00e9 Deus mesmo que fala quando se l\u00eaem as Sagradas Escrituras na Igreja (Cf. SC 7), tornando a Palavra viva, eficaz e eterna (Cf. Is 55, 10-11; Hebr 4, 12; 1Pedr 1, 23; 1Tess 5, 24). Ela deixa de ter simples car\u00e1ter doutrin\u00e1rio, pois nela podemos encontrar-nos com Algu\u00e9m, que tem identidade, rosto e nome: Jesus Cristo, o Verbo (a Palavra) que se fez carne e habitou entre n\u00f3s (Cf. Jo 1, 14). Por isso a Igreja afirma: \u201c<em>Sempre Cristo est\u00e1 presente em sua Palavra&#8230; A Palavra de Deus, portanto, constantemente anunciada na Liturgia, \u00e9 sempre viva e eficaz pelo poder do Esp\u00edrito Santo<\/em>\u201d (OLM \u2013 Introdu\u00e7\u00e3o Geral 4). Bento XVI acrescenta: \u201c<em>A Igreja funda-se sobre a Palavra de Deus, nasce e vive dela<\/em>\u201d (VD 3). O Documento de Aparecida igualmente valoriza a presen\u00e7a pascal do Senhor na celebra\u00e7\u00e3o da Palavra de Deus: \u201c<em>Podem alimentar seu j\u00e1 admir\u00e1vel esp\u00edrito mission\u00e1rio participando da \u2018celebra\u00e7\u00e3o dominical da Palavra\u2019, que faz presente o Mist\u00e9rio Pascal no amor que congrega (1Jo 3, 14), na Palavra acolhida (cf. Jo 5, 24-25) e na ora\u00e7\u00e3o comunit\u00e1ria (cf. Mt 18, 20)<\/em>\u201d (DAp 253).<\/p>\n<p style=\"text-align: justify\">N\u00e3o fechemos as portas da f\u00e9 ao Senhor, pois Ele sempre deseja estar conosco. E quando o covid-19 n\u00e3o mais amea\u00e7ar, voltemos aos nossos templos que estar\u00e3o de portas abertas para acolher-nos, com o Senhor e os irm\u00e3os, na forma comunit\u00e1ria normal.<\/p>\n<p>&nbsp;<\/p>\n<p><em>\u00a0<\/em>    \t<\/p>\n","protected":false},"excerpt":{"rendered":"<p>Dom Alo\u00edsio Alberto Dilli Bispo de Santa Cruz do Sul \u00a0 Caros diocesanos. Em tempos de pandemia \u00e9 muito comum que os lugares de encontro social ou formas de aglomera\u00e7\u00e3o geral estejam fechados. Assim tamb\u00e9m acontece com nossas celebra\u00e7\u00f5es comunit\u00e1rias, em nossos templos. \u00c9 preciso adotar o mais poss\u00edvel o isolamento social para minimizar a &hellip;<\/p>\n<p class=\"read-more\"> <a class=\"\" href=\"https:\/\/www.cnbb.org.br\/as-portas-fechadas\/\"> <span class=\"screen-reader-text\">As portas fechadas<\/span> Leia mais &raquo;<\/a><\/p>\n","protected":false},"author":33,"featured_media":0,"comment_status":"closed","ping_status":"open","sticky":false,"template":"","format":"standard","meta":{"site-sidebar-layout":"default","site-content-layout":"default","ast-global-header-display":"","ast-banner-title-visibility":"","ast-main-header-display":"","ast-hfb-above-header-display":"","ast-hfb-below-header-display":"","ast-hfb-mobile-header-display":"","site-post-title":"","ast-breadcrumbs-content":"","ast-featured-img":"","footer-sml-layout":"","theme-transparent-header-meta":"","adv-header-id-meta":"","stick-header-meta":"","header-above-stick-meta":"","header-main-stick-meta":"","header-below-stick-meta":""},"categories":[758],"tags":[],"acf":[],"_links":{"self":[{"href":"https:\/\/www.cnbb.org.br\/cnbb-app\/wp\/v2\/posts\/239020"}],"collection":[{"href":"https:\/\/www.cnbb.org.br\/cnbb-app\/wp\/v2\/posts"}],"about":[{"href":"https:\/\/www.cnbb.org.br\/cnbb-app\/wp\/v2\/types\/post"}],"author":[{"embeddable":true,"href":"https:\/\/www.cnbb.org.br\/cnbb-app\/wp\/v2\/users\/33"}],"replies":[{"embeddable":true,"href":"https:\/\/www.cnbb.org.br\/cnbb-app\/wp\/v2\/comments?post=239020"}],"version-history":[{"count":0,"href":"https:\/\/www.cnbb.org.br\/cnbb-app\/wp\/v2\/posts\/239020\/revisions"}],"wp:attachment":[{"href":"https:\/\/www.cnbb.org.br\/cnbb-app\/wp\/v2\/media?parent=239020"}],"wp:term":[{"taxonomy":"category","embeddable":true,"href":"https:\/\/www.cnbb.org.br\/cnbb-app\/wp\/v2\/categories?post=239020"},{"taxonomy":"post_tag","embeddable":true,"href":"https:\/\/www.cnbb.org.br\/cnbb-app\/wp\/v2\/tags?post=239020"}],"curies":[{"name":"wp","href":"https:\/\/api.w.org\/{rel}","templated":true}]}}