{"id":239112,"date":"2020-05-20T14:05:27","date_gmt":"2020-05-20T17:05:27","guid":{"rendered":"https:\/\/www.cnbb.org.br\/?p=239112"},"modified":"2020-05-20T14:05:27","modified_gmt":"2020-05-20T17:05:27","slug":"5-anos-da-laudato-si-a-enciclica-celebrada-na-vida-dos-jovens-da-igreja-no-brasil","status":"publish","type":"post","link":"https:\/\/www.cnbb.org.br\/5-anos-da-laudato-si-a-enciclica-celebrada-na-vida-dos-jovens-da-igreja-no-brasil\/","title":{"rendered":"5 anos da Laudato Si&#8217; &#8211; A enc\u00edclica celebrada na vida dos jovens da Igreja no Brasil\u00a0"},"content":{"rendered":"<p style=\"text-align: justify\">&#8220;Os jovens exigem de n\u00f3s uma mudan\u00e7a; interrogam-se como se pode pretender construir um futuro melhor, sem pensar na crise do meio ambiente e nos sofrimentos dos exclu\u00eddos&#8221;, escreveu o Papa Francisco na enc\u00edclica Laudato Si&#8217;, que completa cinco anos no pr\u00f3ximo domingo. O texto, que d\u00e1 novo impulso ao cuidado com a vida no planeta e educa para a compreens\u00e3o de que &#8220;tudo est\u00e1 interligado&#8221;, tem animado jovens do mundo inteiro a se empenharem em a\u00e7\u00f5es no cuidado da casa comum.<\/p>\n<p style=\"text-align: justify\">No Brasil, n\u00e3o seria diferente. Com articula\u00e7\u00e3o do Movimento Cat\u00f3lico Global pelo Clima, integrantes da Pastoral Juvenil e da Rede Eclesial Pan-Amaz\u00f4nica (Repam-Brasil) participam de a\u00e7\u00f5es da Semana Laudato Si&#8217;, como forma de destacar a import\u00e2ncia das mudan\u00e7as clim\u00e1ticas e suas implica\u00e7\u00f5es nas rela\u00e7\u00f5es sociais.<\/p>\n<p style=\"text-align: justify\">A Semana Laudato Si&#8217; quer <strong>celebrar, avaliar e promover<\/strong>\u00a0maior conhecimento da\u00a0<strong>urg\u00eancia<\/strong> do tema. Entidades do mundo todo estar\u00e3o mobilizados nesta semana para compartilhar informa\u00e7\u00f5es sobre a\u00e7\u00f5es realizadas a partir da enc\u00edclica e outras iniciativas ecol\u00f3gicas.<\/p>\n<div class=\"ast-oembed-container\" style=\"height: 100%;\"><iframe loading=\"lazy\" title=\"O Papa Francisco convida voc\u00ea para celebrar a Semana Laudato Si&#039; (Portugu\u00eas)\" width=\"500\" height=\"281\" src=\"https:\/\/www.youtube.com\/embed\/DWXcyjYmJMo?feature=oembed\" frameborder=\"0\" allow=\"accelerometer; autoplay; clipboard-write; encrypted-media; gyroscope; picture-in-picture\" allowfullscreen><\/iframe><\/div>\n<p style=\"text-align: justify\">Os jovens podem realizar encontros online a partir de <a href=\"https:\/\/jovensconectados.org.br\/wp-content\/uploads\/2020\/05\/guia-para-encontro-compactado.pdf\" target=\"_blank\" rel=\"noopener\">roteiro preparado para esta semana<\/a>, al\u00e9m de acompanharem debates e aprofundamentos, como uma live que ocorrer\u00e1 no Instagram da Repam-Brasil com as juventudes da Amaz\u00f4nia. Tamb\u00e9m o projeto Papo em Rede \u2013 di\u00e1logos que geram transforma\u00e7\u00e3o ter\u00e1 a Semana Laudato Si como tema, com debate realizado pela assessora da Repam, Moema Miranda, e pelo coordenador do Movimento Cat\u00f3lico Global pelo Clima em pa\u00edses de l\u00edngua portuguesa, Igor Bastos. <a href=\"https:\/\/forms.office.com\/Pages\/ResponsePage.aspx?id=LL0ch1K4T0upN__3x57SksZDaU-AO5RCqx5hqbAazOhUQzdRRkowV1BNQ1lFSDVMN0c2V1NaT09WQS4u\" target=\"_blank\" rel=\"noopener\">Para fazer inscri\u00e7\u00e3o, clique aqui.<\/a><\/p>\n<p>Um dos participantes da live da Repam-Brasil ser\u00e1 o jovem Diego Aguiar, que \u00e9 agente de pastoral marista, em Manaus (AM), e um dos articuladores do eixo de Forma\u00e7\u00e3o e M\u00e9todos Pastorais da Repam. Ele partilha um pouco da experi\u00eancia de trabalho a partir da inspira\u00e7\u00e3o e anima\u00e7\u00e3o da Laudato Si&#8217;.<\/p>\n<!--[if lt IE 9]><script>document.createElement('audio');<\/script><![endif]-->\n<audio class=\"wp-audio-shortcode\" id=\"audio-239112-1\" preload=\"none\" style=\"width: 100%;\" controls=\"controls\"><source type=\"audio\/mpeg\" src=\"https:\/\/www.cnbb.org.br\/wp-content\/uploads\/2020\/05\/Diego-Aguiar-Laudato-Si1-e-juventude-na-Amaz\u00f4nia.mp3?_=1\" \/><a href=\"https:\/\/www.cnbb.org.br\/wp-content\/uploads\/2020\/05\/Diego-Aguiar-Laudato-Si1-e-juventude-na-Amaz\u00f4nia.mp3\">https:\/\/www.cnbb.org.br\/wp-content\/uploads\/2020\/05\/Diego-Aguiar-Laudato-Si1-e-juventude-na-Amaz\u00f4nia.mp3<\/a><\/audio>\n<p style=\"text-align: justify\">Um dos principais articuladores da Semana Laudato Si\u2019 com jovens e adultos do mundo inteiro, o Movimento Cat\u00f3lico Global pelo Clima prop\u00f4s um momento de reflex\u00e3o e ora\u00e7\u00e3o para discernir sobre as li\u00e7\u00f5es deste momento: &#8220;Enquanto o mundo enfrenta uma crise hist\u00f3rica, n\u00f3s refletimos e nos preparamos para construir um mundo melhor&#8221;.<\/p>\n<p>No endere\u00e7o <a href=\"http:\/\/laudatosiweek.org\/pt\" target=\"_blank\" rel=\"noopener\">laudatosiweek.org\/pt<\/a> \u00e9 poss\u00edvel saber mais sobre a iniciativa de ora\u00e7\u00e3o, reflex\u00e3o e forma\u00e7\u00e3o, al\u00e9m de acompanhar os eventos agendados no mundo inteiro. O site tamb\u00e9m oferece materiais para compartilhamento nas redes sociais.<\/p>\n<p><img decoding=\"async\" src=\"https:\/\/laudatosiweek.org\/wp-content\/uploads\/2020\/02\/LSW-Portuguese.png\" alt=\"Laudato Si Week\" \/><\/p>\n<p style=\"text-align: justify\">&#8220;A <a href=\"http:\/\/www.vatican.va\/content\/francesco\/pt\/encyclicals\/documents\/papa-francesco_20150524_enciclica-laudato-si.html\" target=\"_blank\" rel=\"noopener noreferrer\">Laudato Si\u2019<\/a> foi acolhida como um documento profundo e cheio de beleza e impulsionou pessoas ao redor do mundo a refletirem mais profundamente sobre o Criador e a cria\u00e7\u00e3o. A sua vis\u00e3o da ecologia integral, que v\u00ea as conex\u00f5es entre como tratamos Deus, a natureza e uns aos outros, nos oferece verdades simples por\u00e9m profundas sobre os la\u00e7os que nos unem&#8221;.<\/p>\n<p>&nbsp;    \t<\/p>\n","protected":false},"excerpt":{"rendered":"<p>Com articula\u00e7\u00e3o do Movimento Cat\u00f3lico Global pelo Clima, jovens da Pastoral Juvenil e da Repam participam de a\u00e7\u00f5es da Semana Laudato Si&#8217;<\/p>\n","protected":false},"author":83,"featured_media":239133,"comment_status":"closed","ping_status":"open","sticky":false,"template":"","format":"standard","meta":{"site-sidebar-layout":"default","site-content-layout":"default","ast-global-header-display":"","ast-banner-title-visibility":"","ast-main-header-display":"","ast-hfb-above-header-display":"","ast-hfb-below-header-display":"","ast-hfb-mobile-header-display":"","site-post-title":"","ast-breadcrumbs-content":"","ast-featured-img":"","footer-sml-layout":"","theme-transparent-header-meta":"","adv-header-id-meta":"","stick-header-meta":"","header-above-stick-meta":"","header-main-stick-meta":"","header-below-stick-meta":""},"categories":[829],"tags":[2358,1925,2114],"acf":[],"_links":{"self":[{"href":"https:\/\/www.cnbb.org.br\/cnbb-app\/wp\/v2\/posts\/239112"}],"collection":[{"href":"https:\/\/www.cnbb.org.br\/cnbb-app\/wp\/v2\/posts"}],"about":[{"href":"https:\/\/www.cnbb.org.br\/cnbb-app\/wp\/v2\/types\/post"}],"author":[{"embeddable":true,"href":"https:\/\/www.cnbb.org.br\/cnbb-app\/wp\/v2\/users\/83"}],"replies":[{"embeddable":true,"href":"https:\/\/www.cnbb.org.br\/cnbb-app\/wp\/v2\/comments?post=239112"}],"version-history":[{"count":0,"href":"https:\/\/www.cnbb.org.br\/cnbb-app\/wp\/v2\/posts\/239112\/revisions"}],"wp:featuredmedia":[{"embeddable":true,"href":"https:\/\/www.cnbb.org.br\/cnbb-app\/wp\/v2\/media\/239133"}],"wp:attachment":[{"href":"https:\/\/www.cnbb.org.br\/cnbb-app\/wp\/v2\/media?parent=239112"}],"wp:term":[{"taxonomy":"category","embeddable":true,"href":"https:\/\/www.cnbb.org.br\/cnbb-app\/wp\/v2\/categories?post=239112"},{"taxonomy":"post_tag","embeddable":true,"href":"https:\/\/www.cnbb.org.br\/cnbb-app\/wp\/v2\/tags?post=239112"}],"curies":[{"name":"wp","href":"https:\/\/api.w.org\/{rel}","templated":true}]}}