{"id":23918,"date":"2012-08-09T00:00:00","date_gmt":"2012-08-09T03:00:00","guid":{"rendered":"https:\/\/www.cnbb.org.br\/arquidiocese-de-porto-velho-prepara-primeira-experiencia-missionaria\/"},"modified":"2012-08-09T00:00:00","modified_gmt":"2012-08-09T03:00:00","slug":"arquidiocese-de-porto-velho-prepara-primeira-experiencia-missionaria","status":"publish","type":"post","link":"https:\/\/www.cnbb.org.br\/arquidiocese-de-porto-velho-prepara-primeira-experiencia-missionaria\/","title":{"rendered":"Arquidiocese de Porto Velho prepara primeira experi\u00eancia mission\u00e1ria"},"content":{"rendered":"<div style=\"text-align: justify\">Uma a\u00e7\u00e3o mission\u00e1ria para uma regi\u00e3o de 250 quil\u00f4metros de extens\u00e3o, onde est\u00e3o 64 comunidades na divisa de Rond\u00f4nia com os estados do Acre, Amazonas e a Bol\u00edvia. \u00c9 o convite feito por dom Esmeraldo Farias, arcebispo de Porto Velho (RO) aos seminaristas de sua arquidiocese e de todo o pa\u00eds, interessados em conhecer a pr\u00e1tica pastoral na regi\u00e3o da Amaz\u00f4nia.<\/div>\n<div style=\"text-align: justify\"><\/div>\n<p><!--more--><\/p>\n<div style=\"text-align: justify\">\n<p>O projeto deve receber os mission\u00e1rios entre os dias 28 de dezembro deste ano e 21 de janeiro de 2013. \u201cA programa\u00e7\u00e3o b\u00e1sica consta de uma prepara\u00e7\u00e3o mais imediata de dois dias com todos os mission\u00e1rios, para aprofundarmos e rezarmos o sentido da Miss\u00e3o em nossa vida e da nossa vida a servi\u00e7o da Miss\u00e3o\u201d, afirma dom Esmeraldo.<\/p>\n<p><img decoding=\"async\" loading=\"lazy\" class=\" alignleft size-full wp-image-15785\" style=\"float: left\" src=\"https:\/\/www.cnbb.org.br\/wp-content\/uploads\/2020\/03\/MapaPortoVelho.jpg\" alt=\"MapaPortoVelho\" width=\"300\" height=\"224\" \/>A base do trabalho ser\u00e1 a Palavra de Deus, inspirado no segundo cap\u00edtulo da Carta aos Ef\u00e9sios, enfatizando a miseric\u00f3rdia de Deus. Por isso, o lema da miss\u00e3o ser\u00e1 \u201cJesus \u00e9 a nossa Paz\u201d. \u201cNa prepara\u00e7\u00e3o, contaremos tamb\u00e9m com a participa\u00e7\u00e3o de representantes das comunidades a fim de que possam situar-nos na hist\u00f3ria e realidade s\u00f3cio-eclesial em que vivem. Em seguida, em equipe, estaremos v\u00e1rios dias em cada comunidade para as visitas de casa em casa, encontros com lideran\u00e7as, com pastorais, com crian\u00e7as, jovens, fam\u00edlias, celebra\u00e7\u00f5es com o povo, caminhadas\u201d, relata o bispo.<\/p>\n<p>A Experi\u00eancia Mission\u00e1ria \u00e9 uma etapa importante da forma\u00e7\u00e3o dos seminaristas da Arquidiocese, e ser\u00e1 retomada em outros per\u00edodos do ano. Dom Esmeraldo recorda que a dimens\u00e3o pastoral-mission\u00e1ria \u00e9 o eixo articulador da forma\u00e7\u00e3o de presb\u00edteros mission\u00e1rios. Por este motivo, ao final da miss\u00e3o, \u201co grupo far\u00e1 uma avalia\u00e7\u00e3o e um dia de retiro a fim de recolhermos o que Deus nos fez ver, ouvir e sentir\u201d.<\/p>\n<p>O projeto da Arquidiocese de Porto Velho \u00e9 aberto \u00e0 participa\u00e7\u00e3o de seminaristas de outras dioceses brasileiras. Os interessados podem entrar em contato pelo telefone (69) 3221-2270 ou 3224-1590.<\/p>\n<\/div>\n","protected":false},"excerpt":{"rendered":"<p>Uma a\u00e7\u00e3o mission\u00e1ria para uma regi\u00e3o de 250 quil\u00f4metros de extens\u00e3o, onde est\u00e3o 64 comunidades na divisa de Rond\u00f4nia com os estados do Acre, Amazonas e a Bol\u00edvia. \u00c9 o convite feito por dom Esmeraldo Farias, arcebispo de Porto Velho (RO) aos seminaristas de sua arquidiocese e de todo o pa\u00eds, interessados em conhecer a &hellip;<\/p>\n<p class=\"read-more\"> <a class=\"\" href=\"https:\/\/www.cnbb.org.br\/arquidiocese-de-porto-velho-prepara-primeira-experiencia-missionaria\/\"> <span class=\"screen-reader-text\">Arquidiocese de Porto Velho prepara primeira experi\u00eancia mission\u00e1ria<\/span> Leia mais &raquo;<\/a><\/p>\n","protected":false},"author":83,"featured_media":23919,"comment_status":"open","ping_status":"open","sticky":false,"template":"","format":"standard","meta":{"site-sidebar-layout":"default","site-content-layout":"default","ast-global-header-display":"","ast-banner-title-visibility":"","ast-main-header-display":"","ast-hfb-above-header-display":"","ast-hfb-below-header-display":"","ast-hfb-mobile-header-display":"","site-post-title":"","ast-breadcrumbs-content":"","ast-featured-img":"","footer-sml-layout":"","theme-transparent-header-meta":"","adv-header-id-meta":"","stick-header-meta":"","header-above-stick-meta":"","header-main-stick-meta":"","header-below-stick-meta":""},"categories":[924,769],"tags":[],"acf":[],"_links":{"self":[{"href":"https:\/\/www.cnbb.org.br\/cnbb-app\/wp\/v2\/posts\/23918"}],"collection":[{"href":"https:\/\/www.cnbb.org.br\/cnbb-app\/wp\/v2\/posts"}],"about":[{"href":"https:\/\/www.cnbb.org.br\/cnbb-app\/wp\/v2\/types\/post"}],"author":[{"embeddable":true,"href":"https:\/\/www.cnbb.org.br\/cnbb-app\/wp\/v2\/users\/83"}],"replies":[{"embeddable":true,"href":"https:\/\/www.cnbb.org.br\/cnbb-app\/wp\/v2\/comments?post=23918"}],"version-history":[{"count":0,"href":"https:\/\/www.cnbb.org.br\/cnbb-app\/wp\/v2\/posts\/23918\/revisions"}],"wp:featuredmedia":[{"embeddable":true,"href":"https:\/\/www.cnbb.org.br\/cnbb-app\/wp\/v2\/media\/23919"}],"wp:attachment":[{"href":"https:\/\/www.cnbb.org.br\/cnbb-app\/wp\/v2\/media?parent=23918"}],"wp:term":[{"taxonomy":"category","embeddable":true,"href":"https:\/\/www.cnbb.org.br\/cnbb-app\/wp\/v2\/categories?post=23918"},{"taxonomy":"post_tag","embeddable":true,"href":"https:\/\/www.cnbb.org.br\/cnbb-app\/wp\/v2\/tags?post=23918"}],"curies":[{"name":"wp","href":"https:\/\/api.w.org\/{rel}","templated":true}]}}