{"id":239286,"date":"2020-05-22T14:24:13","date_gmt":"2020-05-22T17:24:13","guid":{"rendered":"https:\/\/www.cnbb.org.br\/?p=239286"},"modified":"2020-05-22T14:24:13","modified_gmt":"2020-05-22T17:24:13","slug":"dom-adelar-biblia-e-uma-narracao-do-amor-de-deus-pela-humanidade","status":"publish","type":"post","link":"https:\/\/www.cnbb.org.br\/dom-adelar-biblia-e-uma-narracao-do-amor-de-deus-pela-humanidade\/","title":{"rendered":"Dom Adelar: &#8220;A B\u00edblia \u00e9 uma narra\u00e7\u00e3o do amor de Deus pela humanidade&#8221;"},"content":{"rendered":"<p style=\"text-align: justify\">A narra\u00e7\u00e3o n\u00e3o \u00e9 somente para as crian\u00e7as, mas um modo de encontrar o sentido da vida, um jeito de fazer com que a mesma hist\u00f3ria, contada de gera\u00e7\u00e3o em gera\u00e7\u00e3o, possa comunicar e integrar-se na vida das pessoas. \u201cNuma narra\u00e7\u00e3o, sentimo-nos envolvidos. Parece que foi contada exatamente para n\u00f3s\u201d, afirma o bispo de Cruz Alta, dom Adelar Baruffi.<\/p>\n<p style=\"text-align: justify\">Neste ano, para o 54\u00ba Dia Mundial das Comunica\u00e7\u00f5es Sociais, a ser celebrado no dia 24 de maio, o Papa Francisco escreveu sobre a \u201cnarra\u00e7\u00e3o\u201d. Sua mensagem cujo t\u00edtulo \u00e9 \u201cPara que possas contar e fixar na mem\u00f3ria\u201d (Ex 10,2), afirma que as narrativas marcam-nos, plasmam as nossas convic\u00e7\u00f5es e comportamentos, e podem ajudar-nos a compreender e dizer quem somos. Nela, o Papa deixa claro que a vida \u00e9 feita de fatos, de pessoas, de lugares e do tempo pr\u00f3prio, que merecem ser conhecidos e serem contados.<\/p>\n<p style=\"text-align: justify\">Segundo dom Adelar Baruffi, a grande hist\u00f3ria de Deus est\u00e1 narrada na Sagrada Escritura. \u201cA B\u00edblia \u00e9 uma narra\u00e7\u00e3o do amor de Deus pela humanidade. Nos mostra um Deus que \u00e9 criador e narrador. Ele pronuncia a sua Palavra e as coisas existem. A Palavra de Deus tem for\u00e7a e realiza o que narra. Ao falar a Deus, o homem b\u00edblico tamb\u00e9m conta sua hist\u00f3ria\u201d, afirma o bispo.<\/p>\n<p style=\"text-align: justify\">Para o bispo, os fatos b\u00edblicos precisam ser conhecidos, contados, para serem fixados na mem\u00f3ria e calar no cora\u00e7\u00e3o. \u201cAs narra\u00e7\u00f5es da vida de Jesus, por exemplo, seja sua vida ou suas par\u00e1bolas, nos configuram a Ele, entra na vida de quem a escuta e a transforma\u201d, diz.<\/p>\n<p style=\"text-align: justify\">A narrativa, normalmente, segundo dom Adelar questiona, acolhe e inclui. \u201cA hist\u00f3ria de Cristo \u00e9 nossa hist\u00f3ria. Por isso, Jesus nunca \u00e9 passado, \u00e9 sempre presente. Nele Deus tomou a peito o homem, a nossa carne, a nossa hist\u00f3ria, a ponto de se fazer homem, carne e hist\u00f3ria\u201d, afirma dom Adelar.<\/p>\n<p style=\"text-align: justify\">A Mensagem do Papa para o 54\u00ba Dia Mundial das Comunica\u00e7\u00f5es Sociais diz que a narra\u00e7\u00e3o das hist\u00f3rias renova nossas vidas. \u201cSobretudo quando s\u00e3o contadas as hist\u00f3rias da B\u00edblia, da vida dos santos e as hist\u00f3rias da literatura de textos que souberam ler a alma do homem e trazer \u00e0 luz a sua beleza\u201d, completou dom Adelar.<\/p>\n<p>Confira a mensagem do Papa para o 54\u00ba Dia Mundial das Comunica\u00e7\u00f5es Sociais (<a href=\"https:\/\/www.cnbb.org.br\/papa-francisco-divulga-mensagem-para-o-54o-dia-mundial-das-comunicacoes-sociais\/\">aqui<\/a>).<\/p>\n<p><strong>Foto de Capa: jcomp\/ freepik<\/strong><\/p>\n<p>&nbsp;<\/p>\n<p>&nbsp;    \t<\/p>\n","protected":false},"excerpt":{"rendered":"<p>Narrativa e mem\u00f3ria integram o tema para o 54\u00ba Dia Mundial das Comunica\u00e7\u00f5es<\/p>\n","protected":false},"author":83,"featured_media":239290,"comment_status":"closed","ping_status":"open","sticky":false,"template":"","format":"standard","meta":{"site-sidebar-layout":"default","site-content-layout":"default","ast-global-header-display":"","ast-banner-title-visibility":"","ast-main-header-display":"","ast-hfb-above-header-display":"","ast-hfb-below-header-display":"","ast-hfb-mobile-header-display":"","site-post-title":"","ast-breadcrumbs-content":"","ast-featured-img":"","footer-sml-layout":"","theme-transparent-header-meta":"","adv-header-id-meta":"","stick-header-meta":"","header-above-stick-meta":"","header-main-stick-meta":"","header-below-stick-meta":""},"categories":[1851],"tags":[2317,2512,1199],"acf":[],"_links":{"self":[{"href":"https:\/\/www.cnbb.org.br\/cnbb-app\/wp\/v2\/posts\/239286"}],"collection":[{"href":"https:\/\/www.cnbb.org.br\/cnbb-app\/wp\/v2\/posts"}],"about":[{"href":"https:\/\/www.cnbb.org.br\/cnbb-app\/wp\/v2\/types\/post"}],"author":[{"embeddable":true,"href":"https:\/\/www.cnbb.org.br\/cnbb-app\/wp\/v2\/users\/83"}],"replies":[{"embeddable":true,"href":"https:\/\/www.cnbb.org.br\/cnbb-app\/wp\/v2\/comments?post=239286"}],"version-history":[{"count":0,"href":"https:\/\/www.cnbb.org.br\/cnbb-app\/wp\/v2\/posts\/239286\/revisions"}],"wp:featuredmedia":[{"embeddable":true,"href":"https:\/\/www.cnbb.org.br\/cnbb-app\/wp\/v2\/media\/239290"}],"wp:attachment":[{"href":"https:\/\/www.cnbb.org.br\/cnbb-app\/wp\/v2\/media?parent=239286"}],"wp:term":[{"taxonomy":"category","embeddable":true,"href":"https:\/\/www.cnbb.org.br\/cnbb-app\/wp\/v2\/categories?post=239286"},{"taxonomy":"post_tag","embeddable":true,"href":"https:\/\/www.cnbb.org.br\/cnbb-app\/wp\/v2\/tags?post=239286"}],"curies":[{"name":"wp","href":"https:\/\/api.w.org\/{rel}","templated":true}]}}