{"id":239685,"date":"2020-05-29T11:13:41","date_gmt":"2020-05-29T14:13:41","guid":{"rendered":"https:\/\/www.cnbb.org.br\/?p=239685"},"modified":"2020-09-08T14:08:52","modified_gmt":"2020-09-08T17:08:52","slug":"o-espirito-santo-na-missao-da-igreja-e-no-mundo","status":"publish","type":"post","link":"https:\/\/www.cnbb.org.br\/o-espirito-santo-na-missao-da-igreja-e-no-mundo\/","title":{"rendered":"O Esp\u00edrito Santo na miss\u00e3o da Igreja e no mundo"},"content":{"rendered":"<p style=\"text-align: right\"><strong>Dom Vital Corbellini<\/strong><br \/>\n<strong> Bispo de Marab\u00e1 (PA)<\/strong><\/p>\n<p>&nbsp;<\/p>\n<p style=\"text-align: justify\">\u00a0\u00a0\u00a0\u00a0\u00a0\u00a0\u00a0\u00a0\u00a0\u00a0\u00a0 Estamos pr\u00f3ximos do domingo de Pentecostes onde celebraremos a descida do Esp\u00edrito Santo sobre os Ap\u00f3stolos, transformando-os em testemunhas da ressurrei\u00e7\u00e3o de Jesus Cristo. Ele \u00e9 o amor do Pai e do Filho. Reflitamos a sua a\u00e7\u00e3o na Igreja e no mundo a partir de alguns padres da Igreja, os primeiros escritores crist\u00e3os.<\/p>\n<p style=\"text-align: justify\">\u00a0\u00a0\u00a0\u00a0\u00a0\u00a0\u00a0\u00a0\u00a0\u00a0\u00a0 Santo Ireneu, que foi bispo no s\u00e9culo III, anunciou que o Esp\u00edrito Santo ajuda-nos a superar as debilidades da carne. O Esp\u00edrito Santo purifica o ser humano e o eleva \u00e0 vida de Deus, de modo que a fraqueza da carne ser\u00e1 absorvida pela for\u00e7a do Esp\u00edrito e quem era carnal ser\u00e1 doravante espiritual, gra\u00e7as \u00e0 comunh\u00e3o do Esp\u00edrito. Assim os m\u00e1rtires testemunharam a morte n\u00e3o segundo a fraqueza da carne, e sim conforme a prontid\u00e3o do Esp\u00edrito. O ser humano ser\u00e1 vivente pela participa\u00e7\u00e3o do Esp\u00edrito. Onde h\u00e1 o Esp\u00edrito do Pai, h\u00e1 o homem vivente, um sangue racional, uma carne possu\u00edda pelo Esp\u00edrito, adquirindo a qualidade do Esp\u00edrito e se torna conforme ao Verbo de Deus. Se de fato recebemos o Esp\u00edrito de Deus, andemos em novidade de vida, obedecendo a Deus.<\/p>\n<p style=\"text-align: justify\">Para Cirilo de Jerusal\u00e9m, Bispo do s\u00e9culo IV afirmou que o Esp\u00edrito Santo \u00e9 extraordin\u00e1rio, nos dons dos quais Ele \u00e9 portador. Ele conhece a natureza de cada um de n\u00f3s, discernindo os pensamentos e a consci\u00eancia, tudo aquilo que pronunciamos e meditamos na mente. \u00c9 claro que o seu mist\u00e9rio ultrapassa tudo o que pensamos. O Esp\u00edrito Santo faz-nos entrar em comunh\u00e3o com todas as pessoas locais e do mundo inteiro, povos nos quais n\u00e3o se tem alguma not\u00edcia. Considera a Igreja que se espalha pelo mundo afora, doando a algu\u00e9m a miseric\u00f3rdia, a outro, o amor pela pobreza, a outro ainda o poder de expulsar os esp\u00edritos adversos. Como a luz, emanando de um \u00fanico raio ilumina toda a coisa, assim tamb\u00e9m o Esp\u00edrito Santo ilumina aqueles que tem os olhos para v\u00ea-lo. Pode-se imaginar o poder do Esp\u00edrito Santo que se estende por todo o universo. Ele est\u00e1 sobre as virtudes, os principados, os tronos, as domina\u00e7\u00f5es, estando na cabe\u00e7a de todos como mestre e santificador na qual sendo Deus prep\u00f4s o Par\u00e1clito. Enquanto os anjos s\u00e3o chamados a servir, o Esp\u00edrito conhece os des\u00edgnios de Deus como afirma o Ap\u00f3stolo: \u201cA n\u00f3s, por\u00e9m, Deus o revelou por meio do Esp\u00edrito, pois o Esp\u00edrito sonda tudo, at\u00e9 mesmo as profundezas de Deus\u201d (1 Cor 2,10).<\/p>\n<p style=\"text-align: justify\">\u00a0\u00a0\u00a0\u00a0\u00a0\u00a0\u00a0\u00a0\u00a0\u00a0\u00a0 J\u00e1 S\u00e3o Bas\u00edlio de Cesar\u00e9ia, bispo no s\u00e9culo IV afirmou que a pessoa que deseja sair da mediocridade, e lan\u00e7ar-se em alto, como um peixe emerge na superf\u00edcie proveniente das profundezas, ver\u00e1 na raz\u00e3o da cria\u00e7\u00e3o pur\u00edssima, o Esp\u00edrito Santo, onde s\u00e3o o Pai e o Filho, o Esp\u00edrito o qual da mesma subst\u00e2ncia e natureza possui toda a coisa, a bondade, a justi\u00e7a, a santidade, a vida. A Escritura Sagrada o chama de Santo Esp\u00edrito (Sl 50,13). Como o calor n\u00e3o pode estar separado do fogo, nem a luz da l\u00e2mpada, assim tamb\u00e9m n\u00e3o podem estar separados do Esp\u00edrito a santifica\u00e7\u00e3o, a bondade, a justi\u00e7a. Como o Pai \u00e9 um e o Filho \u00e9 um, assim tamb\u00e9m o Esp\u00edrito \u00e9 um. Aquele que \u00e9 superior \u00e0 cria\u00e7\u00e3o, santifica aqueles que s\u00e3o santificados em vista da paz e do amor de todos. O Esp\u00edrito enche os anjos, os arcanjos, santifica as potestades, vivifica tudo. Ele se d\u00e1 em diversas formas na cria\u00e7\u00e3o, sem jamais resultar diminu\u00eddo. Como o sol ilumina os corpos e se d\u00e1 a eles em modo diverso sem que por isso resulte diminu\u00eddo, da mesma forma ocorre ao Esp\u00edrito, o qual concede a todos a sua gra\u00e7a, permanecendo intato e indiviso. Ilumina todos ao conhecimento de Deus, entusiasma os profetas, torna s\u00e1bios os legisladores, consagra os sacerdotes, consolida os reis, aperfei\u00e7oa os justos, alarga o dom da santifica\u00e7\u00e3o, ressuscita os mortos, liberta os prisioneiros e torna filhos os estrangeiros.<\/p>\n<p style=\"text-align: justify\">\u00a0\u00a0\u00a0\u00a0\u00a0\u00a0\u00a0\u00a0\u00a0\u00a0\u00a0 Santo Agostinho, bispo dos s\u00e9culos IV e V, tinha presentes que o Esp\u00edrito Santo geme em n\u00f3s, fazendo-se entender assim que somos peregrinos, nos ensina a suspirar para a p\u00e1tria celeste, e por isso o desejo nos faz gemer, gritar. Aquele que conhece o peso oprimido da natureza mortal e sabe ser peregrino neste mundo, rumo ao Senhor e que tem a consci\u00eancia de n\u00e3o possuir ainda a bem-aventuran\u00e7a eterna que lhe foi prometida, mas a ter\u00e1 quando Senhor vier na sua gl\u00f3ria, ver\u00e1 na luz da sua gl\u00f3ria, Aquele que sabe tudo disso, por que desejou a gra\u00e7a do Esp\u00edrito. \u00c9 o Esp\u00edrito que lhe ensina a gemer, da pomba aprendeu a gemer. N\u00f3s devemos gemer no Esp\u00edrito por Deus, na alegria e no amor.<\/p>\n<p style=\"text-align: justify\">\u00a0\u00a0\u00a0\u00a0\u00a0\u00a0\u00a0\u00a0\u00a0\u00a0\u00a0 Pentecostes \u00e9 a descida do Esp\u00edrito Santo sobre os ap\u00f3stolos e sobre toda a Igreja. Vivamos os dons do Esp\u00edrito Santo a servi\u00e7o dos outros, do Reino de Deus e para a gl\u00f3ria de Deus Uno e Trino.<\/p>\n","protected":false},"excerpt":{"rendered":"<p>Dom Vital Corbellini Bispo de Marab\u00e1 (PA) &nbsp; \u00a0\u00a0\u00a0\u00a0\u00a0\u00a0\u00a0\u00a0\u00a0\u00a0\u00a0 Estamos pr\u00f3ximos do domingo de Pentecostes onde celebraremos a descida do Esp\u00edrito Santo sobre os Ap\u00f3stolos, transformando-os em testemunhas da ressurrei\u00e7\u00e3o de Jesus Cristo. Ele \u00e9 o amor do Pai e do Filho. Reflitamos a sua a\u00e7\u00e3o na Igreja e no mundo a partir de alguns &hellip;<\/p>\n<p class=\"read-more\"> <a class=\"\" href=\"https:\/\/www.cnbb.org.br\/o-espirito-santo-na-missao-da-igreja-e-no-mundo\/\"> <span class=\"screen-reader-text\">O Esp\u00edrito Santo na miss\u00e3o da Igreja e no mundo<\/span> Leia mais &raquo;<\/a><\/p>\n","protected":false},"author":16,"featured_media":0,"comment_status":"closed","ping_status":"open","sticky":false,"template":"","format":"standard","meta":{"site-sidebar-layout":"default","site-content-layout":"default","ast-global-header-display":"","ast-banner-title-visibility":"","ast-main-header-display":"","ast-hfb-above-header-display":"","ast-hfb-below-header-display":"","ast-hfb-mobile-header-display":"","site-post-title":"","ast-breadcrumbs-content":"","ast-featured-img":"","footer-sml-layout":"","theme-transparent-header-meta":"","adv-header-id-meta":"","stick-header-meta":"","header-above-stick-meta":"","header-main-stick-meta":"","header-below-stick-meta":""},"categories":[758],"tags":[],"acf":[],"_links":{"self":[{"href":"https:\/\/www.cnbb.org.br\/cnbb-app\/wp\/v2\/posts\/239685"}],"collection":[{"href":"https:\/\/www.cnbb.org.br\/cnbb-app\/wp\/v2\/posts"}],"about":[{"href":"https:\/\/www.cnbb.org.br\/cnbb-app\/wp\/v2\/types\/post"}],"author":[{"embeddable":true,"href":"https:\/\/www.cnbb.org.br\/cnbb-app\/wp\/v2\/users\/16"}],"replies":[{"embeddable":true,"href":"https:\/\/www.cnbb.org.br\/cnbb-app\/wp\/v2\/comments?post=239685"}],"version-history":[{"count":0,"href":"https:\/\/www.cnbb.org.br\/cnbb-app\/wp\/v2\/posts\/239685\/revisions"}],"wp:attachment":[{"href":"https:\/\/www.cnbb.org.br\/cnbb-app\/wp\/v2\/media?parent=239685"}],"wp:term":[{"taxonomy":"category","embeddable":true,"href":"https:\/\/www.cnbb.org.br\/cnbb-app\/wp\/v2\/categories?post=239685"},{"taxonomy":"post_tag","embeddable":true,"href":"https:\/\/www.cnbb.org.br\/cnbb-app\/wp\/v2\/tags?post=239685"}],"curies":[{"name":"wp","href":"https:\/\/api.w.org\/{rel}","templated":true}]}}