{"id":239689,"date":"2020-05-29T11:18:05","date_gmt":"2020-05-29T14:18:05","guid":{"rendered":"https:\/\/www.cnbb.org.br\/?p=239689"},"modified":"2020-09-08T14:08:52","modified_gmt":"2020-09-08T17:08:52","slug":"vale-de-lagrimas","status":"publish","type":"post","link":"https:\/\/www.cnbb.org.br\/vale-de-lagrimas\/","title":{"rendered":"Vale de l\u00e1grimas"},"content":{"rendered":"<p style=\"text-align: right\"><strong>Dom Genival Saraiva<\/strong><br \/>\n<strong>Bispo Em\u00e9rito de Palmares (PE)<\/strong><\/p>\n<p style=\"text-align: justify\">\n<p style=\"text-align: justify\">Dentre as muitas preces que falam ao cora\u00e7\u00e3o das pessoas, que alimentam a f\u00e9 crist\u00e3 e que revelam a devo\u00e7\u00e3o mariana dos cat\u00f3licos est\u00e1 a Salve Rainha. Milh\u00f5es de cat\u00f3licos a rezam, diariamente, no final da ora\u00e7\u00e3o do Ter\u00e7o. Fundamentados na doutrina da Igreja, os cat\u00f3licos enxergam Maria como M\u00e3e de miseric\u00f3rdia; por isso, na condi\u00e7\u00e3o de filhos degredados, a invocam em sua vida terrestre; como peregrinos, a ela recorrem \u201cneste vale de l\u00e1grimas\u201d. Ao se dirigirem, dessa maneira, \u00e0 Virgem Maria, confiantes, os cat\u00f3licos suplicam o seu olhar misericordioso, em face da realidade do sofrimento, da dor, do choro, da l\u00e1grima na vida dos seres humanos. Pedem-lhe que, terminado o seu desterro, lhes mostre Jesus, Filho bendito de seu ventre. Esta ora\u00e7\u00e3o foi composta por um Monge Beneditino, Beato Hermann Contractus (1013-1054), que, nascendo com paralisia infantil, \u201ctinha grandes dificuldades para se movimentar e mal podia falar. Aos sete, foi colocado num mosteiro beneditino por seus pais, que n\u00e3o conseguiam mais cuidar dele.\u201d \u201cHermann, ent\u00e3o, cresceu no mosteiro e, rapidamente, descobriu que, apesar de seu corpo estar paralisado, sua mente funcionava extraordinariamente bem. Ele se transformou em um estudioso da astronomia, teologia, matem\u00e1tica, hist\u00f3ria e poesia. [&#8230;] Mas era ainda mais not\u00e1vel na sua gentil disposi\u00e7\u00e3o e na sua devota vida interior. Tinha uma grande alegria e, apesar dos seus defeitos f\u00edsicos, sempre sorria. Mais tarde, ficou cego. Foi ent\u00e3o quando come\u00e7ou a compor. Sua mente e seu cora\u00e7\u00e3o estavam ardendo como o amor de Deus, o que o inspirou a criar alguns dos hinos e ora\u00e7\u00f5es mais conhecidos de todos os tempos.\u201d Um dado de natureza hist\u00f3rica e a experi\u00eancia pessoal da dor e do sofrimento levaram o Monge Hermano a fazer esta ora\u00e7\u00e3o: \u201cNaquela \u00e9poca, a Europa central passava por calamidades naturais, epidemias, mis\u00e9ria, fome e a amea\u00e7a cont\u00ednua dos povos n\u00f4mades do Leste, que invadiam os povoados, saqueando-os e matando. Frei Contractus nascera raqu\u00edtico e disforme e, na idade adulta, andava e escrevia com dificuldade. Foi nesta situa\u00e7\u00e3o que criou esta prece, mesclando sofrimento e esperan\u00e7a.\u201d S\u00e3o Bernardo (1090-1153), foi uma das primeiras pessoas a invocar Maria como \u201cNossa Senhora\u201d. \u201cSegundo a tradi\u00e7\u00e3o, certa vez, ao escutar seus irm\u00e3os cantarem a Salve Regina, seu cora\u00e7\u00e3o irrompeu em \u00eaxtase, ao que surgiu a tr\u00edplice exclama\u00e7\u00e3o que hoje coroa esta ora\u00e7\u00e3o: \u2018\u00d3 clemente, \u00f3 piedosa, \u00f3 doce Virgem Maria\u2019.\u201d<\/p>\n<p style=\"text-align: justify\">Todas pessoas que rezam a Salve Rainha sabem que sua vida cotidiana conhece o vale de l\u00e1grimas \u201c\u00c9 por isso que o grito crist\u00e3o que se dirige a Deus, por interm\u00e9dio da Virgem Maria, neste \u2018vale de l\u00e1grimas\u2019 que \u00e9 a vida humana, mais do que express\u00e3o de algu\u00e9m resignado \u00e0 sua sorte, \u00e9, antes, o reconhecimento de que apenas Deus pode, verdadeiramente, resolver as l\u00e1grimas humanas \u2013 nossas e de tantos que vivem conosco.\u201d Hoje, seguramente, a ora\u00e7\u00e3o silenciosa de cada pessoa est\u00e1 revelando seu estado de esp\u00edrito, seu sentimento, nesse momento angustiante vivido pela humanidade, ante a devastadora pandemia do novo coronavirus. O Papa Francisco, por seu exemplo e seu ensinamento, ajuda as pessoas a se colocarem diante desse grave problema, em atitude de ora\u00e7\u00e3o. Em ora\u00e7\u00f5es que coloca no cora\u00e7\u00e3o dos crist\u00e3os, nesse contexto de pandemia, e, particularmente, nos l\u00e1bios dos cat\u00f3licos, em sua ora\u00e7\u00e3o comunit\u00e1ria, o Papa testemunha aquilo que as pessoas sabem e experimentam: a ora\u00e7\u00e3o, em qualquer situa\u00e7\u00e3o, n\u00e3o est\u00e1 \u201calheia aos angustiantes sofrimentos da humanidade\u201d. Com essa certeza, reza o Papa, rezam os crist\u00e3os cat\u00f3licos, no m\u00eas de maio: \u201cNa dram\u00e1tica situa\u00e7\u00e3o atual, carregada de sofrimentos e ang\u00fastias que oprimem o mundo inteiro, recorremos a V\u00f3s, M\u00e3e de Deus e nossa M\u00e3e, refugiando-nos sob a vossa prote\u00e7\u00e3o. \u00d3 Virgem Maria, volvei para n\u00f3s os vossos olhos misericordiosos nesta pandemia do coronav\u00edrus e confortai a quantos se sentem perdidos e choram pelos seus familiares mortos e, por vezes, sepultados duma maneira que fere a alma. Sustentai aqueles que est\u00e3o angustiados por pessoas enfermas de quem n\u00e3o se podem aproximar, para impedir o cont\u00e1gio. Infundi confian\u00e7a em quem vive ansioso com o futuro incerto e as consequ\u00eancias sobre a economia e o trabalho. [&#8230;] Protegei os m\u00e9dicos, os enfermeiros, os agentes de sa\u00fade, os volunt\u00e1rios que, neste per\u00edodo de emerg\u00eancia, est\u00e3o na vanguarda arriscando a pr\u00f3pria vida para salvar outras vidas. Acompanhai a sua fadiga heroica e dai-lhes for\u00e7a, bondade e sa\u00fade. Permanecei junto daqueles que assistem noite e dia os doentes, e dos sacerdotes que procuram ajudar e apoiar a todos, com solicitude pastoral e dedica\u00e7\u00e3o evang\u00e9lica.\u201d Confiante na solid\u00e1ria e materna intercess\u00e3o de Maria, o Papa antev\u00ea o fim da pandemia, na sua ora\u00e7\u00e3o: \u201cV\u00f3s, Salva\u00e7\u00e3o do Povo Romano, sabeis do que precisamos e temos a certeza de que no-lo providenciareis para que, como em Can\u00e1 da Galileia, possa voltar a alegria e a festa depois desta prova\u00e7\u00e3o.\u201d<\/p>\n<p style=\"text-align: justify\">\u00a0\u00a0\u00a0\u00a0\u00a0\u00a0\u00a0\u00a0\u00a0\u00a0\u00a0 Em se tratando de pandemia presente em cerca de 231 pa\u00edses, o Covid-19 tornou o mundo um \u201cvale de l\u00e1grimas\u201d porque milh\u00f5es de pessoas, de fato, est\u00e3o derramando l\u00e1grimas, porque foram infectadas ou porque familiares e amigos seus est\u00e3o entre os mais de 330.000 mortos.<\/p>\n<p>&nbsp;<\/p>\n<p>&nbsp;    \t<\/p>\n","protected":false},"excerpt":{"rendered":"<p>Dom Genival Saraiva Bispo Em\u00e9rito de Palmares (PE) Dentre as muitas preces que falam ao cora\u00e7\u00e3o das pessoas, que alimentam a f\u00e9 crist\u00e3 e que revelam a devo\u00e7\u00e3o mariana dos cat\u00f3licos est\u00e1 a Salve Rainha. Milh\u00f5es de cat\u00f3licos a rezam, diariamente, no final da ora\u00e7\u00e3o do Ter\u00e7o. Fundamentados na doutrina da Igreja, os cat\u00f3licos enxergam &hellip;<\/p>\n<p class=\"read-more\"> <a class=\"\" href=\"https:\/\/www.cnbb.org.br\/vale-de-lagrimas\/\"> <span class=\"screen-reader-text\">Vale de l\u00e1grimas<\/span> Leia mais &raquo;<\/a><\/p>\n","protected":false},"author":59,"featured_media":0,"comment_status":"closed","ping_status":"open","sticky":false,"template":"","format":"standard","meta":{"site-sidebar-layout":"default","site-content-layout":"default","ast-global-header-display":"","ast-banner-title-visibility":"","ast-main-header-display":"","ast-hfb-above-header-display":"","ast-hfb-below-header-display":"","ast-hfb-mobile-header-display":"","site-post-title":"","ast-breadcrumbs-content":"","ast-featured-img":"","footer-sml-layout":"","theme-transparent-header-meta":"","adv-header-id-meta":"","stick-header-meta":"","header-above-stick-meta":"","header-main-stick-meta":"","header-below-stick-meta":""},"categories":[758],"tags":[],"acf":[],"_links":{"self":[{"href":"https:\/\/www.cnbb.org.br\/cnbb-app\/wp\/v2\/posts\/239689"}],"collection":[{"href":"https:\/\/www.cnbb.org.br\/cnbb-app\/wp\/v2\/posts"}],"about":[{"href":"https:\/\/www.cnbb.org.br\/cnbb-app\/wp\/v2\/types\/post"}],"author":[{"embeddable":true,"href":"https:\/\/www.cnbb.org.br\/cnbb-app\/wp\/v2\/users\/59"}],"replies":[{"embeddable":true,"href":"https:\/\/www.cnbb.org.br\/cnbb-app\/wp\/v2\/comments?post=239689"}],"version-history":[{"count":0,"href":"https:\/\/www.cnbb.org.br\/cnbb-app\/wp\/v2\/posts\/239689\/revisions"}],"wp:attachment":[{"href":"https:\/\/www.cnbb.org.br\/cnbb-app\/wp\/v2\/media?parent=239689"}],"wp:term":[{"taxonomy":"category","embeddable":true,"href":"https:\/\/www.cnbb.org.br\/cnbb-app\/wp\/v2\/categories?post=239689"},{"taxonomy":"post_tag","embeddable":true,"href":"https:\/\/www.cnbb.org.br\/cnbb-app\/wp\/v2\/tags?post=239689"}],"curies":[{"name":"wp","href":"https:\/\/api.w.org\/{rel}","templated":true}]}}