{"id":239771,"date":"2020-06-01T11:00:50","date_gmt":"2020-06-01T14:00:50","guid":{"rendered":"https:\/\/www.cnbb.org.br\/?p=239771"},"modified":"2020-09-08T14:08:49","modified_gmt":"2020-09-08T17:08:49","slug":"enviai-o-vosso-espirito-e-renovareis-a-face-da-terra","status":"publish","type":"post","link":"https:\/\/www.cnbb.org.br\/enviai-o-vosso-espirito-e-renovareis-a-face-da-terra\/","title":{"rendered":"Enviai o vosso Esp\u00edrito e renovareis a face da Terra!"},"content":{"rendered":"<p style=\"text-align: right\"><strong>Dom Gil Ant\u00f4nio Moreira<\/strong><br \/>\n<strong>Arcebispo de Juiz de Fora<\/strong><\/p>\n<p style=\"text-align: justify\"><strong>\u00a0<\/strong><\/p>\n<p style=\"text-align: justify\">Durante as duas \u00faltimas semanas do Tempo Pascal, lemos, na liturgia, o grande di\u00e1logo de Jesus com os Ap\u00f3stolos, nas v\u00e9speras de sua paix\u00e3o, registrado por S\u00e3o Jo\u00e3o nos cap\u00edtulos de 13 a 17 de seu evangelho. Tudo tem car\u00e1ter de despedida que traz para os disc\u00edpulos, ainda fr\u00e1geis na compreens\u00e3o dos mist\u00e9rios de Cristo, um ar de tristeza, de medo, de preocupa\u00e7\u00f5es.<\/p>\n<p style=\"text-align: justify\">Na \u00faltima semana, at\u00e9 o 7\u00ba s\u00e1bado, a Igreja nos apresenta textos finais das escrituras do Novo Testamento, encerrando todo o rito pascal com o \u00faltimo cap\u00edtulo do evangelho joanino, onde o Senhor Ressuscitado dialoga com Pedro sobre o amor e seu rebanho, e com Jo\u00e3o sobre a <em>parusia<\/em>. Tamb\u00e9m a primeira leitura daquele dia apresenta a conclus\u00e3o liter\u00e1ria dos Atos dos Ap\u00f3stolos, com a a\u00e7\u00e3o mission\u00e1ria de Paulo, mesmo acorrentado, em pris\u00e3o domiciliar na cidade de Roma.<\/p>\n<p style=\"text-align: justify\">Por\u00e9m, no dia de Pentecostes, tudo se d\u00e1, em certo sentido, ao contr\u00e1rio. As leituras nos falam de um tempo novo, feliz, vitorioso, alegre. O medo d\u00e1 lugar \u00e0 coragem, a tibieza ao \u00e2nimo, a fraqueza a uma inexplic\u00e1vel for\u00e7a interior. Espl\u00eandida luz vem do alto, o fogo do amor de Deus lhes penetra a alma, um vento impetuoso lhes traz refrig\u00e9rio e os impulsiona com sua for\u00e7a. \u00c9 o Esp\u00edrito Santo que lhes preenche o ser. As portas do cen\u00e1culo se abrem, os disc\u00edpulos saem exultando de alegria e anunciam, destemidamente, a boa nova do Evangelho, o <em>kerigma<\/em>, diante das autoridades que haviam condenado a Cristo:\u00a0<em>aquele que conduz \u00e0 vida, v\u00f3s o matastes, mas Deus o ressuscitou dos mortos, e disso n\u00f3s somos testemunhas! <\/em>(Atos 3, 15).<em>\u00a0<\/em>\u00c9 o grande an\u00fancio dos tempos novos, onde as for\u00e7as da morte perdem sua pot\u00eancia, e a vida vence.<\/p>\n<p style=\"text-align: justify\">Nasce a Igreja mission\u00e1ria. Com ela est\u00e1 Maria, aquela que esteve com o Senhor desde o momento da encarna\u00e7\u00e3o, na vida p\u00fablica, na paix\u00e3o, e agora n\u00e3o poderia deixar de estar na ressurrei\u00e7\u00e3o e em Pentecostes. Ela sabe bem quem \u00e9 o Esp\u00edrito Santo, pois Ele a tomara por esposa (Cf. Lc 1,35).<\/p>\n<p style=\"text-align: justify\">Estamos, neste ano, vivendo no mundo inteiro um tempo de preocupa\u00e7\u00f5es, de cuidados extraordin\u00e1rios, nunca antes experimentados por n\u00f3s. Medo e sofrimento por tantas perdas de vidas e por perigo de inesperada contamina\u00e7\u00e3o s\u00e3o experimentados por toda parte.<\/p>\n<p style=\"text-align: justify\">Por\u00e9m, uma nova luz j\u00e1 se levanta. A pandemia vai sendo vencida e em muitas partes do mundo ela j\u00e1 deu lugar \u00e0 liberdade, ao menos parcial, como na It\u00e1lia, onde as igrejas j\u00e1 est\u00e3o abertas e as liturgias presenciais j\u00e1 iniciaram seu curso, embora ainda com muitas restri\u00e7\u00f5es.<\/p>\n<p style=\"text-align: justify\">Tamb\u00e9m, entre n\u00f3s, isso acontecer\u00e1 em breve, pela gra\u00e7a e for\u00e7a do Esp\u00edrito Santo que celebramos. Nosso cora\u00e7\u00e3o j\u00e1 se inflama como o dos disc\u00edpulos de Ema\u00fas e j\u00e1 se alegra como o dos Ap\u00f3stolos, fechados ainda no cen\u00e1culo naquela hora ter\u00e7a, da manh\u00e3 de Pentecostes, na expectativa do momento exato da miss\u00e3o.<\/p>\n<p style=\"text-align: justify\">\u00c0 semelhan\u00e7a deles, temos que aguardar o momento, em nosso Brasil, pois ainda corremos perigo, e o que nos salva s\u00e3o o isolamento social, a higiene frequent\u00edssima das m\u00e3os, o \u00e1lcool gel e as m\u00e1scaras. Mas a hora da gra\u00e7a j\u00e1 se aproxima. Aguardemos o instante da alegria, pois n\u00e3o tardar\u00e1. Nossos olhos est\u00e3o fixos no c\u00e9u, e cremos em tempos novos. Por isso, rezamos com convic\u00e7\u00e3o:\u00a0<em>Enviai o vosso Esp\u00edrito, Senhor, e renovareis a face da Terra!<\/em><\/p>\n<p>&nbsp;<\/p>\n<p>&nbsp;    \t<\/p>\n","protected":false},"excerpt":{"rendered":"<p>Dom Gil Ant\u00f4nio Moreira Arcebispo de Juiz de Fora \u00a0 Durante as duas \u00faltimas semanas do Tempo Pascal, lemos, na liturgia, o grande di\u00e1logo de Jesus com os Ap\u00f3stolos, nas v\u00e9speras de sua paix\u00e3o, registrado por S\u00e3o Jo\u00e3o nos cap\u00edtulos de 13 a 17 de seu evangelho. Tudo tem car\u00e1ter de despedida que traz para &hellip;<\/p>\n<p class=\"read-more\"> <a class=\"\" href=\"https:\/\/www.cnbb.org.br\/enviai-o-vosso-espirito-e-renovareis-a-face-da-terra\/\"> <span class=\"screen-reader-text\">Enviai o vosso Esp\u00edrito e renovareis a face da Terra!<\/span> Leia mais &raquo;<\/a><\/p>\n","protected":false},"author":12,"featured_media":0,"comment_status":"closed","ping_status":"open","sticky":false,"template":"","format":"standard","meta":{"site-sidebar-layout":"default","site-content-layout":"default","ast-global-header-display":"","ast-banner-title-visibility":"","ast-main-header-display":"","ast-hfb-above-header-display":"","ast-hfb-below-header-display":"","ast-hfb-mobile-header-display":"","site-post-title":"","ast-breadcrumbs-content":"","ast-featured-img":"","footer-sml-layout":"","theme-transparent-header-meta":"","adv-header-id-meta":"","stick-header-meta":"","header-above-stick-meta":"","header-main-stick-meta":"","header-below-stick-meta":""},"categories":[758],"tags":[],"acf":[],"_links":{"self":[{"href":"https:\/\/www.cnbb.org.br\/cnbb-app\/wp\/v2\/posts\/239771"}],"collection":[{"href":"https:\/\/www.cnbb.org.br\/cnbb-app\/wp\/v2\/posts"}],"about":[{"href":"https:\/\/www.cnbb.org.br\/cnbb-app\/wp\/v2\/types\/post"}],"author":[{"embeddable":true,"href":"https:\/\/www.cnbb.org.br\/cnbb-app\/wp\/v2\/users\/12"}],"replies":[{"embeddable":true,"href":"https:\/\/www.cnbb.org.br\/cnbb-app\/wp\/v2\/comments?post=239771"}],"version-history":[{"count":0,"href":"https:\/\/www.cnbb.org.br\/cnbb-app\/wp\/v2\/posts\/239771\/revisions"}],"wp:attachment":[{"href":"https:\/\/www.cnbb.org.br\/cnbb-app\/wp\/v2\/media?parent=239771"}],"wp:term":[{"taxonomy":"category","embeddable":true,"href":"https:\/\/www.cnbb.org.br\/cnbb-app\/wp\/v2\/categories?post=239771"},{"taxonomy":"post_tag","embeddable":true,"href":"https:\/\/www.cnbb.org.br\/cnbb-app\/wp\/v2\/tags?post=239771"}],"curies":[{"name":"wp","href":"https:\/\/api.w.org\/{rel}","templated":true}]}}