{"id":239779,"date":"2020-06-01T11:15:20","date_gmt":"2020-06-01T14:15:20","guid":{"rendered":"https:\/\/www.cnbb.org.br\/?p=239779"},"modified":"2020-09-08T14:08:49","modified_gmt":"2020-09-08T17:08:49","slug":"e-a-humanidade-que-precisa-mudar","status":"publish","type":"post","link":"https:\/\/www.cnbb.org.br\/e-a-humanidade-que-precisa-mudar\/","title":{"rendered":"\u00c9 a humanidade que precisa mudar"},"content":{"rendered":"<p style=\"text-align: right\"><strong>Dom Jo\u00e3o Justino de Medeiros Silva<\/strong><br \/>\n<strong>Arcebispo de Montes Claros<\/strong><\/p>\n<p style=\"text-align: justify\"><strong>\u00a0<\/strong><\/p>\n<p style=\"text-align: justify\">\u00a0\u00a0\u00a0\u00a0\u00a0\u00a0\u00a0\u00a0\u00a0\u00a0\u00a0 Quando se vive em tempos de pandemia colhe-se a oportunidade de muitas releituras e revis\u00f5es. A interrup\u00e7\u00e3o do ritmo fren\u00e9tico da sociedade contempor\u00e2nea parece impor a necessidade de rever o tipo de sociedade que est\u00e1vamos a construir. \u00c9 hora fecunda de conversarmos sobre o presente desafiador e buscarmos novas perspectivas: para onde queremos ir? O que, realmente, \u00e9 importante para a vida digna das pessoas? Que demandas de mudan\u00e7as est\u00e3o a nos incomodar? Como, pessoalmente, contribuirei para um futuro diferente, marcado pela maturidade de quem superou os desafios de uma grave pandemia?<\/p>\n<p style=\"text-align: justify\">\u00a0\u00a0\u00a0\u00a0\u00a0\u00a0\u00a0\u00a0\u00a0\u00a0\u00a0 \u00a0 Busco inspira\u00e7\u00e3o no ensino do Papa Francisco, em sua Carta Enc\u00edclica Laudato si\u2019, sobre o Cuidado da Casa Comum, publicada h\u00e1 cinco anos, em 24 de maio de 2015. Ao iniciar o cap\u00edtulo VI, \u201cEduca\u00e7\u00e3o e Espiritualidade Ecol\u00f3gicas\u201d, Francisco afirma: \u201cMuitas coisas devem reajustar o pr\u00f3prio rumo, mas antes de tudo \u00e9 a humanidade que precisa de mudar\u201d. Essa afirma\u00e7\u00e3o poderia passar despercebida. N\u00e3o porque diz algo comum, mas sim porque traz o inc\u00f4modo de uma verdade que relutamos por aceitar. E, por isso, tapamos os ouvidos e vedamos os olhos para n\u00e3o termos de nos submeter a mudan\u00e7as que n\u00e3o desejamos e que, portanto, desinstalam.<\/p>\n<p style=\"text-align: justify\">\u00a0\u00a0\u00a0\u00a0\u00a0\u00a0\u00a0\u00a0\u00a0\u00a0\u00a0 Talvez uma das mudan\u00e7as mais exigentes apontadas pelo papa argentino seja a necessidade de um outro estilo de vida. O paradigma tecno-econ\u00f4mico, associado \u00e0 sociedade de mercado, ejetou o desejo de possuir e consumir presente no cora\u00e7\u00e3o humano. As crian\u00e7as, ainda bem pequeninas, assimilam que \u00e9 bom possuir bens, que por sua vez precisam ser comprados e, para tal, \u00e9 preciso ter dinheiro. N\u00e3o sabem, ainda, da import\u00e2ncia do trabalho, mas s\u00e3o capturadas pelo brilho das mercadorias. Entendem, logo, que h\u00e1 sempre um \u201cnovo\u201d depois do descarte do \u201cvelho\u201d e \u201cusado\u201d. N\u00e3o h\u00e1 uma cr\u00edtica que os ajude a perceber que o mercado opera pela lei da sedu\u00e7\u00e3o, com discursos para todas as idades e situa\u00e7\u00f5es. As crian\u00e7as aprendem a ser consumistas e este aprendizado denota que elas est\u00e3o inseridas numa sociedade e cultura consumistas.<\/p>\n<p style=\"text-align: justify\">\u00a0\u00a0\u00a0\u00a0\u00a0\u00a0\u00a0\u00a0\u00a0\u00a0\u00a0 N\u00e3o ser\u00e1 simples para a humanidade a escolha de um outro estilo de vida. Aqui e acol\u00e1 ocorrem transforma\u00e7\u00f5es dr\u00e1sticas por raz\u00f5es diversas. \u201cN\u00e3o pensemos s\u00f3 na possibilidade de terr\u00edveis fen\u00f4menos clim\u00e1ticos ou de grandes desastres naturais, mas tamb\u00e9m nas cat\u00e1strofes resultantes de crises sociais, porque a obsess\u00e3o por um estilo de vida consumista, sobretudo, quando poucos t\u00eam possibilidades de o manter, s\u00f3 poder\u00e1 provocar viol\u00eancia e destrui\u00e7\u00e3o rec\u00edproca\u201d (Laudato si\u2019, 204). Trabalhar pela supera\u00e7\u00e3o das desigualdades sociais tem rela\u00e7\u00f5es profundas com o evangelho de Jesus Cristo. E aqui est\u00e1 um dos valores mais importantes do Evangelho: a proposi\u00e7\u00e3o de uma vida simples, voltada para o agir solid\u00e1rio e para a comunh\u00e3o fraterna.<\/p>\n<p style=\"text-align: justify\">Descubra quais mudan\u00e7as voc\u00ea precisa viver. Creio que um dos efeitos da pandemia para as pessoas poder\u00e1 ser a abertura de um espa\u00e7o interior, em que cada um ter\u00e1 a chance de perceber que se pode viver com qualidade de modo mais s\u00f3brio, que o \u00f3cio tem seu lado criativo, que se pode aprender com a falta, que h\u00e1 mais alegria em ser solid\u00e1rio do que em acumular para si, que tudo passa e que s\u00f3 o amor pode permanecer.<\/p>\n<p>&nbsp;    \t<\/p>\n","protected":false},"excerpt":{"rendered":"<p>Dom Jo\u00e3o Justino de Medeiros Silva Arcebispo de Montes Claros \u00a0 \u00a0\u00a0\u00a0\u00a0\u00a0\u00a0\u00a0\u00a0\u00a0\u00a0\u00a0 Quando se vive em tempos de pandemia colhe-se a oportunidade de muitas releituras e revis\u00f5es. A interrup\u00e7\u00e3o do ritmo fren\u00e9tico da sociedade contempor\u00e2nea parece impor a necessidade de rever o tipo de sociedade que est\u00e1vamos a construir. \u00c9 hora fecunda de conversarmos sobre &hellip;<\/p>\n<p class=\"read-more\"> <a class=\"\" href=\"https:\/\/www.cnbb.org.br\/e-a-humanidade-que-precisa-mudar\/\"> <span class=\"screen-reader-text\">\u00c9 a humanidade que precisa mudar<\/span> Leia mais &raquo;<\/a><\/p>\n","protected":false},"author":64,"featured_media":0,"comment_status":"closed","ping_status":"open","sticky":false,"template":"","format":"standard","meta":{"site-sidebar-layout":"default","site-content-layout":"default","ast-global-header-display":"","ast-banner-title-visibility":"","ast-main-header-display":"","ast-hfb-above-header-display":"","ast-hfb-below-header-display":"","ast-hfb-mobile-header-display":"","site-post-title":"","ast-breadcrumbs-content":"","ast-featured-img":"","footer-sml-layout":"","theme-transparent-header-meta":"","adv-header-id-meta":"","stick-header-meta":"","header-above-stick-meta":"","header-main-stick-meta":"","header-below-stick-meta":""},"categories":[758],"tags":[],"acf":[],"_links":{"self":[{"href":"https:\/\/www.cnbb.org.br\/cnbb-app\/wp\/v2\/posts\/239779"}],"collection":[{"href":"https:\/\/www.cnbb.org.br\/cnbb-app\/wp\/v2\/posts"}],"about":[{"href":"https:\/\/www.cnbb.org.br\/cnbb-app\/wp\/v2\/types\/post"}],"author":[{"embeddable":true,"href":"https:\/\/www.cnbb.org.br\/cnbb-app\/wp\/v2\/users\/64"}],"replies":[{"embeddable":true,"href":"https:\/\/www.cnbb.org.br\/cnbb-app\/wp\/v2\/comments?post=239779"}],"version-history":[{"count":0,"href":"https:\/\/www.cnbb.org.br\/cnbb-app\/wp\/v2\/posts\/239779\/revisions"}],"wp:attachment":[{"href":"https:\/\/www.cnbb.org.br\/cnbb-app\/wp\/v2\/media?parent=239779"}],"wp:term":[{"taxonomy":"category","embeddable":true,"href":"https:\/\/www.cnbb.org.br\/cnbb-app\/wp\/v2\/categories?post=239779"},{"taxonomy":"post_tag","embeddable":true,"href":"https:\/\/www.cnbb.org.br\/cnbb-app\/wp\/v2\/tags?post=239779"}],"curies":[{"name":"wp","href":"https:\/\/api.w.org\/{rel}","templated":true}]}}