{"id":239781,"date":"2020-06-01T11:21:37","date_gmt":"2020-06-01T14:21:37","guid":{"rendered":"https:\/\/www.cnbb.org.br\/?p=239781"},"modified":"2020-09-08T14:08:49","modified_gmt":"2020-09-08T17:08:49","slug":"tempo-o-que-aprendemos-com-ele","status":"publish","type":"post","link":"https:\/\/www.cnbb.org.br\/tempo-o-que-aprendemos-com-ele\/","title":{"rendered":"Tempo: o que aprendemos com ele?"},"content":{"rendered":"<p style=\"text-align: right\"><strong>Dom Luiz Antonio Lopes Ricci<br \/>\nBispo de Nova Friburgo<\/strong><\/p>\n<p style=\"text-align: justify\">\n<p style=\"text-align: justify\">Os Tempos Lit\u00fargicos est\u00e3o fortemente inseridos no tempo cronol\u00f3gico para que, celebrando os Mist\u00e9rios de Cristo, possamos nos santificar, melhorar nosso ser, nutrir e aumentar a nossa f\u00e9, dar sentido novo \u00e0 nossa exist\u00eancia terrena, produzir bons frutos e crescer no Amor, sempre \u00e0 luz de Cristo, nosso Salvador e Senhor do tempo e da hist\u00f3ria. O dram\u00e1tico e triste tempo da pandemia, coincidiu com Tempos Lit\u00fargicos de abundantes Gra\u00e7as, de convers\u00e3o, penit\u00eancia, dor, vit\u00f3ria, alegria, Ressurrei\u00e7\u00e3o, esperan\u00e7a e vida nova, com os quais estamos conseguindo enfrentar de modo mais sereno esse dif\u00edcil tempo, com a consci\u00eancia de que \u201cnada poder\u00e1 nos separar do Amor de Deus e que \u201ctudo contribui para o bem daqueles que amam a Deus\u201d.<\/p>\n<p style=\"text-align: justify\">No dia 26 de fevereiro iniciamos o Tempo da Quaresma com a Campanha da Fraternidade 2020 que apresentou o tema da vida, como \u201cdom e compromisso\u201d, e o lema \u201cviu, sentiu compaix\u00e3o e cuidou\u201d. Vinte dias ap\u00f3s, em 17 de mar\u00e7o, no meio do itiner\u00e1rio quaresmal, iniciamos, por conta da pandemia, o tempo de quarentena e isolamento social, sem participa\u00e7\u00e3o presencial na Santa Missa. Celebramos com dor e esperan\u00e7a a Semana Santa e a P\u00e1scoa do Senhor, tamb\u00e9m em quarentena. Hoje, estamos encerrando o Tempo Pascal com a Solenidade de Pentecostes, ainda em isolamento e distanciamento social. Portanto, metade da Quaresma, Semana Santa e Tempo Pascal sem poder participar presencialmente da Santa Missa, visitar, abra\u00e7ar, conviver, trabalhar&#8230; Amanh\u00e3, voltaremos ao Tempo Comum, com esperan\u00e7a certamente renovada e fortalecida, n\u00e3o obstante o cansa\u00e7o e as incertezas. Embora n\u00e3o tenhamos passado pelo Tempo Lit\u00fargico do Advento, esse per\u00edodo de pandemia foi certamente inundado pelo sentido profundo da espera vigilante e contributiva, associada \u00e0 certeza do advento (chegada) de um novo tempo, que est\u00e1 sendo gestado no \u00datero de Deus.<\/p>\n<p style=\"text-align: justify\">Durante esse per\u00edodo de quase 80 dias, o que vivenciamos? Medo, inseguran\u00e7a, incertezas, ansiedade, preocupa\u00e7\u00e3o? Aceita\u00e7\u00e3o, esperan\u00e7a, coragem, f\u00e9, amor, autoconhecimento, resili\u00eancia, salutar conviv\u00eancia familiar e consigo mesmo? Desemprego, redu\u00e7\u00e3o salarial, crise financeira, falta de recursos? Luto, dor, tristeza, indigna\u00e7\u00e3o?<\/p>\n<p style=\"text-align: justify\">\u00a0Infelizmente, nesse per\u00edodo, quase 30 mil pessoas j\u00e1 morreram no Brasil, v\u00edtimas da Covid- 19. H\u00e1 doentes que aguardam atendimento digno, doentes internados, hospitais no limite, promessas n\u00e3o cumpridas, desprezo e descaso de Autoridades que deveriam cuidar da vida e garantir acesso \u00e0 sa\u00fade para todos. Quantas crises geradas e ou evit\u00e1veis, quantas tens\u00f5es in\u00fateis, gritaria, viol\u00eancia verbal e digital, \u00f3dio, intoler\u00e2ncia, desrespeito, corrup\u00e7\u00e3o, crise pol\u00edtica e desamor? Deixar de chorar os mortos e de lutar pela vida, em tempo de pandemia, \u00e9 desprezo que fere a alma. \u00c9 quase o mesmo que adentrar em um funeral apenas para gerar conflito ao inv\u00e9s de consolar, propor e ajudar. N\u00e3o \u00e9 o lugar, nem o momento! Vivenciar o luto, com respeito e solidariedade, especialmente pelas Autoridades, \u00e9 condi\u00e7\u00e3o fundamental para adequada retomada progressiva das atividades di\u00e1rias. Sem o substrato humano e humanizante, todo projeto est\u00e1 fadado ao insucesso! \u00c9 hora de \u201cfocar\u201d, todos e todas, na dor e na vida! Precisamos, como os Ap\u00f3stolos e Maria, estarmos \u201ctodos reunidos no mesmo lugar\u201d (At 2,1). Precisamos estar todos unidos na<\/p>\n<p style=\"text-align: justify\">\u00a0mesma pauta, inten\u00e7\u00e3o e dire\u00e7\u00e3o! Deixemos as diferen\u00e7as justas e democr\u00e1ticas de lado e busquemos conjugar os esfor\u00e7os para ver, sentir compaix\u00e3o e cuidar da vida. Haver\u00e1 muito tempo para outras discuss\u00f5es civilizadas, sadias e necess\u00e1rias. \u00c9 hora da sinergia dial\u00f3gica, fruto de um \u201cconsenso m\u00ednimo\u201d que garanta o indispens\u00e1vel para defender e cuidar da vida. O que est\u00e1 em nossa pauta e agenda? Quais os principais e reais problemas que flagelam nosso povo e pa\u00eds? A f\u00e9 crist\u00e3 deve incidir diretamente na vida e pautar prioridades coerentes com os ensinamentos de Cristo. O Mandamento do Amor, por conta da f\u00e9, deve estar acima de tudo,<\/p>\n<p style=\"text-align: justify\">at\u00e9 mesmo de nossas convic\u00e7\u00f5es e liberdade de express\u00e3o. Sabemos que o direito e a defesa da vida s\u00e3o anteriores em rela\u00e7\u00e3o ao direito de liberdade. Justifica-se esta afirma\u00e7\u00e3o pelo fato de que, para ser livre, \u00e9 preciso estar vivo e, por isso, a vida \u00e9 condi\u00e7\u00e3o indispens\u00e1vel para o exerc\u00edcio da liberdade respons\u00e1vel. A vida sempre em primeir\u00edssimo lugar!<\/p>\n<p style=\"text-align: justify\">Urge reaprender a conviver com as diferen\u00e7as e naturais diverg\u00eancias de ideias e opini\u00f5es. Reaprender a debater ideias sem ofender pessoas. Deus condena o pecado e n\u00e3o o pecador. Precisamos condenar o mal, n\u00e3o as pessoas. \u201cOuvistes o que foi dito: amar\u00e1s o teu pr\u00f3ximo e odiar\u00e1s o teu inimigo. Eu, por\u00e9m, vos digo: amai os vossos inimigos e orai pelos que vos perseguem\u201d (Mt 5,44). O que pensa diferente de mim, n\u00e3o \u00e9 meu inimigo e, mesmo se o fosse, n\u00e3o poderia ser odiado, se queremos seguir Jesus. Se o \u00f3dio e julgamentos s\u00e3o desprez\u00edveis em situa\u00e7\u00f5es normais, quanto mais o s\u00e3o em situa\u00e7\u00e3o de pandemia, dor e morte!<\/p>\n<p style=\"text-align: justify\">\u201cO fruto do Esp\u00edrito \u00e9: amor, alegria, paz, paci\u00eancia, amabilidade, bondade, lealdade, mansid\u00e3o, dom\u00ednio pr\u00f3prio. Se vivemos pelo Esp\u00edrito, procedamos tamb\u00e9m segundo o Esp\u00edrito,corretamente\u201d (Gl 5,22-23). N\u00e3o podemos concordar com divis\u00f5es dentro e fora da Igreja, unificada e conduzida pelo Esp\u00edrito Santo que opera tamb\u00e9m dentro e fora da Igreja. \u201cO amor<\/p>\n<p style=\"text-align: justify\">haveria de reunir na Igreja de Deus todos os povos da terra. Esta \u00e9 a casa de Deus, edificada com pedras vivas. Nela o Eterno Pai gosta de morar; nela seus olhos jamais devem ser ofendidos pelo triste espet\u00e1culo da divis\u00e3o entre seus filhos\u201d (Dos Serm\u00f5es de um Autor africano an\u00f4nimo, do s\u00e9c. VI).<\/p>\n<p style=\"text-align: justify\">Sobre a defesa da vida, acolhida como dom e compromisso, como n\u00e3o recordar com gratid\u00e3o sincera os profissionais da sa\u00fade, os trabalhadores dos servi\u00e7os essenciais, os volunt\u00e1rios de diversas institui\u00e7\u00f5es, projetos e iniciativas religiosas e civis que incansavelmente n\u00e3o deixaram de visitar e socorrer os mais vulner\u00e1veis, pobres, necessitados e popula\u00e7\u00e3o em situa\u00e7\u00e3o de rua? Como n\u00e3o recordar e agradecer as doa\u00e7\u00f5es feitas por pessoas,<\/p>\n<p style=\"text-align: justify\">grupos, empresas e institui\u00e7\u00f5es para o enfrentamento da pandemia? Como n\u00e3o reconhecer os esfor\u00e7os do Estado, Poder P\u00fablico e Autoridades, embora ainda insuficientes, para salvar vidas, distribuir recursos e salvar empresas e empregos? Como n\u00e3o recordar e agradecer ao Bom Deus a cura de milhares de infectados pela Covid-19? Enfim, no retorno ao Tempo Comum, que tem a cor verde, sendo um tempo da esperan\u00e7a, como n\u00e3o encorajar a todos e todas a manter a esperan\u00e7a invenc\u00edvel, mesmo diante do cen\u00e1rio incerto? \u00c9 um Tempo para frutificar a vida e os dons recebidos, em vista do bem comum: \u201cproduzir frutos no Amor para a vida do mundo\u201d (OT, n.16).<\/p>\n<p style=\"text-align: justify\">Quantas experi\u00eancias, sentimentos e fatos nesse dram\u00e1tico tempo? O que aprendemos e desaprendemos? Em que melhoramos e pioramos? O que perdemos e ganhamos? Qual a nossa avalia\u00e7\u00e3o desse tempo cronol\u00f3gico, vivido, \u00e9 claro, \u00e0 luz da f\u00e9 em Cristo? N\u00e3o se trata de um tempo para se esquecer, mas para evoluir e nos humanizar ainda mais. O que \u00e9 mais dif\u00edcil, vencer um v\u00edrus ou modificar a maneira de pensar e de agir? Converter-nos o\u00a0 n\u00e3o mudar? O que, por meio de mim e de n\u00f3s, viralizou nesse tempo? Amor ou \u00f3dio, proximidade ou distanciamento, entendimento ou confus\u00e3o, f\u00e9 ou descren\u00e7a, compaix\u00e3o ou indiferen\u00e7a, esperan\u00e7a ou pessimismo, verdade ou desinforma\u00e7\u00e3o, babel ou Pentecostes?<\/p>\n<p style=\"text-align: justify\">O Esp\u00edrito Santo que nos foi dado, habita em n\u00f3s. Portanto, somos habita\u00e7\u00e3o do Amor. Estamos capacitados para perseverar no Amor, mesmo num cen\u00e1rio adverso e dram\u00e1tico. Revestidos do Alto, podemos passar do momento babel para o momento Pentecostes. Eis um nobre prop\u00f3sito pessoal e coletivo: buscar o di\u00e1logo, o entendimento e a aproxima\u00e7\u00e3o, em<\/p>\n<p style=\"text-align: justify\">vista da emergencial op\u00e7\u00e3o primeira que \u00e9 salvar vidas e vencer a pandemia. Qual a minha e nossa op\u00e7\u00e3o: babel ou Pentecostes? \u00c0 luz da f\u00e9 crist\u00e3 a resposta \u00e9 clara. Deixar-nos guiar pelo Esp\u00edrito Santo e viver segundo o Esp\u00edrito \u00e9 o mesmo que Amar e fazer a Vontade de Deus e o bem, sempre, sobretudo em situa\u00e7\u00f5es adversas. Por feliz provid\u00eancia encerramos, neste ano, o Tempo Pascal com a festa da Visita\u00e7\u00e3o de Maria. Ela foi apressadamente visitar sua prima Isabel, idosa e gr\u00e1vida. Ela nos visita! Maria est\u00e1 atenta \u00e0s nossas dores e necessidades. Ela pede a seu Filho por n\u00f3s! \u00c9 hora de imitar a nossa M\u00e3e Maior e nos dirigirmos apressadamente para Pentecostes, deixando de lado as \u201cbab\u00e9is\u201d, internas e externas, criadas ou persistentes. Essa \u00e9 a nossa \u00fanica op\u00e7\u00e3o como crist\u00e3os e membros da fam\u00edlia humana. A linguagem do Amor \u00e9 a \u00fanica capaz de produzir entendimento e unidade na diversidade. \u201cNossa \u00fanica possibilidade de sobreviv\u00eancia humana est\u00e1 depositada no preceito crist\u00e3o da caridade\u201d (G.Vattimo), no Mandamento do Amor. Dirigir-nos apressadamente para fazer o bem; esperar paciente e prudentemente o novo normal; fazer o bem e evitar o mal; voltar ao lit\u00fargico Tempo Comum, desejando viver o tempo de modo comum e novo. Vamos em frente, com esperan\u00e7a renovada. Vem Espirito Criador, nos recriar e renovar a face da terra. Renova-nos Senhor, para que renovados, renovemos o mundo e nosso amado Brasil. Rezemos: \u201cIluminai todos os seres humanos com a luz do vosso Esp\u00edrito, e afastai para longe as trevas do nosso tempo, para que o \u00f3dio se transforme em amor, o sofrimento em alegria e a guerra em paz\u201d (Prece, I V\u00e9speras de Pentecostes). Vem Esp\u00edrito Santo vem, vem iluminar! Vem nos recordar o essencial e ensinar o que ainda falta para sermos melhores, mais humanos e conforme ao querer de Deus. Vem nos recriar, para frutificar e ser sinal de Vossa Luz. Am\u00e9m! Vem Maria vem, vem nos ajudar! Vem nos visitar!<\/p>\n<p style=\"text-align: justify\">Com o meu abra\u00e7o fraterno, proximidade, gratid\u00e3o e ben\u00e7\u00e3o.<\/p>\n","protected":false},"excerpt":{"rendered":"<p>Dom Luiz Antonio Lopes Ricci Bispo de Nova Friburgo Os Tempos Lit\u00fargicos est\u00e3o fortemente inseridos no tempo cronol\u00f3gico para que, celebrando os Mist\u00e9rios de Cristo, possamos nos santificar, melhorar nosso ser, nutrir e aumentar a nossa f\u00e9, dar sentido novo \u00e0 nossa exist\u00eancia terrena, produzir bons frutos e crescer no Amor, sempre \u00e0 luz de &hellip;<\/p>\n<p class=\"read-more\"> <a class=\"\" href=\"https:\/\/www.cnbb.org.br\/tempo-o-que-aprendemos-com-ele\/\"> <span class=\"screen-reader-text\">Tempo: o que aprendemos com ele?<\/span> Leia mais &raquo;<\/a><\/p>\n","protected":false},"author":71,"featured_media":0,"comment_status":"closed","ping_status":"open","sticky":false,"template":"","format":"standard","meta":{"site-sidebar-layout":"default","site-content-layout":"default","ast-global-header-display":"","ast-banner-title-visibility":"","ast-main-header-display":"","ast-hfb-above-header-display":"","ast-hfb-below-header-display":"","ast-hfb-mobile-header-display":"","site-post-title":"","ast-breadcrumbs-content":"","ast-featured-img":"","footer-sml-layout":"","theme-transparent-header-meta":"","adv-header-id-meta":"","stick-header-meta":"","header-above-stick-meta":"","header-main-stick-meta":"","header-below-stick-meta":""},"categories":[758],"tags":[],"acf":[],"_links":{"self":[{"href":"https:\/\/www.cnbb.org.br\/cnbb-app\/wp\/v2\/posts\/239781"}],"collection":[{"href":"https:\/\/www.cnbb.org.br\/cnbb-app\/wp\/v2\/posts"}],"about":[{"href":"https:\/\/www.cnbb.org.br\/cnbb-app\/wp\/v2\/types\/post"}],"author":[{"embeddable":true,"href":"https:\/\/www.cnbb.org.br\/cnbb-app\/wp\/v2\/users\/71"}],"replies":[{"embeddable":true,"href":"https:\/\/www.cnbb.org.br\/cnbb-app\/wp\/v2\/comments?post=239781"}],"version-history":[{"count":0,"href":"https:\/\/www.cnbb.org.br\/cnbb-app\/wp\/v2\/posts\/239781\/revisions"}],"wp:attachment":[{"href":"https:\/\/www.cnbb.org.br\/cnbb-app\/wp\/v2\/media?parent=239781"}],"wp:term":[{"taxonomy":"category","embeddable":true,"href":"https:\/\/www.cnbb.org.br\/cnbb-app\/wp\/v2\/categories?post=239781"},{"taxonomy":"post_tag","embeddable":true,"href":"https:\/\/www.cnbb.org.br\/cnbb-app\/wp\/v2\/tags?post=239781"}],"curies":[{"name":"wp","href":"https:\/\/api.w.org\/{rel}","templated":true}]}}