{"id":239811,"date":"2020-06-01T13:46:06","date_gmt":"2020-06-01T16:46:06","guid":{"rendered":"https:\/\/www.cnbb.org.br\/?p=239811"},"modified":"2020-06-01T13:46:06","modified_gmt":"2020-06-01T16:46:06","slug":"representantes-de-igrejas-encerram-semana-de-oracao-pela-unidade-crista-no-maranhao","status":"publish","type":"post","link":"https:\/\/www.cnbb.org.br\/representantes-de-igrejas-encerram-semana-de-oracao-pela-unidade-crista-no-maranhao\/","title":{"rendered":"Membros de Igrejas encerram Semana de Ora\u00e7\u00e3o pela Unidade Crist\u00e3 no Maranh\u00e3o"},"content":{"rendered":"<p class=\"XzvDs _208Ie tFDi5 blog-post-text-font blog-post-text-color _2QAo- _1iXso _7G6-i tFDi5 public-DraftStyleDefault-block-depth0 public-DraftStyleDefault-ltr\" style=\"text-align: justify\">Promovida mundialmente pelo Pontif\u00edcio Conselho para a Promo\u00e7\u00e3o da Unidade dos Crist\u00e3os e pelo Conselho Mundial de Igrejas, a Semana de Ora\u00e7\u00e3o pela Unidade Crist\u00e3 (SOUC) acontece em per\u00edodos diferentes nos dois hemisf\u00e9rios.<\/p>\n<p class=\"XzvDs _208Ie tFDi5 blog-post-text-font blog-post-text-color _2QAo- _1iXso _7G6-i tFDi5 public-DraftStyleDefault-block-depth0 public-DraftStyleDefault-ltr\" style=\"text-align: justify\">No hemisf\u00e9rio Norte, o per\u00edodo tradicional para a Semana de Ora\u00e7\u00e3o pela Unidade Crist\u00e3 (SOUC) \u00e9 de 18 a 25 de janeiro. Essas datas foram propostas em 1908, por Paul Watson, pois cobriam o tempo entre as festas de S\u00e3o Pedro e S\u00e3o Paulo, e tinham, portanto, um significado simb\u00f3lico.<\/p>\n<p class=\"XzvDs _208Ie tFDi5 blog-post-text-font blog-post-text-color _2QAo- _1iXso _7G6-i tFDi5 public-DraftStyleDefault-block-depth0 public-DraftStyleDefault-ltr\" style=\"text-align: justify\">No hemisf\u00e9rio Sul, por sua vez, as Igrejas geralmente celebram a Semana de Ora\u00e7\u00e3o no per\u00edodo de Pentecostes (como foi sugerido pelo movimento F\u00e9 e Ordem, em 1926), que tamb\u00e9m \u00e9 um momento simb\u00f3lico para a unidade da Igreja. No Brasil, o Conselho Nacional de Igrejas Crist\u00e3s (CONIC) lidera e coordena as iniciativas para a celebra\u00e7\u00e3o da Semana em diversos estados.<\/p>\n<p>No Maranh\u00e3o houve um especial momento reunindo representantes das Igrejas, no s\u00e1bado 30 de maio, na Catedral Metropolitana de S\u00e3o Lu\u00eds. Confira o v\u00eddeo:<\/p>\n<div class=\"ast-oembed-container\" style=\"height: 100%;\"><iframe loading=\"lazy\" title=\"Encerramento da Semana de Ora\u00e7\u00e3o pela Unidade Crist\u00e3\" width=\"500\" height=\"281\" src=\"https:\/\/www.youtube.com\/embed\/0SLGBiIgc0w?feature=oembed\" frameborder=\"0\" allow=\"accelerometer; autoplay; clipboard-write; encrypted-media; gyroscope; picture-in-picture\" allowfullscreen><\/iframe><\/div>\n<p>&nbsp;<\/p>\n<p><a href=\"https:\/\/www.cnbbne5.org\/post\/encerramento-da-semana-de-ora%C3%A7%C3%A3o-pela-unidade-crist%C3%A3-no-maranh%C3%A3o\" target=\"_blank\" rel=\"noopener\">Confira a not\u00edcia na \u00edntegra no site do regional<\/a>.    \t<\/p>\n","protected":false},"excerpt":{"rendered":"<p>No Maranh\u00e3o houve um especial momento reunindo representantes das Igrejas, no s\u00e1bado 30 de maio, na Catedral Metropolitana de S\u00e3o Lu\u00eds<\/p>\n","protected":false},"author":83,"featured_media":239813,"comment_status":"closed","ping_status":"open","sticky":false,"template":"","format":"standard","meta":{"site-sidebar-layout":"default","site-content-layout":"default","ast-global-header-display":"","ast-banner-title-visibility":"","ast-main-header-display":"","ast-hfb-above-header-display":"","ast-hfb-below-header-display":"","ast-hfb-mobile-header-display":"","site-post-title":"","ast-breadcrumbs-content":"","ast-featured-img":"","footer-sml-layout":"","theme-transparent-header-meta":"","adv-header-id-meta":"","stick-header-meta":"","header-above-stick-meta":"","header-main-stick-meta":"","header-below-stick-meta":""},"categories":[821],"tags":[],"acf":[],"_links":{"self":[{"href":"https:\/\/www.cnbb.org.br\/cnbb-app\/wp\/v2\/posts\/239811"}],"collection":[{"href":"https:\/\/www.cnbb.org.br\/cnbb-app\/wp\/v2\/posts"}],"about":[{"href":"https:\/\/www.cnbb.org.br\/cnbb-app\/wp\/v2\/types\/post"}],"author":[{"embeddable":true,"href":"https:\/\/www.cnbb.org.br\/cnbb-app\/wp\/v2\/users\/83"}],"replies":[{"embeddable":true,"href":"https:\/\/www.cnbb.org.br\/cnbb-app\/wp\/v2\/comments?post=239811"}],"version-history":[{"count":0,"href":"https:\/\/www.cnbb.org.br\/cnbb-app\/wp\/v2\/posts\/239811\/revisions"}],"wp:featuredmedia":[{"embeddable":true,"href":"https:\/\/www.cnbb.org.br\/cnbb-app\/wp\/v2\/media\/239813"}],"wp:attachment":[{"href":"https:\/\/www.cnbb.org.br\/cnbb-app\/wp\/v2\/media?parent=239811"}],"wp:term":[{"taxonomy":"category","embeddable":true,"href":"https:\/\/www.cnbb.org.br\/cnbb-app\/wp\/v2\/categories?post=239811"},{"taxonomy":"post_tag","embeddable":true,"href":"https:\/\/www.cnbb.org.br\/cnbb-app\/wp\/v2\/tags?post=239811"}],"curies":[{"name":"wp","href":"https:\/\/api.w.org\/{rel}","templated":true}]}}