{"id":239858,"date":"2020-06-02T13:53:34","date_gmt":"2020-06-02T16:53:34","guid":{"rendered":"https:\/\/www.cnbb.org.br\/?p=239858"},"modified":"2020-06-02T13:53:34","modified_gmt":"2020-06-02T16:53:34","slug":"padre-zezinho-confirma-presenca-na-live-da-esperanca-e-da-solidariedade","status":"publish","type":"post","link":"https:\/\/www.cnbb.org.br\/padre-zezinho-confirma-presenca-na-live-da-esperanca-e-da-solidariedade\/","title":{"rendered":"Padre Zezinho confirma presen\u00e7a na Live da Esperan\u00e7a e da Solidariedade"},"content":{"rendered":"<p style=\"text-align: justify\">Cantor, catequista e comunicador cat\u00f3lico, o padre Zezinho, sjc gravou um v\u00eddeo confirmando sua presen\u00e7a na Live da Esperan\u00e7a e da Solidariedade, que ser\u00e1 transmitida na pr\u00f3xima sexta-feira, dia 5 de junho, pelos canais da Confer\u00eancia Nacional dos Bispos do Brasil (CNBB) e da Associa\u00e7\u00e3o Nacional de Educa\u00e7\u00e3o Cat\u00f3lica (Anec) no Youtube.<\/p>\n<div class=\"ast-oembed-container\" style=\"height: 100%;\"><iframe loading=\"lazy\" title=\"Pe. Zezinho convida para Live da Esperanc\u0327a e da Solidariedade\" width=\"500\" height=\"281\" src=\"https:\/\/www.youtube.com\/embed\/U0BMbKAd0fg?feature=oembed\" frameborder=\"0\" allow=\"accelerometer; autoplay; clipboard-write; encrypted-media; gyroscope; picture-in-picture\" allowfullscreen><\/iframe><\/div>\n<p style=\"text-align: justify\">O evento organizado pela Anec em parceria com a CNBB, a Confer\u00eancia dos Religiosos do Brasil (CRB), a SIGNIS Brasil, a C\u00e1ritas Brasileira, o Movimento de Educa\u00e7\u00e3o de Base (MEB) e as Editoras Cat\u00f3licas tem como objetivo proporcionar um \u201cagrad\u00e1vel momento de m\u00fasica e reflex\u00e3o\u201d, durante o per\u00edodo de isolamento social, motivando a generosidade das pessoas, inclusive com arrecada\u00e7\u00e3o de alimentos para fam\u00edlias em situa\u00e7\u00e3o de vulnerabilidade social que est\u00e3o sendo afetadas pela Covid-19.<\/p>\n<p style=\"text-align: justify\">Na primeira live, que acontece nesta sexta, dia 5 de junho, \u00e0s 19h, o tema ser\u00e1 &#8220;Fam\u00edlia&#8221; e, al\u00e9m da participa\u00e7\u00e3o do padre Zezinho, estar\u00e3o conectados os padres Jo\u00e3o Carlos e Ezequiel Dal Pozzo. Apresentar\u00e1 a atra\u00e7\u00e3o o coordenador nacional da Pastoral da Comunica\u00e7\u00e3o (Pascom Brasil) e apresentador da TV Pai Eterno, Marcus Tullius.<\/p>\n<h3 style=\"text-align: justify\">Colabora\u00e7\u00e3o<\/h3>\n<p style=\"text-align: justify\">As lives da \u201cEsperan\u00e7a e da Solidariedade \u2013 ficar em casa e fazer a diferen\u00e7a!\u201d contam com a colabora\u00e7\u00e3o de um grupo de editoras cat\u00f3licas: Editora Ave-Maria, Can\u00e7\u00e3o Nova Editora, Editora Santu\u00e1rio, Editora Edeb\u00ea, Edi\u00e7\u00f5es CNBB, Edi\u00e7oes Loyola, FTD Educa\u00e7\u00e3o, Paulinas Editora, Paulus Editora, Editora Vozes, Editora Ideias e Letras, Editora Bom Jesus e SM Educa\u00e7\u00e3o.<\/p>\n<h3 style=\"text-align: justify\">Programa\u00e7\u00e3o<\/h3>\n<p style=\"text-align: justify\"><em>As transmiss\u00f5es ser\u00e3o sempre pelos canais no Youtube da ANEC (@anecbrasil) e da CNBB (@cnbboficial).<\/em><\/p>\n<p style=\"text-align: justify\">As atra\u00e7\u00f5es das pr\u00f3ximas lives ser\u00e3o as seguintes:<\/p>\n<p style=\"text-align: justify\"><strong>12 de junho<\/strong><br \/>\nTema \u201c<em><strong>Globalizar a Esperan\u00e7a<\/strong><\/em>\u201d<br \/>\nConvidados: <em>dupla \u00c1lvaro e Daniel e Eliana Ribeiro<\/em><\/p>\n<p style=\"text-align: justify\"><strong>19 de junho<\/strong><br \/>\nTema \u201c<em><strong>Aldeia que Educa<\/strong><\/em>\u201d<br \/>\nConvidados: <em>Adriana Arydes, Elba Ramalho e Pe. F\u00e1bio de Melo<\/em><\/p>\n<p style=\"text-align: justify\"><strong>26 de junho<\/strong><br \/>\nTema \u201c<em><strong>Di\u00e1logo e Paz<\/strong><\/em>\u201d<br \/>\nConvidados: <em>Pe. Reginaldo Manzotti e Cantores de Deus<\/em><\/p>\n","protected":false},"excerpt":{"rendered":"<p>A transmiss\u00e3o ser\u00e1 pr\u00f3xima sexta-feira, dia 5 de junho, pelos canais da CNBB e da Anec no Youtube. Padre F\u00e1bio de Melo participa dia 12 <\/p>\n","protected":false},"author":83,"featured_media":239859,"comment_status":"closed","ping_status":"open","sticky":false,"template":"","format":"standard","meta":{"site-sidebar-layout":"default","site-content-layout":"default","ast-global-header-display":"","ast-banner-title-visibility":"","ast-main-header-display":"","ast-hfb-above-header-display":"","ast-hfb-below-header-display":"","ast-hfb-mobile-header-display":"","site-post-title":"","ast-breadcrumbs-content":"","ast-featured-img":"","footer-sml-layout":"","theme-transparent-header-meta":"","adv-header-id-meta":"","stick-header-meta":"","header-above-stick-meta":"","header-main-stick-meta":"","header-below-stick-meta":""},"categories":[841],"tags":[2118,2119,2120],"acf":[],"_links":{"self":[{"href":"https:\/\/www.cnbb.org.br\/cnbb-app\/wp\/v2\/posts\/239858"}],"collection":[{"href":"https:\/\/www.cnbb.org.br\/cnbb-app\/wp\/v2\/posts"}],"about":[{"href":"https:\/\/www.cnbb.org.br\/cnbb-app\/wp\/v2\/types\/post"}],"author":[{"embeddable":true,"href":"https:\/\/www.cnbb.org.br\/cnbb-app\/wp\/v2\/users\/83"}],"replies":[{"embeddable":true,"href":"https:\/\/www.cnbb.org.br\/cnbb-app\/wp\/v2\/comments?post=239858"}],"version-history":[{"count":0,"href":"https:\/\/www.cnbb.org.br\/cnbb-app\/wp\/v2\/posts\/239858\/revisions"}],"wp:featuredmedia":[{"embeddable":true,"href":"https:\/\/www.cnbb.org.br\/cnbb-app\/wp\/v2\/media\/239859"}],"wp:attachment":[{"href":"https:\/\/www.cnbb.org.br\/cnbb-app\/wp\/v2\/media?parent=239858"}],"wp:term":[{"taxonomy":"category","embeddable":true,"href":"https:\/\/www.cnbb.org.br\/cnbb-app\/wp\/v2\/categories?post=239858"},{"taxonomy":"post_tag","embeddable":true,"href":"https:\/\/www.cnbb.org.br\/cnbb-app\/wp\/v2\/tags?post=239858"}],"curies":[{"name":"wp","href":"https:\/\/api.w.org\/{rel}","templated":true}]}}