{"id":239862,"date":"2020-06-03T11:08:17","date_gmt":"2020-06-03T14:08:17","guid":{"rendered":"https:\/\/www.cnbb.org.br\/?p=239862"},"modified":"2020-06-03T11:08:17","modified_gmt":"2020-06-03T14:08:17","slug":"bispos-do-maranhao-se-unem-para-celebrar-missas-ao-vivo-em-tempos-de-pandemia","status":"publish","type":"post","link":"https:\/\/www.cnbb.org.br\/bispos-do-maranhao-se-unem-para-celebrar-missas-ao-vivo-em-tempos-de-pandemia\/","title":{"rendered":"Bispos do Maranh\u00e3o se unem para celebrar missas ao vivo em tempos de pandemia"},"content":{"rendered":"<p style=\"text-align: justify\">A Igreja no Maranh\u00e3o estar\u00e1 unida pela mesma prece em favor do pa\u00eds e do estado quando em tempos de pandemia. A partir de hoje, 02, at\u00e9 o dia 13 de junho, os bispos do regional Nordeste 5 da Confer\u00eancia Nacional dos Bispos do Brasil (CNBB) ir\u00e3o celebrar de suas dioceses a santa missa, com transmiss\u00e3o para todo o Maranh\u00e3o.<\/p>\n<p style=\"text-align: justify\">O arcebispo de S\u00e3o Lu\u00eds (MA), dom Jos\u00e9 Belis\u00e1rio, explicou que a ideia surgiu ap\u00f3s uma reuni\u00e3o com os bispos do regional, feita via online, cujo objetivo era discutir a viv\u00eancia em per\u00edodo de pandemia e tamb\u00e9m trocar opini\u00f5es sobre a abertura gradual das atividades que re\u00fanem pessoas.<\/p>\n<p style=\"text-align: justify\">Na ocasi\u00e3o, ele contou que o bispo de Caxias (MA), dom Sebasti\u00e3o Lima Duarte, teve a ideia de propor o gesto. \u201cPor ser o m\u00eas de junho, um m\u00eas marcado por festividades no Maranh\u00e3o e encontros de grupos tradicionais, a maneira que encontramos de substituir a presen\u00e7a f\u00edsica foi por meio desse gesto, o de realizar as celebra\u00e7\u00f5es da eucaristia, a serem transmitidas para todo o regional\u201d, disse.<\/p>\n<p style=\"text-align: justify\">Consultado, dom Sebasti\u00e3o Bandeira, presidente do regional Nordeste 5 da CNBB, disse que a proposta al\u00e9m de criar comunh\u00e3o entre os bispos na situa\u00e7\u00e3o vivida pelo pa\u00eds, tamb\u00e9m visa aproximar a igreja de seu povo. \u201c\u00c9 para que o povo possa sentir a igreja do regional ao seu lado e, ao mesmo tempo, ver, assumir esse novo desafio de utilizar os meios de comunica\u00e7\u00e3o a servi\u00e7o do an\u00fancio do Evangelho\u201d, disse.<\/p>\n<blockquote>\n<p style=\"text-align: justify\">\u201c\u00c9 uma experi\u00eancia muito modesta, muito simples, mas pode ser tamb\u00e9m uma ocasi\u00e3o para descobrirmos as possibilidades que podemos ter usando os meios de comunica\u00e7\u00e3o, num estado t\u00e3o extenso como o nosso e que precisa de uma a\u00e7\u00e3o da igreja muito pr\u00f3xima do povo\u201d, comentou dom Sebasti\u00e3o Bandeira.<\/p>\n<\/blockquote>\n<p style=\"text-align: justify\">J\u00e1 o autor da proposta, dom Sebasti\u00e3o Lima Duarte, disse que o objetivo \u00e9 viver a unidade em tempos de isolamento. \u201cQue a gente viva a unidade da igreja nesse tempo em que o virtual se faz importante. E que a gente possa permanecer unidos e animados, mesmo nesse tempo que nos traz muita tristeza, muito sofrimento\u201d, disse.<\/p>\n<h3 style=\"text-align: justify\"><strong>Como vai funcionar?<\/strong><\/h3>\n<p style=\"text-align: justify\"><a href=\"https:\/\/www.cnbb.org.br\/wp-content\/uploads\/2020\/06\/WhatsApp-Image-2020-06-02-at-00.00.30.jpeg\" data-rel=\"lightbox-image-0\" data-rl_title=\"\" data-rl_caption=\"\" title=\"\"><img decoding=\"async\" loading=\"lazy\" class=\"alignnone size-full wp-image-239865\" src=\"https:\/\/www.cnbb.org.br\/wp-content\/uploads\/2020\/06\/WhatsApp-Image-2020-06-02-at-00.00.30.jpeg\" alt=\"\" width=\"1066\" height=\"942\" srcset=\"https:\/\/www.cnbb.org.br\/wp-content\/uploads\/2020\/06\/WhatsApp-Image-2020-06-02-at-00.00.30.jpeg 1066w, https:\/\/www.cnbb.org.br\/wp-content\/uploads\/2020\/06\/WhatsApp-Image-2020-06-02-at-00.00.30-300x265.jpeg 300w, https:\/\/www.cnbb.org.br\/wp-content\/uploads\/2020\/06\/WhatsApp-Image-2020-06-02-at-00.00.30-1024x905.jpeg 1024w, https:\/\/www.cnbb.org.br\/wp-content\/uploads\/2020\/06\/WhatsApp-Image-2020-06-02-at-00.00.30-768x679.jpeg 768w, https:\/\/www.cnbb.org.br\/wp-content\/uploads\/2020\/06\/WhatsApp-Image-2020-06-02-at-00.00.30-500x442.jpeg 500w\" sizes=\"(max-width: 1066px) 100vw, 1066px\" \/><\/a>Um bispo de cada diocese assumir\u00e1 a presid\u00eancia de sua missa que ser\u00e1 transmitida em todo o estado do Maranh\u00e3o. Hoje, dia 02 de junho, quem preside \u00e9 dom Sebasti\u00e3o Lima Duarte, diretamente de Caxias, \u00e0s 18h. Importante ressaltar que, cada diocese, ir\u00e1 divulgar sua programa\u00e7\u00e3o e canais para a transmiss\u00e3o. O <a href=\"https:\/\/www.youtube.com\/channel\/UCpcGMOFIi0i5IuoND683b-A?view_as=subscriber\" target=\"_blank\" rel=\"noopener\">canal do Regional<\/a> Nordeste 5 no Youtube ir\u00e1 fazer a retransmiss\u00e3o, de modo, que os fieis poder\u00e3o assistir a todas as missas.<\/p>\n<p style=\"text-align: justify\">Confira a programa\u00e7\u00e3o completa:<\/p>\n<p style=\"text-align: justify\"><strong>02.06, 18h: Dom Sebasti\u00e3o Duarte, Diocese de Caxias;<\/strong><\/p>\n<p style=\"text-align: justify\"><strong>03.06, 18h: Dom Sebasti\u00e3o Bandeira, Diocese de Coroat\u00e1;<\/strong><\/p>\n<p style=\"text-align: justify\"><strong>04.06, 18h: Dom Vilsom Basso, Diocese de Imperatriz;<\/strong><\/p>\n<p style=\"text-align: justify\"><strong>05.06, 18h: Dom Jos\u00e9 Valdeci, Diocese de Brejo;<\/strong><\/p>\n<p style=\"text-align: justify\"><strong>06.06, 19h: Padre Nadir Zancheti, administrador diocesano, Diocese de Balsas;<\/strong><\/p>\n<p style=\"text-align: justify\"><strong>07.06, 18h: Dom Armando Guti\u00e9rrez, Diocese de Bacabal;<\/strong><\/p>\n<p style=\"text-align: justify\"><strong>08.06, 18h: Dom Elio Rama, Diocese de Pinheiro;<\/strong><\/p>\n<p style=\"text-align: justify\"><strong>09.06, 19h: Dom Francisco Lima, Diocese de Carolina;<\/strong><\/p>\n<p style=\"text-align: justify\"><strong>10.06, 18h: Dom Evaldo Carvalho, Diocese de Viana;<\/strong><\/p>\n<p style=\"text-align: justify\"><strong>11.06, 18h: Dom Rubival Britto, Diocese de Graja\u00fa;<\/strong><\/p>\n<p style=\"text-align: justify\"><strong>12.06, 19h: Dom Jos\u00e9 Belis\u00e1rio e dom Esmeraldo Barreto, Arquidiocese de S\u00e3o Lu\u00eds;<\/strong><\/p>\n<p style=\"text-align: justify\"><strong>13.06, 19h30: Dom Jo\u00e3o Kot, Diocese de Z\u00e9 Doca.<\/strong><\/p>\n<p>&nbsp;    \t<\/p>\n","protected":false},"excerpt":{"rendered":"<p>At\u00e9 o dia 13 de junho, os bispos do Maranh\u00e3o ir\u00e3o celebrar de suas dioceses a Santa Missa, com transmiss\u00e3o ao vivo para todo o estado<\/p>\n","protected":false},"author":83,"featured_media":239883,"comment_status":"closed","ping_status":"open","sticky":false,"template":"","format":"standard","meta":{"site-sidebar-layout":"default","site-content-layout":"default","ast-global-header-display":"","ast-banner-title-visibility":"","ast-main-header-display":"","ast-hfb-above-header-display":"","ast-hfb-below-header-display":"","ast-hfb-mobile-header-display":"","site-post-title":"","ast-breadcrumbs-content":"","ast-featured-img":"","footer-sml-layout":"","theme-transparent-header-meta":"","adv-header-id-meta":"","stick-header-meta":"","header-above-stick-meta":"","header-main-stick-meta":"","header-below-stick-meta":""},"categories":[1851],"tags":[2123,2124,1852],"acf":[],"_links":{"self":[{"href":"https:\/\/www.cnbb.org.br\/cnbb-app\/wp\/v2\/posts\/239862"}],"collection":[{"href":"https:\/\/www.cnbb.org.br\/cnbb-app\/wp\/v2\/posts"}],"about":[{"href":"https:\/\/www.cnbb.org.br\/cnbb-app\/wp\/v2\/types\/post"}],"author":[{"embeddable":true,"href":"https:\/\/www.cnbb.org.br\/cnbb-app\/wp\/v2\/users\/83"}],"replies":[{"embeddable":true,"href":"https:\/\/www.cnbb.org.br\/cnbb-app\/wp\/v2\/comments?post=239862"}],"version-history":[{"count":0,"href":"https:\/\/www.cnbb.org.br\/cnbb-app\/wp\/v2\/posts\/239862\/revisions"}],"wp:featuredmedia":[{"embeddable":true,"href":"https:\/\/www.cnbb.org.br\/cnbb-app\/wp\/v2\/media\/239883"}],"wp:attachment":[{"href":"https:\/\/www.cnbb.org.br\/cnbb-app\/wp\/v2\/media?parent=239862"}],"wp:term":[{"taxonomy":"category","embeddable":true,"href":"https:\/\/www.cnbb.org.br\/cnbb-app\/wp\/v2\/categories?post=239862"},{"taxonomy":"post_tag","embeddable":true,"href":"https:\/\/www.cnbb.org.br\/cnbb-app\/wp\/v2\/tags?post=239862"}],"curies":[{"name":"wp","href":"https:\/\/api.w.org\/{rel}","templated":true}]}}