{"id":239972,"date":"2020-06-03T10:36:24","date_gmt":"2020-06-03T13:36:24","guid":{"rendered":"https:\/\/www.cnbb.org.br\/?p=239972"},"modified":"2020-06-03T10:36:24","modified_gmt":"2020-06-03T13:36:24","slug":"cnbb-une-o-pais-na-oracao-do-terco-da-esperanca-e-da-solidariedade-pela-saude-publica","status":"publish","type":"post","link":"https:\/\/www.cnbb.org.br\/cnbb-une-o-pais-na-oracao-do-terco-da-esperanca-e-da-solidariedade-pela-saude-publica\/","title":{"rendered":"CNBB une o pa\u00eds na ora\u00e7\u00e3o do Ter\u00e7o da Esperan\u00e7a e da Solidariedade pela sa\u00fade"},"content":{"rendered":"<p style=\"text-align: justify\">Em comunh\u00e3o com toda a Igreja no Brasil, a Confer\u00eancia Nacional dos Bispos do Brasil (CNBB) continua sua iniciativa de conectar o pa\u00eds em ora\u00e7\u00e3o rezando juntos o\u00a0 Ter\u00e7o da Esperan\u00e7a e da Solidariedade como caminho de supera\u00e7\u00e3o da pandemia. O ter\u00e7o-hoje, \u00e0s 15h30, ser\u00e1 rezado direto do Santu\u00e1rio do Divino Pai Eterno, em Trindade (GO), e ser\u00e1 retransmitido pela TV Pai Eterno e exibido, em cadeia nacional, nos canais de TVs e emissoras de r\u00e1dio de inspira\u00e7\u00e3o cat\u00f3lica do pa\u00eds. Tamb\u00e9m ser\u00e1 transmitido nas p\u00e1ginas da CNBB no <a href=\"http:\/\/www.facebook.com\/cnbbnacional\" target=\"_blank\" rel=\"noopener\">Facebook<\/a>\u00a0e no\u00a0<a href=\"http:\/\/www.youtube.com\/cnbbnacional\" data-rel=\"lightbox-video-0\" target=\"_blank\" rel=\"noopener\">Youtube<\/a>.<\/p>\n<p style=\"text-align: justify\">O bispo auxiliar da arquidiocese de Goi\u00e2nia (GO), dom Moacir Arantes, conduzir\u00e1 a ora\u00e7\u00e3o do ter\u00e7o o momento de ora\u00e7\u00e3o em torno da emerg\u00eancia de sa\u00fade p\u00fablica da Covid-19. Participam da ora\u00e7\u00e3o um m\u00e9dico, uma enfermeira, um curado do coronav\u00edrus, uma gr\u00e1vida e uma jovem.<\/p>\n<p style=\"text-align: justify\">O Ter\u00e7o da Esperan\u00e7a e da Solidariedade \u00e9 uma\u00a0iniciativa da CNBB que, frente \u00e0 pandemia do novo coronav\u00edrus e\u00a0<a href=\"https:\/\/www.vaticannews.va\/pt\/papa\/news\/2020-03\/papa-convida-todos-cristaos-rezar-juntos-pai-nosso-quarta-feira.html\" target=\"_blank\" rel=\"noopener\">em comunh\u00e3o com o Papa Francisco no compromisso de intensificar as ora\u00e7\u00f5es neste per\u00edodo<\/a>, une todo o Brasil em um momento comum de ora\u00e7\u00e3o.\u00a0Para compartilhar os momentos de ora\u00e7\u00e3o nas redes sociais use a hashtag adotada pelo Papa Francisco: #rezemosjuntos<\/p>\n<p><strong>Acompanhe:<\/strong><\/p>\n<p>www.facebook.com\/cnbbnacional<\/p>\n<p>www.youtube.com\/cnbbnacional<\/p>\n<div class=\"portland-post-tags\">Tags<\/div>\n","protected":false},"excerpt":{"rendered":"<p>Um fiel que alcan\u00e7ou a gra\u00e7a da cura da Covid-19 participa de ora\u00e7\u00e3o, hoje, \u00e0s 15h30, no Santu\u00e1rio do Divino Pai Eterno, em Trindade (GO)<\/p>\n","protected":false},"author":83,"featured_media":239977,"comment_status":"closed","ping_status":"open","sticky":false,"template":"","format":"standard","meta":{"site-sidebar-layout":"default","site-content-layout":"default","ast-global-header-display":"","ast-banner-title-visibility":"","ast-main-header-display":"","ast-hfb-above-header-display":"","ast-hfb-below-header-display":"","ast-hfb-mobile-header-display":"","site-post-title":"","ast-breadcrumbs-content":"","ast-featured-img":"","footer-sml-layout":"","theme-transparent-header-meta":"","adv-header-id-meta":"","stick-header-meta":"","header-above-stick-meta":"","header-main-stick-meta":"","header-below-stick-meta":""},"categories":[841],"tags":[1891,1853],"acf":[],"_links":{"self":[{"href":"https:\/\/www.cnbb.org.br\/cnbb-app\/wp\/v2\/posts\/239972"}],"collection":[{"href":"https:\/\/www.cnbb.org.br\/cnbb-app\/wp\/v2\/posts"}],"about":[{"href":"https:\/\/www.cnbb.org.br\/cnbb-app\/wp\/v2\/types\/post"}],"author":[{"embeddable":true,"href":"https:\/\/www.cnbb.org.br\/cnbb-app\/wp\/v2\/users\/83"}],"replies":[{"embeddable":true,"href":"https:\/\/www.cnbb.org.br\/cnbb-app\/wp\/v2\/comments?post=239972"}],"version-history":[{"count":0,"href":"https:\/\/www.cnbb.org.br\/cnbb-app\/wp\/v2\/posts\/239972\/revisions"}],"wp:featuredmedia":[{"embeddable":true,"href":"https:\/\/www.cnbb.org.br\/cnbb-app\/wp\/v2\/media\/239977"}],"wp:attachment":[{"href":"https:\/\/www.cnbb.org.br\/cnbb-app\/wp\/v2\/media?parent=239972"}],"wp:term":[{"taxonomy":"category","embeddable":true,"href":"https:\/\/www.cnbb.org.br\/cnbb-app\/wp\/v2\/categories?post=239972"},{"taxonomy":"post_tag","embeddable":true,"href":"https:\/\/www.cnbb.org.br\/cnbb-app\/wp\/v2\/tags?post=239972"}],"curies":[{"name":"wp","href":"https:\/\/api.w.org\/{rel}","templated":true}]}}