{"id":24001,"date":"2010-06-17T00:00:00","date_gmt":"2010-06-17T03:00:00","guid":{"rendered":"https:\/\/www.cnbb.org.br\/pastorais-sociais-concluem-encontro-nacional-em-brasilia\/"},"modified":"2010-06-17T00:00:00","modified_gmt":"2010-06-17T03:00:00","slug":"pastorais-sociais-concluem-encontro-nacional-em-brasilia","status":"publish","type":"post","link":"https:\/\/www.cnbb.org.br\/pastorais-sociais-concluem-encontro-nacional-em-brasilia\/","title":{"rendered":"Pastorais, organismos e Regionais da CNBB fortalecem identidade social em Encontro realizado em Bras\u00edlia"},"content":{"rendered":"<p style=\"text-align: justify\">Terminou nesta quarta-feira, 16, o Encontro Nacional das Pastorais, organismos e Regionais da Confer\u00eancia Nacional dos Bispos do Brasil (CNBB). Durante tr\u00eas dias, os mais de 80 participantes discutiram importantes temas sociais do Brasil, estudaram documentos da CNBB e avaliaram\u00a0 os trabalhos e a identidade das Pastorais Sociais.<\/p>\n<p><!--more--><\/p>\n<p style=\"text-align: justify\">Na manh\u00e3 de hoje houve alguns comunicados sobre Sustentabilidade e Mobiliza\u00e7\u00e3o de Recursos e trabalho escravo, al\u00e9m de uma an\u00e1lise de conjuntura. Durante todo o evento os participantes puderam estudar temas sociais priorizados pelas Pastorais e Organismos.<\/p>\n<p style=\"text-align: justify\"><img decoding=\"async\" loading=\"lazy\" class=\" alignleft size-full wp-image-4916\" style=\"float: left\" src=\"https:\/\/www.cnbb.org.br\/wp-content\/uploads\/2020\/03\/dom_pedro_stirg.jpg\" alt=\"dom_pedro_stirg\" width=\"321\" height=\"281\" \/>Para o bispo de Franca (SP) e presidente da Comiss\u00e3o Episcopal Pastoral para o Servi\u00e7o da Caridade, da Justi\u00e7a e da Paz, da CNBB, dom Pedro Luiz Stringhini, o encontro nacional \u00e9 um momento singular de fortalecimento da f\u00e9, troca de experi\u00eancias e reflex\u00f5es sobre a conjuntura e as car\u00eancias sociais do Brasil. \u201cAqui nos encontramos para fortalecer os ideais, na f\u00e9 e na espiritualidade. \u00c9 um momento forte de celebra\u00e7\u00e3o, troca de experi\u00eancias, ora\u00e7\u00e3o, e, sobretudo, de unidade\u201d.<\/p>\n<p style=\"text-align: justify\">A reuni\u00e3o de todas as pastorais, ainda segundo dom Pedro, \u00e9 uma forma de avaliar a caminhada social do pa\u00eds e perceber a import\u00e2ncia de continuar o trabalho junto aos pobres e desfavorecidos. \u201cCada uma das Pastorais Sociais trabalham com uma situa\u00e7\u00e3o limite da sociedade; e \u00e9 ao encontro dessas situa\u00e7\u00f5es que a Igreja se faz presente atrav\u00e9s das pastorais e organismos. Ao refletirmos sobre as car\u00eancias \u00e9 que percebemos a import\u00e2ncia de levar adiante o trabalho que desempenhamos a v\u00e1rios e longos anos\u201d, destacou.<\/p>\n<p style=\"text-align: justify\"><img decoding=\"async\" loading=\"lazy\" class=\" alignright size-full wp-image-4917\" style=\"float: right\" src=\"https:\/\/www.cnbb.org.br\/wp-content\/uploads\/2020\/03\/dom_demetrio_234.jpg\" alt=\"dom_demetrio_234\" width=\"302\" height=\"249\" \/>\u201c\u00c9 um encontro para as Pastorais Sociais fortalecerem sua identidade e complementaridade. No Encontro Nacional n\u00f3s sentamos e percebemos o grande leque de desafios sociais que a Igreja tem de vencer atrav\u00e9s das pastorais sociais, presente e prestando o seu servi\u00e7o muito v\u00e1lido\u201d. Foi o que disse o membro da Comiss\u00e3o Episcopal para a Caridade, Justi\u00e7a e Paz e bispo de Jales (SP), dom Luiz Dem\u00e9trio Valentini. Ele avalia o encontro como indispens\u00e1vel para a reflex\u00e3o sobre o desenvolvimento do trabalho das Pastorais Sociais. \u201cO encontro \u00e9 indispens\u00e1vel para tra\u00e7armos pistas de a\u00e7\u00e3o e percebermos as prioridades, a validade de escolhas feitas, a necessidade de reflex\u00e3o e de busca para entendermos a complexidade da realidade e seus desafios\u201d.<\/p>\n<p style=\"text-align: justify\"><strong>Espiritualidade e Motiva\u00e7\u00e3o<\/strong><br \/>\nA assessora da Comiss\u00e3o, irm\u00e3 Delci Franzen, aponta a espiritualidade como o aspecto mais forte do evento. \u201cA espiritualidade foi o aspecto mais forte desses tr\u00eas dias de encontro. Falo da presen\u00e7a de Deus que perpassa as lutas, os sentimentos, a conviv\u00eancia. Juntos, n\u00f3s sentimos o grande desafio de caminhar em rela\u00e7\u00e3o \u00e0s lutas das Pastorais Sociais, das iniciativas, das pr\u00e1ticas das Pastorais, no sentido de perceber que \u00e9 o reino de Deus acontecendo\u201d.<\/p>\n<p style=\"text-align: justify\">Irma Delci destaca tamb\u00e9m que a motiva\u00e7\u00e3o \u00e9 o elemento impulsionador para as Pastorais Sociais continuarem na defesa dos mais pobres. \u201cTermina o encontro \u00e9 n\u00f3s sa\u00edmos daqui muito motivados e com a certeza de que h\u00e1 um longo caminho pela frente. Conclu\u00edmos com a proposi\u00e7\u00e3o de fazermos uma mem\u00f3ria das Pastorais Sociais no Brasil para que todos possam tomar conhecimento das pr\u00e1ticas das Pastorais Sociais, que s\u00e3o as pr\u00e1ticas da solicitude da Igreja com os pobres nesse imenso Brasil\u201d, afirmou.<\/p>\n<p style=\"text-align: justify\"><strong>Testemunho<\/strong><br \/>\n<img decoding=\"async\" loading=\"lazy\" class=\" alignleft size-full wp-image-4918\" style=\"float: left\" src=\"https:\/\/www.cnbb.org.br\/wp-content\/uploads\/2020\/03\/deputado_paulo_teixeira454.jpg\" alt=\"deputado_paulo_teixeira454\" width=\"347\" height=\"260\" \/>O deputado federal Paulo Teixeira (PT-SP), pai do advogado e mission\u00e1rio, Pedro Yamaguchi Ferreira, que morreu afogado no Rio Negro, no Amazonas, no dia 1\u00ba de junho, esteve no \u00faltimo dia do Encontro Nacional das Pastorais Sociais, Organismos e Regionais da CNBB. Por alguns minutos ele relatou a atua\u00e7\u00e3o do filho na Pastoral Carcer\u00e1ria e seu empenho por um pa\u00eds melhor. \u201cPosso dizer que ele viveu 100 anos em 27. Ele viveu intensamente e o trabalho que voc\u00eas fazem pelo Brasil \u00e9 o trabalho que ele fez. A hist\u00f3ria das Pastorais Sociais \u00e9 tamb\u00e9m a hist\u00f3ria dele\u201d, contou emocionado.<\/p>\n<p style=\"text-align: justify\">Teixeira em nenhum momento mostrou tristeza pela perda do filho.\u00a0 Durante sua fala ele destacou ainda sua felicidade em saber que Pedro trabalhava pelas causas sociais e que estava feliz por ajudar as pessoas desfavorecidas. \u201cO que mais me alivia e me alegra \u00e9 saber que ele estava feliz no Amazonas. Ele ajudava muitas pessoas atrav\u00e9s do seu trabalho e tudo era anotado em seu di\u00e1rio. Tanto o que melhorava como o que ainda estava por fazer. \u00c9 preciso ressaltar que as Pastorais Sociais conseguem chegar aos lugares que s\u00f3 elas conseguem alcan\u00e7ar\u201d.<\/p>\n<p style=\"text-align: justify\"><span style=\"font-size: 12pt\"><strong><a href=\"http:\/\/www.flickr.com\/photos\/cnbbnacional\/sets\/72157624164808547\/\" target=\"_blank\" rel=\"noopener\">Confira as fotos no Flick<span style=\"color: #ff0000\">r<\/span>.<\/a><\/strong><\/span><\/p>\n","protected":false},"excerpt":{"rendered":"<p>Terminou nesta quarta-feira, 16, o Encontro Nacional das Pastorais, organismos e Regionais da Confer\u00eancia Nacional dos Bispos do Brasil (CNBB). Durante tr\u00eas dias, os mais de 80 participantes discutiram importantes temas sociais do Brasil, estudaram documentos da CNBB e avaliaram\u00a0 os trabalhos e a identidade das Pastorais Sociais.<\/p>\n","protected":false},"author":83,"featured_media":24002,"comment_status":"open","ping_status":"open","sticky":false,"template":"","format":"standard","meta":{"site-sidebar-layout":"default","site-content-layout":"default","ast-global-header-display":"","ast-banner-title-visibility":"","ast-main-header-display":"","ast-hfb-above-header-display":"","ast-hfb-below-header-display":"","ast-hfb-mobile-header-display":"","site-post-title":"","ast-breadcrumbs-content":"","ast-featured-img":"","footer-sml-layout":"","theme-transparent-header-meta":"","adv-header-id-meta":"","stick-header-meta":"","header-above-stick-meta":"","header-main-stick-meta":"","header-below-stick-meta":""},"categories":[836,769],"tags":[],"acf":[],"_links":{"self":[{"href":"https:\/\/www.cnbb.org.br\/cnbb-app\/wp\/v2\/posts\/24001"}],"collection":[{"href":"https:\/\/www.cnbb.org.br\/cnbb-app\/wp\/v2\/posts"}],"about":[{"href":"https:\/\/www.cnbb.org.br\/cnbb-app\/wp\/v2\/types\/post"}],"author":[{"embeddable":true,"href":"https:\/\/www.cnbb.org.br\/cnbb-app\/wp\/v2\/users\/83"}],"replies":[{"embeddable":true,"href":"https:\/\/www.cnbb.org.br\/cnbb-app\/wp\/v2\/comments?post=24001"}],"version-history":[{"count":0,"href":"https:\/\/www.cnbb.org.br\/cnbb-app\/wp\/v2\/posts\/24001\/revisions"}],"wp:featuredmedia":[{"embeddable":true,"href":"https:\/\/www.cnbb.org.br\/cnbb-app\/wp\/v2\/media\/24002"}],"wp:attachment":[{"href":"https:\/\/www.cnbb.org.br\/cnbb-app\/wp\/v2\/media?parent=24001"}],"wp:term":[{"taxonomy":"category","embeddable":true,"href":"https:\/\/www.cnbb.org.br\/cnbb-app\/wp\/v2\/categories?post=24001"},{"taxonomy":"post_tag","embeddable":true,"href":"https:\/\/www.cnbb.org.br\/cnbb-app\/wp\/v2\/tags?post=24001"}],"curies":[{"name":"wp","href":"https:\/\/api.w.org\/{rel}","templated":true}]}}