{"id":240020,"date":"2020-06-03T15:01:47","date_gmt":"2020-06-03T18:01:47","guid":{"rendered":"https:\/\/www.cnbb.org.br\/?p=240020"},"modified":"2020-09-08T14:08:47","modified_gmt":"2020-09-08T17:08:47","slug":"anchieta","status":"publish","type":"post","link":"https:\/\/www.cnbb.org.br\/anchieta\/","title":{"rendered":"Anchieta"},"content":{"rendered":"<p style=\"text-align: right\"><strong>Dom Fernando Areas Rifan<\/strong><br \/>\n<strong>Bispo da Administra\u00e7\u00e3o Apost\u00f3lica Pessoal S\u00e3o Jo\u00e3o Maria Vianney<\/strong><\/p>\n<p style=\"text-align: justify\">\n<p style=\"text-align: justify\">Domingo celebramos a vinda do Divino Esp\u00edrito Santo sobre os Ap\u00f3stolos, a inaugura\u00e7\u00e3o da Igreja. Ele \u00e9 o continuador da obra de Jesus, ele \u00e9 o santificador. Os santos que veneramos na Igreja s\u00e3o obra dos seus dons. Por isso a Igreja sempre teve santos, de todas as ra\u00e7as, l\u00ednguas e fei\u00e7\u00f5es.<\/p>\n<p style=\"text-align: justify\">Aqui, tamb\u00e9m fruto da a\u00e7\u00e3o do Divino Esp\u00edrito Santo, temos o Ap\u00f3stolo do Brasil, cheio de zelo e santo dinamismo, o grande mission\u00e1rio S\u00e3o Jos\u00e9 de Anchieta, falecido em 9 de junho de 1597, em Reritiba, hoje Anchieta (ES). Por isso, nesse dia, celebramos a sua mem\u00f3ria.<\/p>\n<p style=\"text-align: justify\">S\u00e3o Jos\u00e9 de Anchieta nasceu na verdade em Tenerife, no arquip\u00e9lago espanhol das Can\u00e1rias, em 19 de mar\u00e7o de 1534. Tendo recebido uma primorosa educa\u00e7\u00e3o crist\u00e3 em sua fam\u00edlia, foi enviado a estudar em Coimbra, onde dividia o seu tempo entre o estudo e a ora\u00e7\u00e3o. Sentindo-se chamado por Deus para a vida consagrada e desejando levar a luz do Evangelho aos que n\u00e3o o conheciam, entrou, aos 17 anos, na Companhia de Jesus, sociedade religiosa mission\u00e1ria rec\u00e9m-fundada por Santo In\u00e1cio de Loyola. Deus o provou com uma grave doen\u00e7a, com fraqueza e dores em todo o corpo, durante dois anos. Os superiores decidiram envi\u00e1-lo ao Brasil, na esperan\u00e7a de que o bom clima da terra lhe fizesse bem. Provid\u00eancia divina! Partiu de Lisboa em 1553, com 19 anos de idade, acompanhando o novo Governador Geral do Brasil, Duarte da Costa, e alguns outros jesu\u00edtas.<\/p>\n<p style=\"text-align: justify\">Viveu aqui no Brasil dos 19 aos 63 anos, idade em que morreu, sendo ao longo desses 43 anos o verdadeiro \u201cAp\u00f3stolo do Brasil\u201d, participando da funda\u00e7\u00e3o de escolas, igrejas e cidades, liderando a catequese dos \u00edndios, aprendendo perfeitamente a l\u00edngua deles e escrevendo a primeira gram\u00e1tica brasileira em tupi. \u00c9, junto com o Pe. Manuel da N\u00f3brega, o fundador da cidade de S\u00e3o Paulo, tendo estado tamb\u00e9m no Rio por ocasi\u00e3o da funda\u00e7\u00e3o da cidade, onde dirigiu o Col\u00e9gio dos Jesu\u00edtas. Preparou alas da escola como enfermaria, criando a Santa Casa do Rio de Janeiro, sendo, al\u00e9m disso, diretor do Col\u00e9gio dos Jesu\u00edtas em Vit\u00f3ria (ES).<\/p>\n<p style=\"text-align: justify\">Anchieta lutou para que o Brasil n\u00e3o ficasse dividido entre portugueses e franceses. Quando, apoiados pelos franceses, os Tamoios se rebelaram contra os portugueses, Anchieta se ofereceu como ref\u00e9m, enquanto Manuel da N\u00f3brega negociava a paz. Ficou cinco meses no cativeiro, resistindo \u00e0 tenta\u00e7\u00e3o contra a sua castidade, pois os \u00edndios ofereciam mulheres aos prisioneiros. Para manter a virtude, Anchieta fez uma promessa a Nossa Senhora de que escreveria um poema em sua homenagem: \u00e9 o seu c\u00e9lebre \u201cPoema da Virgem\u201d, de 4.172 versos.<\/p>\n<p style=\"text-align: justify\">A p\u00e9 ou de barco, Anchieta viajou pelo Brasil inaugurando miss\u00f5es, catequizando e instruindo os \u00edndios e colonos, consolidando assim o cristianismo e o sistema de ensino no pa\u00eds, fundando povoados, sendo o grande promotor da expans\u00e3o e interioriza\u00e7\u00e3o do pa\u00eds. Ele amou os pobres e sofredores, amenizando e curando seus males e foi solid\u00e1rio com os \u00edndios, ajudando-os conhecer e amar a Deus em sua pr\u00f3pria l\u00edngua e costumes. Sadia encultura\u00e7\u00e3o!<\/p>\n<p>&nbsp;    \t<\/p>\n","protected":false},"excerpt":{"rendered":"<p>Dom Fernando Areas Rifan Bispo da Administra\u00e7\u00e3o Apost\u00f3lica Pessoal S\u00e3o Jo\u00e3o Maria Vianney Domingo celebramos a vinda do Divino Esp\u00edrito Santo sobre os Ap\u00f3stolos, a inaugura\u00e7\u00e3o da Igreja. Ele \u00e9 o continuador da obra de Jesus, ele \u00e9 o santificador. Os santos que veneramos na Igreja s\u00e3o obra dos seus dons. Por isso a Igreja &hellip;<\/p>\n<p class=\"read-more\"> <a class=\"\" href=\"https:\/\/www.cnbb.org.br\/anchieta\/\"> <span class=\"screen-reader-text\">Anchieta<\/span> Leia mais &raquo;<\/a><\/p>\n","protected":false},"author":29,"featured_media":0,"comment_status":"closed","ping_status":"open","sticky":false,"template":"","format":"standard","meta":{"site-sidebar-layout":"default","site-content-layout":"default","ast-global-header-display":"","ast-banner-title-visibility":"","ast-main-header-display":"","ast-hfb-above-header-display":"","ast-hfb-below-header-display":"","ast-hfb-mobile-header-display":"","site-post-title":"","ast-breadcrumbs-content":"","ast-featured-img":"","footer-sml-layout":"","theme-transparent-header-meta":"","adv-header-id-meta":"","stick-header-meta":"","header-above-stick-meta":"","header-main-stick-meta":"","header-below-stick-meta":""},"categories":[758],"tags":[],"acf":[],"_links":{"self":[{"href":"https:\/\/www.cnbb.org.br\/cnbb-app\/wp\/v2\/posts\/240020"}],"collection":[{"href":"https:\/\/www.cnbb.org.br\/cnbb-app\/wp\/v2\/posts"}],"about":[{"href":"https:\/\/www.cnbb.org.br\/cnbb-app\/wp\/v2\/types\/post"}],"author":[{"embeddable":true,"href":"https:\/\/www.cnbb.org.br\/cnbb-app\/wp\/v2\/users\/29"}],"replies":[{"embeddable":true,"href":"https:\/\/www.cnbb.org.br\/cnbb-app\/wp\/v2\/comments?post=240020"}],"version-history":[{"count":0,"href":"https:\/\/www.cnbb.org.br\/cnbb-app\/wp\/v2\/posts\/240020\/revisions"}],"wp:attachment":[{"href":"https:\/\/www.cnbb.org.br\/cnbb-app\/wp\/v2\/media?parent=240020"}],"wp:term":[{"taxonomy":"category","embeddable":true,"href":"https:\/\/www.cnbb.org.br\/cnbb-app\/wp\/v2\/categories?post=240020"},{"taxonomy":"post_tag","embeddable":true,"href":"https:\/\/www.cnbb.org.br\/cnbb-app\/wp\/v2\/tags?post=240020"}],"curies":[{"name":"wp","href":"https:\/\/api.w.org\/{rel}","templated":true}]}}