{"id":240128,"date":"2020-06-04T18:04:53","date_gmt":"2020-06-04T21:04:53","guid":{"rendered":"https:\/\/www.cnbb.org.br\/?p=240128"},"modified":"2020-09-08T14:08:44","modified_gmt":"2020-09-08T17:08:44","slug":"sanar-a-terra-para-curar-a-pessoa-humana","status":"publish","type":"post","link":"https:\/\/www.cnbb.org.br\/sanar-a-terra-para-curar-a-pessoa-humana\/","title":{"rendered":"Sanar a Terra para curar a pessoa humana"},"content":{"rendered":"<p style=\"text-align: right\"><strong>Dom Roberto Francisco Ferreria Paz<\/strong><br \/>\n<strong>Bispo de Campos (RJ)<\/strong><\/p>\n<p style=\"text-align: justify\">\n<p style=\"text-align: justify\">O dia 05 de junho celebra o Dia Mundial da Ecologia e do Meio Ambiente, pela Resolu\u00e7\u00e3o n\u00ba 2994, de 14\/01\/99, da ONU, lembrando a Primeira Confer\u00eancia Mundial obre Meio Ambiente e Desenvolvimento realizada em Estocolmo, no dia 05 de junho e 1972. Nessa Confer\u00eancia, chamava-se a aten\u00e7\u00e3o ao tipo de desenvolvimento ideal, que deveria ser compat\u00edvel com a salvaguarda da Cria\u00e7\u00e3o, percebendo-se, j\u00e1, os estragos de uma industrializa\u00e7\u00e3o poluidora e de uma civiliza\u00e7\u00e3o consumista que levava a exaust\u00e3o dos recursos da Terra, impedindo seu equil\u00edbrio.<\/p>\n<p style=\"text-align: justify\">Hoje, h\u00e1 48 anos desta data marcante e prof\u00e9tica, nos encontramos envolvidos por uma pandemia que coloca em cerne nossa sobreviv\u00eancia no planeta. Por mais que se queira vender a vers\u00e3o que o coronav\u00edrus \u00e9 obra de laborat\u00f3rio, a verdade simples, e mais coerente com o surgimento dos outros v\u00edrus e doen\u00e7as que afetaram a humanidade nas \u00faltimas d\u00e9cadas, \u00e9 que s\u00e3o rea\u00e7\u00f5es e consequ\u00eancias da destrui\u00e7\u00e3o do habitat de criaturas e redes de vida que nos protegiam e se tornaram amea\u00e7as pelo descontrole e destrato.<\/p>\n<p style=\"text-align: justify\">Quando perdemos a perspectiva que a Terra \u00e9 um maravilhoso sistema org\u00e2nico vivo e sustent\u00e1vel e nos deixamos levar pela arrog\u00e2ncia e o lucro ign\u00f3bil, destru\u00edmos os alicerces de nossa Casa Comum. Esta pandemia, que nos devolveu a humildade e a no\u00e7\u00e3o de estar pisando em solo sagrado, est\u00e1 a exigir de todos n\u00f3s uma reviravolta em nosso estilo de vida, uma verdadeira convers\u00e3o ecol\u00f3gica, ao dizer do Papa Francisco, para aprender a tratar, olhar e cuidar da Terra com amor e rever\u00eancia.<\/p>\n<p style=\"text-align: justify\">Pensar que derrotando o v\u00edrus da vez tudo volta \u00e0 normalidade \u00e9 ledo engano, na verdade a nossa normalidade era profundamente patog\u00eanica e doentia. Junto aos cuidados do distanciamento social, \u00e9 importante corrigir nossa pegada ecol\u00f3gica, nosso padr\u00e3o de consumo e nosso relacionamento com a pr\u00f3pria vida e o planeta.<\/p>\n<p style=\"text-align: justify\">A vit\u00f3ria sobre o coronav\u00edrus passa pela sana\u00e7\u00e3o da Terra, e tornar-se aliados do Deus da Vida, mantendo em paz a Cria\u00e7\u00e3o e gerando a civiliza\u00e7\u00e3o da responsabilidade, da ternura e do cuidado, para com todas as pessoas e criaturas. Deus seja louvado!<\/p>\n<p>&nbsp;    \t<\/p>\n","protected":false},"excerpt":{"rendered":"<p>Dom Roberto Francisco Ferreria Paz Bispo de Campos (RJ) O dia 05 de junho celebra o Dia Mundial da Ecologia e do Meio Ambiente, pela Resolu\u00e7\u00e3o n\u00ba 2994, de 14\/01\/99, da ONU, lembrando a Primeira Confer\u00eancia Mundial obre Meio Ambiente e Desenvolvimento realizada em Estocolmo, no dia 05 de junho e 1972. Nessa Confer\u00eancia, chamava-se &hellip;<\/p>\n<p class=\"read-more\"> <a class=\"\" href=\"https:\/\/www.cnbb.org.br\/sanar-a-terra-para-curar-a-pessoa-humana\/\"> <span class=\"screen-reader-text\">Sanar a Terra para curar a pessoa humana<\/span> Leia mais &raquo;<\/a><\/p>\n","protected":false},"author":23,"featured_media":0,"comment_status":"closed","ping_status":"open","sticky":false,"template":"","format":"standard","meta":{"site-sidebar-layout":"default","site-content-layout":"default","ast-global-header-display":"","ast-banner-title-visibility":"","ast-main-header-display":"","ast-hfb-above-header-display":"","ast-hfb-below-header-display":"","ast-hfb-mobile-header-display":"","site-post-title":"","ast-breadcrumbs-content":"","ast-featured-img":"","footer-sml-layout":"","theme-transparent-header-meta":"","adv-header-id-meta":"","stick-header-meta":"","header-above-stick-meta":"","header-main-stick-meta":"","header-below-stick-meta":""},"categories":[758],"tags":[],"acf":[],"_links":{"self":[{"href":"https:\/\/www.cnbb.org.br\/cnbb-app\/wp\/v2\/posts\/240128"}],"collection":[{"href":"https:\/\/www.cnbb.org.br\/cnbb-app\/wp\/v2\/posts"}],"about":[{"href":"https:\/\/www.cnbb.org.br\/cnbb-app\/wp\/v2\/types\/post"}],"author":[{"embeddable":true,"href":"https:\/\/www.cnbb.org.br\/cnbb-app\/wp\/v2\/users\/23"}],"replies":[{"embeddable":true,"href":"https:\/\/www.cnbb.org.br\/cnbb-app\/wp\/v2\/comments?post=240128"}],"version-history":[{"count":0,"href":"https:\/\/www.cnbb.org.br\/cnbb-app\/wp\/v2\/posts\/240128\/revisions"}],"wp:attachment":[{"href":"https:\/\/www.cnbb.org.br\/cnbb-app\/wp\/v2\/media?parent=240128"}],"wp:term":[{"taxonomy":"category","embeddable":true,"href":"https:\/\/www.cnbb.org.br\/cnbb-app\/wp\/v2\/categories?post=240128"},{"taxonomy":"post_tag","embeddable":true,"href":"https:\/\/www.cnbb.org.br\/cnbb-app\/wp\/v2\/tags?post=240128"}],"curies":[{"name":"wp","href":"https:\/\/api.w.org\/{rel}","templated":true}]}}