{"id":240181,"date":"2020-06-05T21:02:24","date_gmt":"2020-06-06T00:02:24","guid":{"rendered":"https:\/\/www.cnbb.org.br\/?p=240181"},"modified":"2020-09-08T14:08:41","modified_gmt":"2020-09-08T17:08:41","slug":"mineracao-nao-e-essencial-a-vida-sim","status":"publish","type":"post","link":"https:\/\/www.cnbb.org.br\/mineracao-nao-e-essencial-a-vida-sim\/","title":{"rendered":"Minera\u00e7\u00e3o n\u00e3o \u00e9 essencial. A vida, sim!"},"content":{"rendered":"<p style=\"text-align: right\"><strong>Dom Vicente Ferreira<\/strong><br \/>\n<strong>Bispo Auxiliar de Belo Horizonte (MG)<\/strong><\/p>\n<p>&nbsp;<\/p>\n<p style=\"text-align: right\"><em>\u201cEscolhe, pois, a vida, para que vivas, tu e tua descend\u00eancia\u201d (Dt 30, 19)<\/em><\/p>\n<p style=\"text-align: justify\">Acompanhamos, com muita preocupa\u00e7\u00e3o, os desdobramentos da Pandemia do Covid \u2013 19, em nosso pa\u00eds. Dentre v\u00e1rios desafios que temos, destacamos a rela\u00e7\u00e3o entre minera\u00e7\u00e3o e prolifera\u00e7\u00e3o do v\u00edrus. Se, por um lado, nosso governo federal considera o extrativismo miner\u00e1rio como servi\u00e7o essencial, e que, portanto, n\u00e3o pode parar, por outro lado, vemos aumentar, assustadoramente, o cont\u00e1gio de trabalhadores e comunidades que vivem em territ\u00f3rios miner\u00e1rios.<\/p>\n<p style=\"text-align: justify\">Agrava-se, ainda mais, a constata\u00e7\u00e3o de que a Pandemia, al\u00e9m evidenciar desigualdades absurdas em nossa sociedade, ela mostra o que chamamos de racismo ambiental. Ou seja, estima-se que o n\u00famero de \u00f3bitos entre pessoas brancas \u00e9 muito menor do que entre pessoas negras e ind\u00edgenas, que contraem o v\u00edrus. Da mesma forma, algumas cidades onde h\u00e1 atividades miner\u00e1rias apresentam \u00edndices de mortalidade da popula\u00e7\u00e3o contagiada por Coronav\u00edrus mais altas da m\u00e9dia nacional. Tudo isso nos leva, como Comiss\u00e3o Especial pela Ecologia Integral e Minera\u00e7\u00e3o, a seguir um caminho de den\u00fancia das injusti\u00e7as e an\u00fancios de uma globaliza\u00e7\u00e3o da solidariedade.<\/p>\n<p style=\"text-align: justify\">Recentemente, vivemos a Semana Laudato Si\u00b4, celebrando os cinco anos da Enc\u00edclica do Papa Francisco. Um texto fundamental para nossos dias, porque lan\u00e7a para n\u00f3s o desafiador convite de construir caminhos de Ecologia Integral, cuidando de nossa Casa Comum. Foram muitas e belas inciativas que aconteceram durante a semana. O testemunho de v\u00e1rias lideran\u00e7as que constroem o Reino de Deus anima-nos em nossa miss\u00e3o. Acalentam-nos, ainda, as tantas campanhas lideradas ou apoiadas pela Confer\u00eancia Nacional do Bispos do Brasil \u2013 CNBB. A campanha emergencial \u201c\u00c9 tempo de cuidar\u201d, por exemplo, j\u00e1 beneficiou, em um m\u00eas, mais de cem mil pessoas do Brasil v\u00edtimas da crise sanit\u00e1ria.<\/p>\n<p style=\"text-align: justify\">A iniciativa \u201cA Amaz\u00f4nia precisa de voc\u00ea\u201d est\u00e1 favorecendo iniciativas de solidariedade para os povos deste bioma. Mais recentemente, fomos convidados a participar, como Igreja, da marcha pela vida, juntamente com outras tantas institui\u00e7\u00f5es, em defesa, sobretudo, de nossa democracia. E, assim, tantas outras redes de solidariedade mostram nosso compromisso de amor para com os que mais sofrem.<\/p>\n<p style=\"text-align: justify\">Queremos refor\u00e7ar, ainda, nosso apoio ao manifesto \u201cMinera\u00e7\u00e3o n\u00e3o \u00e9 essencial. A vida, SIM!\u201d, assinado por v\u00e1rias organiza\u00e7\u00f5es eclesiais e civis. Um grito de socorro, sobretudo, em defesa das comunidades que vivem em territ\u00f3rios de minera\u00e7\u00e3o. Suas reivindica\u00e7\u00f5es contemplam a prote\u00e7\u00e3o dos trabalhadores e das comunidades, muitas vezes j\u00e1 enfraquecidas por situa\u00e7\u00f5es prec\u00e1rias de vida, como alto \u00edndice de c\u00e2ncer, doen\u00e7as respirat\u00f3rias etc. Campanhas como essa nos fazem lan\u00e7ar a inquieta pergunta: quando tudo \u00e9 obrigado a entrar em sistema de isolamento social, por que a minera\u00e7\u00e3o, que \u00e9 t\u00e3o perigosa para o contagio do Coronav\u00edrus, n\u00e3o pode parar?<\/p>\n<p style=\"text-align: justify\">Que o Esp\u00edrito Santo, fonte de vida que emana do Cristo Ressuscitado, derrame sobre n\u00f3s os dons necess\u00e1rios para continuarmos enfrentando essa grave Pandemia. E que n\u00e3o tenhamos medo de defender sistemas que operam em favor de nossa vida e dignidade, como o SUS, as alternativas de sustentabilidade econ\u00f4mica que nascem das popula\u00e7\u00f5es ind\u00edgenas e quilombolas, as redes de prote\u00e7\u00e3o do meio ambiente. E que, como rezou o Papa Francisco, em lugar de gastar nossas riquezas para comprar armas, tenhamos mais investimento na ci\u00eancia, para combatermos nossos inimigos vis\u00edveis &#8211; a injusti\u00e7a social &#8211; e invis\u00edveis &#8211; esse v\u00edrus.<\/p>\n<p>&nbsp;    \t<\/p>\n","protected":false},"excerpt":{"rendered":"<p>Dom Vicente Ferreira Bispo Auxiliar de Belo Horizonte (MG) &nbsp; \u201cEscolhe, pois, a vida, para que vivas, tu e tua descend\u00eancia\u201d (Dt 30, 19) Acompanhamos, com muita preocupa\u00e7\u00e3o, os desdobramentos da Pandemia do Covid \u2013 19, em nosso pa\u00eds. Dentre v\u00e1rios desafios que temos, destacamos a rela\u00e7\u00e3o entre minera\u00e7\u00e3o e prolifera\u00e7\u00e3o do v\u00edrus. Se, por &hellip;<\/p>\n<p class=\"read-more\"> <a class=\"\" href=\"https:\/\/www.cnbb.org.br\/mineracao-nao-e-essencial-a-vida-sim\/\"> <span class=\"screen-reader-text\">Minera\u00e7\u00e3o n\u00e3o \u00e9 essencial. A vida, sim!<\/span> Leia mais &raquo;<\/a><\/p>\n","protected":false},"author":100,"featured_media":0,"comment_status":"closed","ping_status":"open","sticky":false,"template":"","format":"standard","meta":{"site-sidebar-layout":"default","site-content-layout":"default","ast-global-header-display":"","ast-banner-title-visibility":"","ast-main-header-display":"","ast-hfb-above-header-display":"","ast-hfb-below-header-display":"","ast-hfb-mobile-header-display":"","site-post-title":"","ast-breadcrumbs-content":"","ast-featured-img":"","footer-sml-layout":"","theme-transparent-header-meta":"","adv-header-id-meta":"","stick-header-meta":"","header-above-stick-meta":"","header-main-stick-meta":"","header-below-stick-meta":""},"categories":[758],"tags":[],"acf":[],"_links":{"self":[{"href":"https:\/\/www.cnbb.org.br\/cnbb-app\/wp\/v2\/posts\/240181"}],"collection":[{"href":"https:\/\/www.cnbb.org.br\/cnbb-app\/wp\/v2\/posts"}],"about":[{"href":"https:\/\/www.cnbb.org.br\/cnbb-app\/wp\/v2\/types\/post"}],"author":[{"embeddable":true,"href":"https:\/\/www.cnbb.org.br\/cnbb-app\/wp\/v2\/users\/100"}],"replies":[{"embeddable":true,"href":"https:\/\/www.cnbb.org.br\/cnbb-app\/wp\/v2\/comments?post=240181"}],"version-history":[{"count":0,"href":"https:\/\/www.cnbb.org.br\/cnbb-app\/wp\/v2\/posts\/240181\/revisions"}],"wp:attachment":[{"href":"https:\/\/www.cnbb.org.br\/cnbb-app\/wp\/v2\/media?parent=240181"}],"wp:term":[{"taxonomy":"category","embeddable":true,"href":"https:\/\/www.cnbb.org.br\/cnbb-app\/wp\/v2\/categories?post=240181"},{"taxonomy":"post_tag","embeddable":true,"href":"https:\/\/www.cnbb.org.br\/cnbb-app\/wp\/v2\/tags?post=240181"}],"curies":[{"name":"wp","href":"https:\/\/api.w.org\/{rel}","templated":true}]}}