{"id":240235,"date":"2020-06-08T11:31:07","date_gmt":"2020-06-08T14:31:07","guid":{"rendered":"https:\/\/www.cnbb.org.br\/?p=240235"},"modified":"2020-09-08T14:08:37","modified_gmt":"2020-09-08T17:08:37","slug":"assim-na-terra-como-na-trindade","status":"publish","type":"post","link":"https:\/\/www.cnbb.org.br\/assim-na-terra-como-na-trindade\/","title":{"rendered":"Assim na Terra como na Trindade"},"content":{"rendered":"<p style=\"text-align: right\"><strong>Dom Jo\u00e3o Justino de Medeiros Silva<br \/>\nArcebispo de Montes Claros<\/strong><\/p>\n<p style=\"text-align: justify\"><strong>\u00a0<\/strong><\/p>\n<p style=\"text-align: justify\">\u00a0\u00a0\u00a0\u00a0\u00a0\u00a0\u00a0\u00a0\u00a0\u00a0\u00a0 Nos primeiros anos de ensino de teologia, no semin\u00e1rio e, depois, na faculdade, vivi uma inquieta\u00e7\u00e3o. Ensinava durante um semestre letivo disciplinas como Cristologia, Trindade e Eclesiologia. S\u00e3o cursos com carga hor\u00e1ria semanal de 4 horas. Aulas expositivas, pesquisas, leituras, provas, elabora\u00e7\u00e3o de textos, faziam parte da rotina de cada conte\u00fado. Eram quase sempre turmas pequenas. Isso facilitava a rela\u00e7\u00e3o professor-aluno, abrindo espa\u00e7o para muitos di\u00e1logos. Contudo, a inquieta\u00e7\u00e3o estava l\u00e1. Ela nascia como pergunta: qual a incid\u00eancia do estudo do dogma de f\u00e9 na vida pessoal de cada um, seja professor, seja aluno?<\/p>\n<p style=\"text-align: justify\">Sim, eu compreendo que a teologia \u00e9 ato segundo. Antes de tudo vem a f\u00e9. Tamb\u00e9m concordo que h\u00e1 uma dimens\u00e3o espiritual da teologia que nos remete ao fazer teol\u00f3gico de joelhos. No entanto, a pergunta \u00e9: depois de estudar o tratado teol\u00f3gico da Trindade, o que muda em nossa vida? Quais as implica\u00e7\u00f5es que a reflex\u00e3o teol\u00f3gica, sobre o mist\u00e9rio de Cristo, traz para a vida de um estudante de teologia? Essa pergunta se desdobra para todos os crist\u00e3os. Como minha vida, minha hist\u00f3ria \u00e9 marcada pela f\u00e9 que professo?<\/p>\n<p style=\"text-align: justify\">\u00a0\u00a0\u00a0\u00a0\u00a0\u00a0\u00a0\u00a0\u00a0\u00a0\u00a0 Ent\u00e3o, me deparei com uma bel\u00edssima obra intitulada \u201cAssim na Terra como na Trindade\u201d, de autoria do te\u00f3logo argentino Enrique Camb\u00f3n, publicada no Brasil pela Editora Cidade Nova, no ano 2000. O subt\u00edtulo \u00e9 autoexplicativo: \u201cO que significam as rela\u00e7\u00f5es trinit\u00e1rias na vida em sociedade?\u201d Essa pergunta me remeteu \u00e0 inquieta\u00e7\u00e3o j\u00e1 referida. Qual a implica\u00e7\u00e3o da f\u00e9 trinit\u00e1ria para as rela\u00e7\u00f5es do cotidiano? E qual a incid\u00eancia da teologia da Trindade na vida da Igreja?<\/p>\n<p style=\"text-align: justify\">\u00a0\u00a0\u00a0\u00a0\u00a0\u00a0\u00a0\u00a0\u00a0\u00a0\u00a0 O autor parte da afirma\u00e7\u00e3o de que \u201ca novidade crist\u00e3 n\u00e3o est\u00e1 em crer que Deus existe, e sim que \u2018Deus \u00e9 amor\u2019 (1Jo 4,8.16)\u201d. Recorda que a l\u00f3gica do amor exige que, na vida intradivina, haja pluralidade, alteridade, comunica\u00e7\u00e3o, reciprocidade. Logo, se prop\u00f5e a investigar sobre qual \u00e9 e o que significa concretamente a liga\u00e7\u00e3o entre Trindade e exist\u00eancia humana. E produz uma profunda teologia que merece ser conhecida.<\/p>\n<p style=\"text-align: justify\">\u00a0\u00a0\u00a0\u00a0\u00a0\u00a0\u00a0\u00a0\u00a0\u00a0\u00a0 Quero partilhar com voc\u00ea, caro leitor, a cita\u00e7\u00e3o que Enrique Cambon tomou dos Bispos de Navarra e do Pa\u00eds Basco. Ilustra bem o alcance de um estilo trinit\u00e1rio de vida apresentado pelo autor: \u201cConfessar a Trindade n\u00e3o quer dizer, apenas, reconhec\u00ea-la como princ\u00edpio, mas, tamb\u00e9m, aceit\u00e1-la como modelo \u00faltimo da nossa vida. Quando afirmamos e respeitamos as diversidades e o pluralismo entre os seres humanos, na pr\u00e1tica confessamos a distin\u00e7\u00e3o trinit\u00e1ria de pessoas. Quando eliminamos as dist\u00e2ncias e trabalhamos para realizar a efetiva igualdade entre homem e mulher, entre afortunados e despossu\u00eddos, entre pr\u00f3ximos e distantes, afirmamos, na pr\u00e1tica, a igualdade das pessoas da Trindade. Quando nos esfor\u00e7amos por ter \u2018um s\u00f3 cora\u00e7\u00e3o e uma s\u00f3 alma\u2019 e aprendemos a colocar tudo em comum, para que ningu\u00e9m tenha de passar pela indig\u00eancia, estamos confessando o \u00fanico Deus e acolhendo em n\u00f3s a sua vida trinit\u00e1ria\u201d.<\/p>\n<p style=\"text-align: justify\">\u00a0\u00a0\u00a0\u00a0\u00a0\u00a0\u00a0\u00a0\u00a0\u00a0\u00a0 Ao celebrar a Solenidade da Sant\u00edssima Trindade, no domingo seguinte ao de Pentecostes, n\u00e3o deixe de conferir se sua mentalidade, seus valores, seus princ\u00edpios \u00e9ticos, suas causas&#8230; est\u00e3o em sintonia com o mist\u00e9rio trinit\u00e1rio. \u00c9 preciso dizer, inclusive, que n\u00e3o \u00e9 coerente professar a f\u00e9 em Deus Uno e Trino e levantar bandeiras antidemocr\u00e1ticas.<\/p>\n<p>&nbsp;    \t<\/p>\n","protected":false},"excerpt":{"rendered":"<p>Dom Jo\u00e3o Justino de Medeiros Silva Arcebispo de Montes Claros \u00a0 \u00a0\u00a0\u00a0\u00a0\u00a0\u00a0\u00a0\u00a0\u00a0\u00a0\u00a0 Nos primeiros anos de ensino de teologia, no semin\u00e1rio e, depois, na faculdade, vivi uma inquieta\u00e7\u00e3o. Ensinava durante um semestre letivo disciplinas como Cristologia, Trindade e Eclesiologia. S\u00e3o cursos com carga hor\u00e1ria semanal de 4 horas. Aulas expositivas, pesquisas, leituras, provas, elabora\u00e7\u00e3o de &hellip;<\/p>\n<p class=\"read-more\"> <a class=\"\" href=\"https:\/\/www.cnbb.org.br\/assim-na-terra-como-na-trindade\/\"> <span class=\"screen-reader-text\">Assim na Terra como na Trindade<\/span> Leia mais &raquo;<\/a><\/p>\n","protected":false},"author":64,"featured_media":0,"comment_status":"closed","ping_status":"open","sticky":false,"template":"","format":"standard","meta":{"site-sidebar-layout":"default","site-content-layout":"default","ast-global-header-display":"","ast-banner-title-visibility":"","ast-main-header-display":"","ast-hfb-above-header-display":"","ast-hfb-below-header-display":"","ast-hfb-mobile-header-display":"","site-post-title":"","ast-breadcrumbs-content":"","ast-featured-img":"","footer-sml-layout":"","theme-transparent-header-meta":"","adv-header-id-meta":"","stick-header-meta":"","header-above-stick-meta":"","header-main-stick-meta":"","header-below-stick-meta":""},"categories":[758],"tags":[],"acf":[],"_links":{"self":[{"href":"https:\/\/www.cnbb.org.br\/cnbb-app\/wp\/v2\/posts\/240235"}],"collection":[{"href":"https:\/\/www.cnbb.org.br\/cnbb-app\/wp\/v2\/posts"}],"about":[{"href":"https:\/\/www.cnbb.org.br\/cnbb-app\/wp\/v2\/types\/post"}],"author":[{"embeddable":true,"href":"https:\/\/www.cnbb.org.br\/cnbb-app\/wp\/v2\/users\/64"}],"replies":[{"embeddable":true,"href":"https:\/\/www.cnbb.org.br\/cnbb-app\/wp\/v2\/comments?post=240235"}],"version-history":[{"count":0,"href":"https:\/\/www.cnbb.org.br\/cnbb-app\/wp\/v2\/posts\/240235\/revisions"}],"wp:attachment":[{"href":"https:\/\/www.cnbb.org.br\/cnbb-app\/wp\/v2\/media?parent=240235"}],"wp:term":[{"taxonomy":"category","embeddable":true,"href":"https:\/\/www.cnbb.org.br\/cnbb-app\/wp\/v2\/categories?post=240235"},{"taxonomy":"post_tag","embeddable":true,"href":"https:\/\/www.cnbb.org.br\/cnbb-app\/wp\/v2\/tags?post=240235"}],"curies":[{"name":"wp","href":"https:\/\/api.w.org\/{rel}","templated":true}]}}