{"id":240256,"date":"2020-06-08T14:27:04","date_gmt":"2020-06-08T17:27:04","guid":{"rendered":"https:\/\/www.cnbb.org.br\/?p=240256"},"modified":"2020-06-08T14:27:04","modified_gmt":"2020-06-08T17:27:04","slug":"em-reuniao-comissao-para-os-ministerios-ordenados-define-data-para-encontro-ampliado","status":"publish","type":"post","link":"https:\/\/www.cnbb.org.br\/em-reuniao-comissao-para-os-ministerios-ordenados-define-data-para-encontro-ampliado\/","title":{"rendered":"Em reuni\u00e3o, Comiss\u00e3o para os Minist\u00e9rios Ordenados define data para encontro ampliado"},"content":{"rendered":"<p style=\"text-align: justify\">Em tempos de pandemia e isolamento social, a Comiss\u00e3o Episcopal Pastoral para os Minist\u00e9rios Ordenados e a Vida Consagrada (CMOVIC) da Confer\u00eancia Nacional dos Bispos do Brasil (CNBB), vem realizando encontros atrav\u00e9s de plataformas de videoconfer\u00eancia. Na \u00faltima reuni\u00e3o, dia 03 de junho, foram definidos os detalhes do encontro ampliado da comiss\u00e3o, que estava inicialmente planejado para ocorrer em setembro, mas, devido \u00e0 necessidade de cancelamento dos v\u00e1rios eventos presenciais, foi transferido para outubro e ser\u00e1 realizado por videoconfer\u00eancia.<\/p>\n<p style=\"text-align: justify\">Participaram da reuni\u00e3o os bispos e assessores da Comiss\u00e3o \u2013 dom Jo\u00e3o Francisco Salm (Presidente); dom Jo\u00e3o In\u00e1cio M\u00fcller; dom Jos\u00e9 Albuquerque de Ara\u00fajo; padre Jo\u00e3o C\u00e2ndido da Silva Neto e padre Juarez Albino Destro, \u2013 e os presidentes dos organismos que comp\u00f5em a comiss\u00e3o: di\u00e1cono Francisco Salvador Pontes Filho, da Comiss\u00e3o Nacional dos Di\u00e1conos; Aparecida de Guadalupe Cafaro, da Confer\u00eancia Nacional dos Institutos Seculares; irm\u00e3 Maria In\u00eas Ribeiro, presidente da Confer\u00eancia dos Religiosos do Brasil, padre Jer\u00f4nimo Batista de Ara\u00fajo, da Organiza\u00e7\u00e3o dos Semin\u00e1rios e Institutos do Brasil.<\/p>\n<p style=\"text-align: justify\">Na ocasi\u00e3o, foi definido que o Encontro Ampliado da Comiss\u00e3o ter\u00e1 uma din\u00e2mica em tr\u00eas momentos, sempre atrav\u00e9s de videoconfer\u00eancia. No dia 19 de outubro, na segunda-feira, das 9 \u00e0s 11 horas, haver\u00e1 um encontro formativo, reunindo os coordenadores regionais dos v\u00e1rios organismos que comp\u00f5em a comiss\u00e3o. Dois assessores estar\u00e3o trabalhando o tema vocacional em tempos de pandemia ou p\u00f3s-pandemia: \u201cUm novo tempo, uma nova Igreja\u201d.<\/p>\n<p style=\"text-align: justify\">No dia 20 e 21 de outubro, ter\u00e7a e quarta-feira, em hor\u00e1rios distintos, haver\u00e1 o encontro dos organismos, em separado. A Pastoral Vocacional se reunir\u00e1 no dia 20, \u00e0s 9h. A Confer\u00eancia dos Religiosos do Brasil (CRB) far\u00e1 sua reuni\u00e3o no dia 20, \u00e0s 9 horas. A da Confer\u00eancia Nacional dos Institutos Seculares (CNIS) ir\u00e1 ocorrer no dia 20, \u00e0s 14h30. A da Organiza\u00e7\u00e3o dos Semin\u00e1rios e Institutos do Brasil (OSIB) ser\u00e1 no dia dia 21, \u00e0s 9 horas. Tamb\u00e9m no mesmo dia, 21, haver\u00e1 a reuni\u00e3o da Comiss\u00e3o Nacional dos Di\u00e1conos (CND) \u00e0s 9 horas. E a reuni\u00e3o da Comiss\u00e3o Nacional de Presb\u00edteros (CNP) ocorrer\u00e1 em dia e hor\u00e1rio, ainda a ser confirmado.<\/p>\n<p style=\"text-align: justify\">No dia 22 de outubro, quinta-feira, das 9 \u00e0s 11 horas, haver\u00e1 o encontro dos membros da Comiss\u00e3o com os presidentes dos organismos que comp\u00f5em a Comiss\u00e3o.<\/p>\n<p style=\"text-align: justify\">Na reuni\u00e3o, ainda, foram repassadas informa\u00e7\u00f5es sobre o M\u00eas Vocacional de 2020, com a apresenta\u00e7\u00e3o do cartaz e do conte\u00fado do subs\u00eddio, que est\u00e1 em fase final de produ\u00e7\u00e3o, e em breve ser\u00e1 disponibilizado no site da Editora da CNBB, a Edi\u00e7\u00f5es CNBB. &#8220;Tamb\u00e9m, na reuni\u00e3o se apresentou a realidade dos ministros ordenados e das pessoas de vida consagrada infectados ou falecidos pela Covid-19. S\u00e3o 4 \u00f3bitos de di\u00e1conos permanentes e mais de 15 padres falecidos em todo o Brasil. A CRB, embora n\u00e3o tenha os dados estat\u00edsticos, apresentou v\u00e1rios casos de pessoas infectadas e falecimentos&#8221;, informou a Comiss\u00e3o.<\/p>\n<p><a href=\"https:\/\/www.cnbb.org.br\/wp-content\/uploads\/2020\/06\/2ffc9c48-c1aa-4286-a58a-a7727b25553f.jpg\" data-rel=\"lightbox-image-0\" data-rl_title=\"\" data-rl_caption=\"\" title=\"\"><img decoding=\"async\" loading=\"lazy\" class=\" wp-image-240279 aligncenter\" src=\"https:\/\/www.cnbb.org.br\/wp-content\/uploads\/2020\/06\/2ffc9c48-c1aa-4286-a58a-a7727b25553f.jpg\" alt=\"\" width=\"461\" height=\"816\" srcset=\"https:\/\/www.cnbb.org.br\/wp-content\/uploads\/2020\/06\/2ffc9c48-c1aa-4286-a58a-a7727b25553f.jpg 610w, https:\/\/www.cnbb.org.br\/wp-content\/uploads\/2020\/06\/2ffc9c48-c1aa-4286-a58a-a7727b25553f-169x300.jpg 169w, https:\/\/www.cnbb.org.br\/wp-content\/uploads\/2020\/06\/2ffc9c48-c1aa-4286-a58a-a7727b25553f-578x1024.jpg 578w, https:\/\/www.cnbb.org.br\/wp-content\/uploads\/2020\/06\/2ffc9c48-c1aa-4286-a58a-a7727b25553f-500x885.jpg 500w\" sizes=\"(max-width: 461px) 100vw, 461px\" \/><\/a><\/p>\n<p>Baixe (<a href=\"https:\/\/www.cnbb.org.br\/wp-content\/uploads\/2020\/06\/CartazMesVocacional.pdf\">aqui<\/a>) o cartaz do m\u00eas vocacional.    \t<\/p>\n","protected":false},"excerpt":{"rendered":"<p>Na reuni\u00e3o tamb\u00e9m foram repassadas informa\u00e7\u00f5es sobre o M\u00eas Vocacional 2020, com a apresenta\u00e7\u00e3o do cartaz e do subs\u00eddio<\/p>\n","protected":false},"author":83,"featured_media":240276,"comment_status":"closed","ping_status":"open","sticky":false,"template":"","format":"standard","meta":{"site-sidebar-layout":"default","site-content-layout":"default","ast-global-header-display":"","ast-banner-title-visibility":"","ast-main-header-display":"","ast-hfb-above-header-display":"","ast-hfb-below-header-display":"","ast-hfb-mobile-header-display":"","site-post-title":"","ast-breadcrumbs-content":"","ast-featured-img":"","footer-sml-layout":"","theme-transparent-header-meta":"","adv-header-id-meta":"","stick-header-meta":"","header-above-stick-meta":"","header-main-stick-meta":"","header-below-stick-meta":""},"categories":[807],"tags":[2157,2069,2048],"acf":[],"_links":{"self":[{"href":"https:\/\/www.cnbb.org.br\/cnbb-app\/wp\/v2\/posts\/240256"}],"collection":[{"href":"https:\/\/www.cnbb.org.br\/cnbb-app\/wp\/v2\/posts"}],"about":[{"href":"https:\/\/www.cnbb.org.br\/cnbb-app\/wp\/v2\/types\/post"}],"author":[{"embeddable":true,"href":"https:\/\/www.cnbb.org.br\/cnbb-app\/wp\/v2\/users\/83"}],"replies":[{"embeddable":true,"href":"https:\/\/www.cnbb.org.br\/cnbb-app\/wp\/v2\/comments?post=240256"}],"version-history":[{"count":0,"href":"https:\/\/www.cnbb.org.br\/cnbb-app\/wp\/v2\/posts\/240256\/revisions"}],"wp:featuredmedia":[{"embeddable":true,"href":"https:\/\/www.cnbb.org.br\/cnbb-app\/wp\/v2\/media\/240276"}],"wp:attachment":[{"href":"https:\/\/www.cnbb.org.br\/cnbb-app\/wp\/v2\/media?parent=240256"}],"wp:term":[{"taxonomy":"category","embeddable":true,"href":"https:\/\/www.cnbb.org.br\/cnbb-app\/wp\/v2\/categories?post=240256"},{"taxonomy":"post_tag","embeddable":true,"href":"https:\/\/www.cnbb.org.br\/cnbb-app\/wp\/v2\/tags?post=240256"}],"curies":[{"name":"wp","href":"https:\/\/api.w.org\/{rel}","templated":true}]}}