{"id":24027,"date":"2011-05-26T00:00:00","date_gmt":"2011-05-26T03:00:00","guid":{"rendered":"https:\/\/www.cnbb.org.br\/diocese-de-alto-solimoes-acolhe-encontro-regional-de-leigos\/"},"modified":"2011-05-26T00:00:00","modified_gmt":"2011-05-26T03:00:00","slug":"diocese-de-alto-solimoes-acolhe-encontro-regional-de-leigos","status":"publish","type":"post","link":"https:\/\/www.cnbb.org.br\/diocese-de-alto-solimoes-acolhe-encontro-regional-de-leigos\/","title":{"rendered":"Diocese de Alto Solim\u00f5es acolhe encontro Regional de leigos"},"content":{"rendered":"<p style=\"text-align: justify\">\u201cAjudar os leigos a aprofundarem sua voca\u00e7\u00e3o e miss\u00e3o e articular o laicato da diocese\u201d. Estes foram os objetivos do encontro de leigos realizado pelo Regional Norte 1 da CNBB (Norte do Amazonas e Roraima) e pelo Setor Leigos da CNBB. O encontro aconteceu no \u00faltimo fim de semana, dias 21 e 22, e foi acolhido pela diocese de Alto Solim\u00f5es, em Tabatinga (AM).<\/p>\n<p>  <!--more-->  <\/p>\n<p style=\"text-align: justify\">O assessor do Setor Leigos da CNBB, Ant\u00f4nio Geraldo Aguiar, orientou a reuni\u00e3o que teve a participa\u00e7\u00e3o de 60 pessoas vindas de sete das nove dioceses e prelazias que comp\u00f5em o Regional.\u00a0 Aguiar falou sobre a voca\u00e7\u00e3o e a miss\u00e3o dos leigos a partir do documento 62 da CNBB (Miss\u00e3o e Minist\u00e9rios dos crist\u00e3os leigos e leigas) e tamb\u00e9m sobre o Conselho de Leigos.<\/p>\n<p>A mission\u00e1ria K\u00e1tia Francisco da Costa Serudo, 52, membro da Equipe de Articula\u00e7\u00e3o do Laicato no Regional, destacou a import\u00e2ncia do encontro e o fato de ter sido realizado pela primeira vez na diocese de Alto Solim\u00f5es.<\/p>\n<p>\u201cNossa maior dificuldade na articula\u00e7\u00e3o dos leigos [no Regional] s\u00e3o as dist\u00e2ncias e a quest\u00e3o financeira. Por isso, foi muito positiva a realiza\u00e7\u00e3o, pela primeira vez, de um encontro de leigos em n\u00edvel Regional em Tabatinga\u201d, disse K\u00e1tia.<\/p>\n<p>K\u00e1tia ressaltou, ainda, \u201ca presen\u00e7a em massa de jovens\u201d no encontro de Tabatinga e falou de suas expectativas a partir da reuni\u00e3o. \u201cA expectativa \u00e9 de que, a partir deste encontro, haja a articula\u00e7\u00e3o [dos leigos]\u201d, explica. <\/p>\n<p>Uma equipe de seis pessoas, de tr\u00eas par\u00f3quias da diocese, foi formada para iniciar a organiza\u00e7\u00e3o do laicato de Alto Solim\u00f5es com vista a formar o Conselho Diocesano de Leigos. \u201cEste ano ainda pretendemos voltar [\u00e0 diocese de Alto Solim\u00f5es] para dar uma forma\u00e7\u00e3o espec\u00edfica para o laicato\u201d, disse K\u00e1tia.<\/p>\n","protected":false},"excerpt":{"rendered":"<p>\u201cAjudar os leigos a aprofundarem sua voca\u00e7\u00e3o e miss\u00e3o e articular o laicato da diocese\u201d. Estes foram os objetivos do encontro de leigos realizado pelo Regional Norte 1 da CNBB (Norte do Amazonas e Roraima) e pelo Setor Leigos da CNBB. O encontro aconteceu no \u00faltimo fim de semana, dias 21 e 22, e foi &hellip;<\/p>\n<p class=\"read-more\"> <a class=\"\" href=\"https:\/\/www.cnbb.org.br\/diocese-de-alto-solimoes-acolhe-encontro-regional-de-leigos\/\"> <span class=\"screen-reader-text\">Diocese de Alto Solim\u00f5es acolhe encontro Regional de leigos<\/span> Leia mais &raquo;<\/a><\/p>\n","protected":false},"author":83,"featured_media":24028,"comment_status":"open","ping_status":"open","sticky":false,"template":"","format":"standard","meta":{"site-sidebar-layout":"default","site-content-layout":"default","ast-global-header-display":"","ast-banner-title-visibility":"","ast-main-header-display":"","ast-hfb-above-header-display":"","ast-hfb-below-header-display":"","ast-hfb-mobile-header-display":"","site-post-title":"","ast-breadcrumbs-content":"","ast-featured-img":"","footer-sml-layout":"","theme-transparent-header-meta":"","adv-header-id-meta":"","stick-header-meta":"","header-above-stick-meta":"","header-main-stick-meta":"","header-below-stick-meta":""},"categories":[836,769],"tags":[],"acf":[],"_links":{"self":[{"href":"https:\/\/www.cnbb.org.br\/cnbb-app\/wp\/v2\/posts\/24027"}],"collection":[{"href":"https:\/\/www.cnbb.org.br\/cnbb-app\/wp\/v2\/posts"}],"about":[{"href":"https:\/\/www.cnbb.org.br\/cnbb-app\/wp\/v2\/types\/post"}],"author":[{"embeddable":true,"href":"https:\/\/www.cnbb.org.br\/cnbb-app\/wp\/v2\/users\/83"}],"replies":[{"embeddable":true,"href":"https:\/\/www.cnbb.org.br\/cnbb-app\/wp\/v2\/comments?post=24027"}],"version-history":[{"count":0,"href":"https:\/\/www.cnbb.org.br\/cnbb-app\/wp\/v2\/posts\/24027\/revisions"}],"wp:featuredmedia":[{"embeddable":true,"href":"https:\/\/www.cnbb.org.br\/cnbb-app\/wp\/v2\/media\/24028"}],"wp:attachment":[{"href":"https:\/\/www.cnbb.org.br\/cnbb-app\/wp\/v2\/media?parent=24027"}],"wp:term":[{"taxonomy":"category","embeddable":true,"href":"https:\/\/www.cnbb.org.br\/cnbb-app\/wp\/v2\/categories?post=24027"},{"taxonomy":"post_tag","embeddable":true,"href":"https:\/\/www.cnbb.org.br\/cnbb-app\/wp\/v2\/tags?post=24027"}],"curies":[{"name":"wp","href":"https:\/\/api.w.org\/{rel}","templated":true}]}}