{"id":240297,"date":"2020-06-08T15:30:12","date_gmt":"2020-06-08T18:30:12","guid":{"rendered":"https:\/\/www.cnbb.org.br\/?p=240297"},"modified":"2020-09-08T14:08:35","modified_gmt":"2020-09-08T17:08:35","slug":"comunidade-de-amor-2","status":"publish","type":"post","link":"https:\/\/www.cnbb.org.br\/comunidade-de-amor-2\/","title":{"rendered":"Comunidade de amor"},"content":{"rendered":"<p style=\"text-align: right\"><strong>Dom Paulo Ant\u00f4nio De Conto<br \/>\nAdministrador Apost\u00f3lico da diocese de Nova Friburgo<\/p>\n<p><\/strong><\/p>\n<p style=\"text-align: justify\">Queridos irm\u00e3os e irm\u00e3s, com grande pesar, acompanhamos nos \u00faltimos dias atitudes que dilaceram a ess\u00eancia da humanidade.<\/p>\n<p style=\"text-align: justify\">Muitos pensadores, como Arist\u00f3teles, Marx e Engels categorizavam o Homem, por sua natureza, como um Animal Social. A doutrina cat\u00f3lica vai al\u00e9m e enfatiza que o ser humano tem necessidade da vida social, n\u00e3o como algo acess\u00f3rio, e \u201c<em>gra\u00e7as ao contato com os demais, ao servi\u00e7o m\u00fatuo e ao di\u00e1logo com os seus irm\u00e3os, o homem desenvolve as suas capacidades, e assim responde \u00e0 sua voca\u00e7\u00e3o<\/em>\u201d (Catecismo da Igreja Cat\u00f3lica, 1879).<\/p>\n<p style=\"text-align: justify\">O Conc\u00edlio Vaticano II, reunindo as conclus\u00f5es e defini\u00e7\u00f5es a respeito da rela\u00e7\u00e3o entre indiv\u00edduo e sociedade, ensina que tanto o progresso do ser humano, como o desenvolvimento da sociedade civil acontecem por m\u00fatua coopera\u00e7\u00e3o e depend\u00eancia.<\/p>\n<p style=\"text-align: justify\">Portanto, a vida social n\u00e3o \u00e9 algo estranho ao homem, ou seja, o isolamento fere a ess\u00eancia humana de relacionar-se. O indiv\u00edduo cresce como pessoa quando desenvolve livremente todas as suas qualidades e \u00e9 capaz de responder \u00e0 pr\u00f3pria voca\u00e7\u00e3o, gra\u00e7as ao contato com os demais, ao m\u00fatuo servi\u00e7o e ao di\u00e1logo com seus irm\u00e3os (cf. Gaudium et Spes, 25).<\/p>\n<p style=\"text-align: justify\">Esta reflex\u00e3o, sem d\u00favida alguma, revela o car\u00e1ter paradoxal do momento que estamos vivenciando. O isolamento social como medida de preven\u00e7\u00e3o e diminui\u00e7\u00e3o da propaga\u00e7\u00e3o da pandemia de COVID-19, por um lado fere gravemente nossa natureza social, por outro manifesta um cuidado consigo e com os iguais.<\/p>\n<p style=\"text-align: justify\">Contudo, o isolamento de que trata o documento conciliar refere-se \u00e0quele que diz respeito \u00e0 cultura de morte e descarte praticado por grupos ideol\u00f3gicos que se julgam superiores ao direito universal da dignidade e da vida.<\/p>\n<p style=\"text-align: justify\">Assim, toda pol\u00edtica que ignora o valor da fam\u00edlia, da religiosidade e da democracia tende \u00e0 destrui\u00e7\u00e3o da sociedade como \u201c<em>um conjunto de pessoas ligadas de modo org\u00e2nico por um princ\u00edpio de unidade que ultrapassa cada uma delas<\/em>\u201d (Catecismo da Igreja Cat\u00f3lica, 1880).<\/p>\n<p style=\"text-align: justify\">O Conc\u00edlio ainda adverte para o mal causado ao cora\u00e7\u00e3o do homem pelas vicissitudes presentes na hist\u00f3ria, perpetuados em desejo de \u00f3dio, preconceito e viol\u00eancia. \u201c<em>Onde a ordem das coisas se encontra viciada pelas consequ\u00eancias do pecado, o homem, nascido com uma inclina\u00e7\u00e3o para o mal, encontra novos incitamentos para o pecado, que n\u00e3o pode superar sem grandes esfor\u00e7os e ajudado pela gra\u00e7a<\/em>\u201d (Gaudium et Spes, 25).<\/p>\n<p style=\"text-align: justify\">Por certo, as perturba\u00e7\u00f5es t\u00e3o frequentes da ordem social v\u00eam, em grande parte, das tens\u00f5es existentes no seio das formas econ\u00f4micas, pol\u00edticas e sociais, alimentadas pelo ego\u00edsmo e pelo orgulho dos indiv\u00edduos, os quais tamb\u00e9m pervertem o ambiente social.<\/p>\n<p style=\"text-align: justify\">A n\u00edvel de ilustra\u00e7\u00e3o desta reflex\u00e3o, tomamos a crescente viol\u00eancia sofrida por grupos sociais, que historicamente tiveram sua dignidade ignorada por serem julgados inferiores aos demais. A escravid\u00e3o e a persegui\u00e7\u00e3o nazista s\u00e3o, com toda certeza, mostras da crueldade que pode ser levada \u00e0 sociedade.<\/p>\n<p style=\"text-align: justify\">Infelizmente estas marcas hist\u00f3ricas se perpetuam na cultura de muitas sociedades, ou pelo menos em parcela delas. Diante dos \u00faltimos acontecimentos, o Papa Francisco conclamou toda a humanidade \u00e0 unidade e \u00e0 ora\u00e7\u00e3o contra todo e qualquer atitude de racismo e preconceito: \u201c<em>n\u00e3o podemos tolerar nem fechar os olhos para qualquer tipo de racismo ou de exclus\u00e3o e pretender defender a sacralidade de cada vida humana. Ao mesmo tempo, devemos reconhecer que a viol\u00eancia das \u00faltimas noites \u00e9 autodestrutiva e autolesionista. Nada se ganha com a viol\u00eancia e muito se perde<\/em>\u201d (Audi\u00eancia Geral, 3 jun. 2020).<\/p>\n<p style=\"text-align: justify\">Unamo-nos, pois, como uma verdadeira comunidade de amor afim de superar os discursos de \u00f3dio e construirmos uma sociedade mais justa e fraterna.<\/p>\n<p>&nbsp;<\/p>\n<p>&nbsp;    \t<\/p>\n","protected":false},"excerpt":{"rendered":"<p>Dom Paulo Ant\u00f4nio De Conto Administrador Apost\u00f3lico da diocese de Nova Friburgo Queridos irm\u00e3os e irm\u00e3s, com grande pesar, acompanhamos nos \u00faltimos dias atitudes que dilaceram a ess\u00eancia da humanidade. Muitos pensadores, como Arist\u00f3teles, Marx e Engels categorizavam o Homem, por sua natureza, como um Animal Social. A doutrina cat\u00f3lica vai al\u00e9m e enfatiza que &hellip;<\/p>\n<p class=\"read-more\"> <a class=\"\" href=\"https:\/\/www.cnbb.org.br\/comunidade-de-amor-2\/\"> <span class=\"screen-reader-text\">Comunidade de amor<\/span> Leia mais &raquo;<\/a><\/p>\n","protected":false},"author":84,"featured_media":0,"comment_status":"closed","ping_status":"open","sticky":false,"template":"","format":"standard","meta":{"site-sidebar-layout":"default","site-content-layout":"default","ast-global-header-display":"","ast-banner-title-visibility":"","ast-main-header-display":"","ast-hfb-above-header-display":"","ast-hfb-below-header-display":"","ast-hfb-mobile-header-display":"","site-post-title":"","ast-breadcrumbs-content":"","ast-featured-img":"","footer-sml-layout":"","theme-transparent-header-meta":"","adv-header-id-meta":"","stick-header-meta":"","header-above-stick-meta":"","header-main-stick-meta":"","header-below-stick-meta":""},"categories":[758],"tags":[],"acf":[],"_links":{"self":[{"href":"https:\/\/www.cnbb.org.br\/cnbb-app\/wp\/v2\/posts\/240297"}],"collection":[{"href":"https:\/\/www.cnbb.org.br\/cnbb-app\/wp\/v2\/posts"}],"about":[{"href":"https:\/\/www.cnbb.org.br\/cnbb-app\/wp\/v2\/types\/post"}],"author":[{"embeddable":true,"href":"https:\/\/www.cnbb.org.br\/cnbb-app\/wp\/v2\/users\/84"}],"replies":[{"embeddable":true,"href":"https:\/\/www.cnbb.org.br\/cnbb-app\/wp\/v2\/comments?post=240297"}],"version-history":[{"count":0,"href":"https:\/\/www.cnbb.org.br\/cnbb-app\/wp\/v2\/posts\/240297\/revisions"}],"wp:attachment":[{"href":"https:\/\/www.cnbb.org.br\/cnbb-app\/wp\/v2\/media?parent=240297"}],"wp:term":[{"taxonomy":"category","embeddable":true,"href":"https:\/\/www.cnbb.org.br\/cnbb-app\/wp\/v2\/categories?post=240297"},{"taxonomy":"post_tag","embeddable":true,"href":"https:\/\/www.cnbb.org.br\/cnbb-app\/wp\/v2\/tags?post=240297"}],"curies":[{"name":"wp","href":"https:\/\/api.w.org\/{rel}","templated":true}]}}