{"id":240311,"date":"2020-06-09T10:43:30","date_gmt":"2020-06-09T13:43:30","guid":{"rendered":"https:\/\/www.cnbb.org.br\/?p=240311"},"modified":"2020-09-08T14:08:34","modified_gmt":"2020-09-08T17:08:34","slug":"e-a-vida-que-importa","status":"publish","type":"post","link":"https:\/\/www.cnbb.org.br\/e-a-vida-que-importa\/","title":{"rendered":"\u00c9 a vida que importa"},"content":{"rendered":"<p style=\"text-align: right\"><strong>Dom Jos\u00e9 Francisco Rezende Dias<\/strong><br \/>\n<strong>Arcebispo de Niter\u00f3i<\/strong><\/p>\n<p style=\"text-align: justify\">\n<p style=\"text-align: justify\">Pandemia \u00e9 um termo usado para determinadas doen\u00e7as que rapidamente se espalham atrav\u00e9s de uma contamina\u00e7\u00e3o sustentada. Determinantes podem ser a gravidade da doen\u00e7a, o seu poder de cont\u00e1gio e a rapidez com que contaminam uma popula\u00e7\u00e3o, em um continente ou em todo o mundo, ao mesmo tempo.<\/p>\n<p style=\"text-align: justify\">No \u00faltimo domingo, o Papa Francisco deixou de lado o texto previsto para afirmar que pessoas s\u00e3o mais importantes que tudo. No momento em que pa\u00edses decidem como v\u00e3o retomar atividades, ap\u00f3s as restri\u00e7\u00f5es da pandemia, o Papa n\u00e3o economizou palavras: curar as pessoas \u00e9 mais importante do que a economia, disse o Papa.<\/p>\n<p style=\"text-align: justify\">\u201cN\u00f3s, pessoas, somos templos do Esp\u00edrito Santo; a economia, n\u00e3o\u201d.<\/p>\n<p style=\"text-align: justify\">Corajosas palavras!<\/p>\n<p style=\"text-align: justify\">Foram recebidas com aplausos pelas pessoas, usando m\u00e1scaras e mantendo dist\u00e2ncia umas das outras, na Pra\u00e7a de S\u00e3o Pedro, reaberta no domingo passado.<\/p>\n<p style=\"text-align: justify\">A \u00faltima vez que o Papa havia se dirigido aos fi\u00e9is, na Pra\u00e7a, havia sido antes da quarentena. Mais de 33 mil pessoas morreram em territ\u00f3rio italiano, por causa da Covid-19, terceiro maior n\u00famero do mundo at\u00e9 este domingo.<\/p>\n<p style=\"text-align: justify\">O Papa manifestou preocupa\u00e7\u00e3o com os povos ind\u00edgenas da Amaz\u00f4nia. Ele relembrou o s\u00ednodo da Amaz\u00f4nia, em outubro do ano passado, e pediu aos fi\u00e9is que \u201cinvoquem o Esp\u00edrito Santo de forma que Ele possa dar luz e for\u00e7a \u00e0 Igreja e \u00e0 sociedade na regi\u00e3o amaz\u00f4nica, extremamente afligidas pela pandemia de Covid-19\u201d.<\/p>\n<p style=\"text-align: justify\">O pont\u00edfice rezou pelos mais pobres e aqueles que n\u00e3o t\u00eam defesas, em todas as regi\u00f5es do mundo: \u201cEu rogo para que n\u00e3o lhes falte cuidado em sa\u00fade\u201d.<\/p>\n<p style=\"text-align: justify\">N\u00e3o \u00e9 recente na hist\u00f3ria ter de lidar com pandemias infecciosas. Surtos de doen\u00e7as repetem-se pelos s\u00e9culos, com semelhan\u00e7as na forma da propaga\u00e7\u00e3o e da conten\u00e7\u00e3o. A crescente prolifera\u00e7\u00e3o do novo coronav\u00edrus j\u00e1 \u00e9 um dos maiores desafios da humanidade.<\/p>\n<p>&nbsp;    \t<\/p>\n","protected":false},"excerpt":{"rendered":"<p>Dom Jos\u00e9 Francisco Rezende Dias Arcebispo de Niter\u00f3i Pandemia \u00e9 um termo usado para determinadas doen\u00e7as que rapidamente se espalham atrav\u00e9s de uma contamina\u00e7\u00e3o sustentada. Determinantes podem ser a gravidade da doen\u00e7a, o seu poder de cont\u00e1gio e a rapidez com que contaminam uma popula\u00e7\u00e3o, em um continente ou em todo o mundo, ao mesmo &hellip;<\/p>\n<p class=\"read-more\"> <a class=\"\" href=\"https:\/\/www.cnbb.org.br\/e-a-vida-que-importa\/\"> <span class=\"screen-reader-text\">\u00c9 a vida que importa<\/span> Leia mais &raquo;<\/a><\/p>\n","protected":false},"author":99,"featured_media":0,"comment_status":"closed","ping_status":"open","sticky":false,"template":"","format":"standard","meta":{"site-sidebar-layout":"default","site-content-layout":"default","ast-global-header-display":"","ast-banner-title-visibility":"","ast-main-header-display":"","ast-hfb-above-header-display":"","ast-hfb-below-header-display":"","ast-hfb-mobile-header-display":"","site-post-title":"","ast-breadcrumbs-content":"","ast-featured-img":"","footer-sml-layout":"","theme-transparent-header-meta":"","adv-header-id-meta":"","stick-header-meta":"","header-above-stick-meta":"","header-main-stick-meta":"","header-below-stick-meta":""},"categories":[758],"tags":[],"acf":[],"_links":{"self":[{"href":"https:\/\/www.cnbb.org.br\/cnbb-app\/wp\/v2\/posts\/240311"}],"collection":[{"href":"https:\/\/www.cnbb.org.br\/cnbb-app\/wp\/v2\/posts"}],"about":[{"href":"https:\/\/www.cnbb.org.br\/cnbb-app\/wp\/v2\/types\/post"}],"author":[{"embeddable":true,"href":"https:\/\/www.cnbb.org.br\/cnbb-app\/wp\/v2\/users\/99"}],"replies":[{"embeddable":true,"href":"https:\/\/www.cnbb.org.br\/cnbb-app\/wp\/v2\/comments?post=240311"}],"version-history":[{"count":0,"href":"https:\/\/www.cnbb.org.br\/cnbb-app\/wp\/v2\/posts\/240311\/revisions"}],"wp:attachment":[{"href":"https:\/\/www.cnbb.org.br\/cnbb-app\/wp\/v2\/media?parent=240311"}],"wp:term":[{"taxonomy":"category","embeddable":true,"href":"https:\/\/www.cnbb.org.br\/cnbb-app\/wp\/v2\/categories?post=240311"},{"taxonomy":"post_tag","embeddable":true,"href":"https:\/\/www.cnbb.org.br\/cnbb-app\/wp\/v2\/tags?post=240311"}],"curies":[{"name":"wp","href":"https:\/\/api.w.org\/{rel}","templated":true}]}}