{"id":240315,"date":"2020-06-09T10:53:27","date_gmt":"2020-06-09T13:53:27","guid":{"rendered":"https:\/\/www.cnbb.org.br\/?p=240315"},"modified":"2020-09-08T14:08:33","modified_gmt":"2020-09-08T17:08:33","slug":"corpus-christi-em-tempos-de-pandemia","status":"publish","type":"post","link":"https:\/\/www.cnbb.org.br\/corpus-christi-em-tempos-de-pandemia\/","title":{"rendered":"Corpus Christi em tempos de pandemia"},"content":{"rendered":"<p style=\"text-align: right\"><strong>Dom Alo\u00edsio A. Dilli <\/strong><br \/>\n<strong>Bispo de Santa Cruz do Sul<\/strong><\/p>\n<p style=\"text-align: justify\">\n<p style=\"text-align: justify\">Caros diocesanos. A Igreja celebra novamente <em>Corpus Christi<\/em>, Corpo de Cristo, solenidade que tem profunda liga\u00e7\u00e3o com a Quinta-feira santa, dia em que Jesus instituiu a eucaristia, o sacerd\u00f3cio e ensinou o mandamento do amor, com o rito do lava-p\u00e9s. No contexto celebrativo da semana santa fica dif\u00edcil valorizar toda riqueza que o mist\u00e9rio da eucaristia merece. Assim sendo, a hist\u00f3ria da liturgia, a partir do s\u00e9c. XIII, fez surgir o que n\u00f3s celebramos em Corpus Christi, tendo como objetivo lit\u00fargico agradecer pela eucaristia e realizar uma manifesta\u00e7\u00e3o p\u00fablica de f\u00e9 na presen\u00e7a real e permanente de Jesus Cristo no P\u00e3o vivo descido do c\u00e9u. Em Corpus Christi, esta atitude de gratid\u00e3o se expressa pela celebra\u00e7\u00e3o da pr\u00f3pria missa e pela prociss\u00e3o solene nas ruas com a H\u00f3stia consagrada. Os enfeites nos caminhos p\u00fablicos e corredores das igrejas, fazem parte desta gratid\u00e3o e deste louvor.<\/p>\n<p style=\"text-align: justify\">Mesmo com toda riqueza celebrativa e do significado da pr\u00f3pria palavra <em>Eucaristia<\/em>, como a\u00e7\u00e3o de gra\u00e7as, devemos abordar outras dimens\u00f5es que ela cont\u00e9m, sobretudo como <em>ceia de comunh\u00e3o<\/em>, <em>sacrif\u00edcio pascal<\/em> e <em>miss\u00e3o<\/em>, pois a espiritualidade eucar\u00edstica revela diversos aspectos em sua unidade indivis\u00edvel: ela nasce numa Ceia pascal que torna presente (mem\u00f3ria) o Sacrif\u00edcio da Cruz e a Ressurrei\u00e7\u00e3o de Cristo (P\u00e1scoa), realizando a maior A\u00e7\u00e3o de Gra\u00e7as poss\u00edvel para a salva\u00e7\u00e3o da humanidade, em todos os tempos, tornando-se fonte e ponto alto da evangeliza\u00e7\u00e3o. Portanto, viver uma espiritualidade de Jesus eucar\u00edstico, longe de qualquer devocionismo ou intimismo, significa comungar sua vida, dada em sacrif\u00edcio, tornando-nos, com Ele e os irm\u00e3os, obla\u00e7\u00e3o e a\u00e7\u00e3o de gra\u00e7as ao Pai em nossa miss\u00e3o evangelizadora. Eucaristia e caridade (servi\u00e7o), portanto, andam de bra\u00e7os dados e essa rela\u00e7\u00e3o nos faz entender porque o evangelista Jo\u00e3o inclui o lava-p\u00e9s (Jo 13) onde os demais evangelistas narram a institui\u00e7\u00e3o da Eucaristia. S\u00e3o Paulo n\u00e3o pensa diferente (1Cor 11, 17-22.27-34). A autenticidade de nossas celebra\u00e7\u00f5es eucar\u00edsticas ser\u00e1 avaliada com este crit\u00e9rio, afirma Jo\u00e3o Paulo II (MND 28). Por isso, em Corpus Christi, faz-se coletas de caridade para os necessitados, ainda mais em tempos de pandemia.<\/p>\n<p style=\"text-align: justify\">Na solenidade de Corpus Christi desejamos louvar e agradecer a Jesus eucar\u00edstico pela sua presen\u00e7a entre n\u00f3s neste sacramento e lhe oferecemos o que de melhor possu\u00edmos, atrav\u00e9s de precioso ostens\u00f3rio, dignos sacr\u00e1rios em nossos templos e ruas enfeitadas com belos s\u00edmbolos religiosos. Contudo, n\u00e3o podemos esquecer o mais importante: acolh\u00ea-lo como divino h\u00f3spede em nossos cora\u00e7\u00f5es, em nossa vida, e sermos sacr\u00e1rios vivos, portadores do Senhor na vida pessoal e familiar, em nossos ambientes de trabalho e de conviv\u00eancia na sociedade.<\/p>\n<p style=\"text-align: justify\">Como ent\u00e3o celebrar Corpus Christi em tempos de pandemia? Estamos fazendo a experi\u00eancia da limitada participa\u00e7\u00e3o na eucaristia presencial, na qual participamos ativamente de sua celebra\u00e7\u00e3o, podendo ent\u00e3o comungar o corpo e o sangue do Senhor. Vencido o coronav\u00edrus, possamos, com alegria, retornar aos nossos templos e participar mais plenamente das celebra\u00e7\u00f5es eucar\u00edsticas. Por ora, acompanhemos as celebra\u00e7\u00f5es pelas redes sociais, r\u00e1dio e TV. No dia de Corpus Christi, ap\u00f3s a missa em nossos templos, tamb\u00e9m haveremos de passar com o Sant\u00edssimo por ruas de nossa cidade e nos locais de atendimento \u00e0 sa\u00fade, recebendo sua b\u00ean\u00e7\u00e3o. Sugerimos a coloca\u00e7\u00e3o de sinais eucar\u00edsticos nesse dia, em nossas casas, e nosso cora\u00e7\u00e3o proclame com frequ\u00eancia: \u201c<em>Gra\u00e7as e louvores se deem a todo momento ao Sant\u00edssimo e divin\u00edssimo sacramento<\/em>\u201d.<\/p>\n<p>&nbsp;<\/p>\n<p>&nbsp;<\/p>\n<p>&nbsp;<\/p>\n<p>&nbsp;    \t<\/p>\n","protected":false},"excerpt":{"rendered":"<p>Dom Alo\u00edsio A. Dilli Bispo de Santa Cruz do Sul Caros diocesanos. A Igreja celebra novamente Corpus Christi, Corpo de Cristo, solenidade que tem profunda liga\u00e7\u00e3o com a Quinta-feira santa, dia em que Jesus instituiu a eucaristia, o sacerd\u00f3cio e ensinou o mandamento do amor, com o rito do lava-p\u00e9s. No contexto celebrativo da semana &hellip;<\/p>\n<p class=\"read-more\"> <a class=\"\" href=\"https:\/\/www.cnbb.org.br\/corpus-christi-em-tempos-de-pandemia\/\"> <span class=\"screen-reader-text\">Corpus Christi em tempos de pandemia<\/span> Leia mais &raquo;<\/a><\/p>\n","protected":false},"author":33,"featured_media":0,"comment_status":"closed","ping_status":"open","sticky":false,"template":"","format":"standard","meta":{"site-sidebar-layout":"default","site-content-layout":"default","ast-global-header-display":"","ast-banner-title-visibility":"","ast-main-header-display":"","ast-hfb-above-header-display":"","ast-hfb-below-header-display":"","ast-hfb-mobile-header-display":"","site-post-title":"","ast-breadcrumbs-content":"","ast-featured-img":"","footer-sml-layout":"","theme-transparent-header-meta":"","adv-header-id-meta":"","stick-header-meta":"","header-above-stick-meta":"","header-main-stick-meta":"","header-below-stick-meta":""},"categories":[758],"tags":[],"acf":[],"_links":{"self":[{"href":"https:\/\/www.cnbb.org.br\/cnbb-app\/wp\/v2\/posts\/240315"}],"collection":[{"href":"https:\/\/www.cnbb.org.br\/cnbb-app\/wp\/v2\/posts"}],"about":[{"href":"https:\/\/www.cnbb.org.br\/cnbb-app\/wp\/v2\/types\/post"}],"author":[{"embeddable":true,"href":"https:\/\/www.cnbb.org.br\/cnbb-app\/wp\/v2\/users\/33"}],"replies":[{"embeddable":true,"href":"https:\/\/www.cnbb.org.br\/cnbb-app\/wp\/v2\/comments?post=240315"}],"version-history":[{"count":0,"href":"https:\/\/www.cnbb.org.br\/cnbb-app\/wp\/v2\/posts\/240315\/revisions"}],"wp:attachment":[{"href":"https:\/\/www.cnbb.org.br\/cnbb-app\/wp\/v2\/media?parent=240315"}],"wp:term":[{"taxonomy":"category","embeddable":true,"href":"https:\/\/www.cnbb.org.br\/cnbb-app\/wp\/v2\/categories?post=240315"},{"taxonomy":"post_tag","embeddable":true,"href":"https:\/\/www.cnbb.org.br\/cnbb-app\/wp\/v2\/tags?post=240315"}],"curies":[{"name":"wp","href":"https:\/\/api.w.org\/{rel}","templated":true}]}}