{"id":24032,"date":"2011-06-20T00:00:00","date_gmt":"2011-06-20T03:00:00","guid":{"rendered":"https:\/\/www.cnbb.org.br\/festa-de-corpos-christi-marca-a-chegada-de-dom-teodoro-mendes-tavares-a-arquidiocese-de-belem\/"},"modified":"2011-06-20T00:00:00","modified_gmt":"2011-06-20T03:00:00","slug":"festa-de-corpos-christi-marca-a-chegada-de-dom-teodoro-mendes-tavares-a-arquidiocese-de-belem","status":"publish","type":"post","link":"https:\/\/www.cnbb.org.br\/festa-de-corpos-christi-marca-a-chegada-de-dom-teodoro-mendes-tavares-a-arquidiocese-de-belem\/","title":{"rendered":"Festa de Corpus Christi marca a chegada de dom Teodoro Mendes Tavares \u00e0 arquidiocese de Bel\u00e9m"},"content":{"rendered":"<p style=\"text-align: justify\">A arquidiocese de Bel\u00e9m (PA) est\u00e1 em fase final de prepara\u00e7\u00e3o para a festividade de Corpus Christi, quinta-feira, 23, e tamb\u00e9m para a apresenta\u00e7\u00e3o do novo bispo auxiliar, dom teodoro Mendes Tavares, que chega a arquidiocese no mesmo dia de Corpos Christi, ap\u00f3s sua ordena\u00e7\u00e3o episcopal, que aconteceu no dia 8 de maio, na ilha de S\u00e3o Tiago, em Cabo Verde, presidida por dom Alberto Taveira, arcebispo de Bel\u00e9m.<\/p>\n<p><!--more--><\/p>\n<p style=\"text-align: justify\">Maria Teresa Guimar\u00e3es \u00e9 natural de Tef\u00e9, no Amazonas, local em que dom Teodoro passou boa parte de seu sacerd\u00f3cio.<\/p>\n<p style=\"text-align: justify\"><img decoding=\"async\" loading=\"lazy\" class=\" alignleft size-full wp-image-10351\" style=\"float: left\" title=\"dom Teodoro Mendes Tavares e dom Alberto Taveira\" src=\"https:\/\/www.cnbb.org.br\/wp-content\/uploads\/2020\/03\/donteodoro-tavares2.jpeg\" alt=\"donteodoro-tavares2\" width=\"250\" height=\"166\" \/>Atualmente morando em Bel\u00e9m, ela \u00e9 amiga do novo bispo. Com a\u00a0 chegada, ela est\u00e1 preparando a casa para receber uma comitiva de leigos e sacerdotes de Tef\u00e9, que acompanhar\u00e3o a apresenta\u00e7\u00e3o de dom Teodoro a Bel\u00e9m na festa de Corpus Christi, no Est\u00e1dio Ol\u00edmpico do Par\u00e1, o Mangueir\u00e3o.<\/p>\n<h4 style=\"text-align: justify\">Tr\u00edduo<\/h4>\n<p style=\"text-align: justify\">Um tr\u00edduo eucar\u00edstico em prepara\u00e7\u00e3o \u00e0 festa de Corpus Christi inicia-se neste domingo 19 em todas as par\u00f3quias da arquidiocese de Bel\u00e9m. Nos tr\u00eas dias que antecedem a celebra\u00e7\u00e3o haver\u00e1 um tema espec\u00edfico. Na segunda-feira ser\u00e1 &#8220;Deixai vir a mim as criancinhas&#8221;; na ter\u00e7a, voltada para a juventude, &#8220;Senhor, o que preciso fazer para ganhar a vida eterna?&#8221; e na quarta-feira: &#8220;Eu e minha fam\u00edlia serviremos o Senhor&#8221;.<\/p>\n","protected":false},"excerpt":{"rendered":"<p>A arquidiocese de Bel\u00e9m (PA) est\u00e1 em fase final de prepara\u00e7\u00e3o para a festividade de Corpus Christi, quinta-feira, 23, e tamb\u00e9m para a apresenta\u00e7\u00e3o do novo bispo auxiliar, dom teodoro Mendes Tavares, que chega a arquidiocese no mesmo dia de Corpos Christi, ap\u00f3s sua ordena\u00e7\u00e3o episcopal, que aconteceu no dia 8 de maio, na ilha &hellip;<\/p>\n<p class=\"read-more\"> <a class=\"\" href=\"https:\/\/www.cnbb.org.br\/festa-de-corpos-christi-marca-a-chegada-de-dom-teodoro-mendes-tavares-a-arquidiocese-de-belem\/\"> <span class=\"screen-reader-text\">Festa de Corpus Christi marca a chegada de dom Teodoro Mendes Tavares \u00e0 arquidiocese de Bel\u00e9m<\/span> Leia mais &raquo;<\/a><\/p>\n","protected":false},"author":83,"featured_media":24033,"comment_status":"open","ping_status":"open","sticky":false,"template":"","format":"standard","meta":{"site-sidebar-layout":"default","site-content-layout":"default","ast-global-header-display":"","ast-banner-title-visibility":"","ast-main-header-display":"","ast-hfb-above-header-display":"","ast-hfb-below-header-display":"","ast-hfb-mobile-header-display":"","site-post-title":"","ast-breadcrumbs-content":"","ast-featured-img":"","footer-sml-layout":"","theme-transparent-header-meta":"","adv-header-id-meta":"","stick-header-meta":"","header-above-stick-meta":"","header-main-stick-meta":"","header-below-stick-meta":""},"categories":[836,769],"tags":[],"acf":[],"_links":{"self":[{"href":"https:\/\/www.cnbb.org.br\/cnbb-app\/wp\/v2\/posts\/24032"}],"collection":[{"href":"https:\/\/www.cnbb.org.br\/cnbb-app\/wp\/v2\/posts"}],"about":[{"href":"https:\/\/www.cnbb.org.br\/cnbb-app\/wp\/v2\/types\/post"}],"author":[{"embeddable":true,"href":"https:\/\/www.cnbb.org.br\/cnbb-app\/wp\/v2\/users\/83"}],"replies":[{"embeddable":true,"href":"https:\/\/www.cnbb.org.br\/cnbb-app\/wp\/v2\/comments?post=24032"}],"version-history":[{"count":0,"href":"https:\/\/www.cnbb.org.br\/cnbb-app\/wp\/v2\/posts\/24032\/revisions"}],"wp:featuredmedia":[{"embeddable":true,"href":"https:\/\/www.cnbb.org.br\/cnbb-app\/wp\/v2\/media\/24033"}],"wp:attachment":[{"href":"https:\/\/www.cnbb.org.br\/cnbb-app\/wp\/v2\/media?parent=24032"}],"wp:term":[{"taxonomy":"category","embeddable":true,"href":"https:\/\/www.cnbb.org.br\/cnbb-app\/wp\/v2\/categories?post=24032"},{"taxonomy":"post_tag","embeddable":true,"href":"https:\/\/www.cnbb.org.br\/cnbb-app\/wp\/v2\/tags?post=24032"}],"curies":[{"name":"wp","href":"https:\/\/api.w.org\/{rel}","templated":true}]}}