{"id":240327,"date":"2020-06-09T11:49:54","date_gmt":"2020-06-09T14:49:54","guid":{"rendered":"https:\/\/www.cnbb.org.br\/?p=240327"},"modified":"2020-09-08T13:52:51","modified_gmt":"2020-09-08T16:52:51","slug":"santo-antonio-um-santo-para-hoje","status":"publish","type":"post","link":"https:\/\/www.cnbb.org.br\/santo-antonio-um-santo-para-hoje\/","title":{"rendered":"Santo Ant\u00f4nio, um santo para hoje"},"content":{"rendered":"<p style=\"text-align: right\"><strong>Dom Adelar Baruffi<\/strong><br \/>\n<strong>Bispo de Cruz Alta<\/strong><\/p>\n<p style=\"text-align: justify\"><strong>\u00a0<\/strong><\/p>\n<p style=\"text-align: justify\"><strong>\u00a0\u00a0\u00a0\u00a0\u00a0\u00a0\u00a0\u00a0\u00a0\u00a0\u00a0 <\/strong>Dia 13 de junho celebramos Santo Ant\u00f4nio. Ele faz jus \u00e0quilo que Papa Francisco escreveu dos santos: \u201c\u00c9 o rosto mais belo da Igreja\u201d (GE, n.9). Mais do que argumentar, estamos no tempo em que \u00e9 preciso narrar e testemunhar. Este \u201cSanto de todo o mundo\u201d, como o chamou o Papa Le\u00e3o XIII, \u00e9 muito mais do que a piedade popular das festas, para conseguir casar ou para achar coisas perdidas. Santo Ant\u00f4nio \u00e9 um homem que est\u00e1 com o Menino Jesus em seu colo, com a Palavra e a caridade.<\/p>\n<p style=\"text-align: justify\">\u00a0\u00a0\u00a0\u00a0\u00a0\u00a0\u00a0\u00a0\u00a0\u00a0\u00a0 \u00c9 portugu\u00eas de origem, nascido em Lisboa, de fam\u00edlia nobre, em 1195. Foi batizado com o nome de Fernando. Uniu-se aos c\u00f4negos que seguiam a regra mon\u00e1stica de Santo Agostinho. Aconteceu a\u00ed o epis\u00f3dio que contribuiu para uma mudan\u00e7a decisiva na sua vida: ali, no ano 1220 foram expostas as rel\u00edquias dos primeiros cinco mission\u00e1rios franciscanos, que tinham ido a Marrocos, onde encontraram o mart\u00edrio. Isto fez nascer no jovem Fernando o desejo de os imitar e de progredir no caminho da perfei\u00e7\u00e3o crist\u00e3: ent\u00e3o, pediu para deixar os c\u00f4negos agostinianos e para se tornar frade menor. O seu pedido foi aceito e, tomando o nome de Ant\u00f4nio, partiu tamb\u00e9m ele para Marrocos, mas a Provid\u00eancia divina disp\u00f4s de outro modo. Ap\u00f3s uma doen\u00e7a, foi obrigado a partir para a It\u00e1lia e, em 1221, participou no famoso &#8220;Cap\u00edtulo das Esteiras&#8221; em Assis, onde encontrou tamb\u00e9m S\u00e3o Francisco. Enviado a pregar por ocasi\u00e3o de uma ordena\u00e7\u00e3o sacerdotal, mostrou ser dotado de ci\u00eancia e eloqu\u00eancia, e os Superiores destinaram-no \u00e0 prega\u00e7\u00e3o. Faleceu aos 13 de junho de 1231, com 35 anos.<\/p>\n<p style=\"text-align: justify\">\u00a0\u00a0\u00a0\u00a0\u00a0\u00a0\u00a0\u00a0\u00a0\u00a0\u00a0 Ant\u00f4nio foi um santo que se moveu pela Palavra, pela f\u00e9 e pela caridade. Carrega consigo, em sua imagem, o Menino Jesus. N\u00e3o tem outra inspira\u00e7\u00e3o para sua vida. Fruto de uma experi\u00eancia m\u00edstica, Ant\u00f4nio o contempla cotidianamente. Somos o que contemplamos. Nossos olhos captam para nossa vida o que o cora\u00e7\u00e3o sente e a imagina\u00e7\u00e3o traz \u00e0 mem\u00f3ria. Para n\u00f3s, deve ser, como para Ant\u00f4nio, Cristo vivo. Onde ele vai, o leva consigo, no cotidiano e nas prega\u00e7\u00f5es. Quando queremos renovar, pela f\u00e9, nosso cristianismo, precisamos de modelos assim. Com a Palavra, pregando, ensinando e testemunhando. Como encontrar-se com Cristo sem sua Palavra? Nela aparece o rosto de Cristo, do evangelho, da boa nova. Seguiu o ensinamento de Francisco de Assis: \u201cPregue o Evangelho em todo tempo. Se necess\u00e1rio, use palavras\u201d. A atualidade de Santo Ant\u00f4nio est\u00e1 no modo como ele acolheu e viveu por Jesus Cristo, carregando-o consigo, como o velho Sime\u00e3o no templo (cf. Lc 2,28) e pelo ardor pela Palavra de Deus.<\/p>\n<p style=\"text-align: justify\">\u00a0\u00a0\u00a0\u00a0\u00a0\u00a0\u00a0\u00a0\u00a0\u00a0\u00a0 Mas sua marca e sua atualidade encontram-se na caridade. \u201cDai aos pobres. Quem n\u00e3o d\u00e1 e fecha as entranhas ao seu irm\u00e3o pobre, peca mortalmente, porque n\u00e3o existe nele a caridade de Deus. Entesoura no C\u00e9u aquele que d\u00e1 a Cristo. D\u00e1 a Cristo, aquele que d\u00e1 ao pobre\u201d. A caridade \u00e9 a marca do crist\u00e3o. Esta \u00e9 a face mais bela da Igreja. Ouvimo-lo pregar: \u201c\u00d3 ricos, tornai-vos amigos dos pobres, acolhei-os nas vossas casas: ser\u00e3o depois eles, os pobres, quem vos acolher\u00e3o nos eternos tabern\u00e1culos\u201d. Santo Ant\u00f4nio, patrono dos pobres, \u00e9 o padroeiro da consci\u00eancia social e torna-se, no nosso tempo, uma luz inspiradora para uma cultura da miseric\u00f3rdia. Mais luminosa ainda que a sua palavra \u00e9 o seu exemplo, na pr\u00e1tica das obras de miseric\u00f3rdia: \u201cDefendia a restitui\u00e7\u00e3o das usuras e de bens extorquidos pela viol\u00eancia, afastava as prostitutas do seu infame modo de vida e convencia os ladr\u00f5es profissionais a n\u00e3o tocarem no bem alheio, mas a trabalharem honestamente para ganhar o p\u00e3o de cada dia\u201d (Santo Ant\u00f4nio).<\/p>\n<p>&nbsp;    \t<\/p>\n","protected":false},"excerpt":{"rendered":"<p>Dom Adelar Baruffi Bispo de Cruz Alta \u00a0 \u00a0\u00a0\u00a0\u00a0\u00a0\u00a0\u00a0\u00a0\u00a0\u00a0\u00a0 Dia 13 de junho celebramos Santo Ant\u00f4nio. Ele faz jus \u00e0quilo que Papa Francisco escreveu dos santos: \u201c\u00c9 o rosto mais belo da Igreja\u201d (GE, n.9). Mais do que argumentar, estamos no tempo em que \u00e9 preciso narrar e testemunhar. Este \u201cSanto de todo o mundo\u201d, &hellip;<\/p>\n<p class=\"read-more\"> <a class=\"\" href=\"https:\/\/www.cnbb.org.br\/santo-antonio-um-santo-para-hoje\/\"> <span class=\"screen-reader-text\">Santo Ant\u00f4nio, um santo para hoje<\/span> Leia mais &raquo;<\/a><\/p>\n","protected":false},"author":26,"featured_media":0,"comment_status":"closed","ping_status":"open","sticky":false,"template":"","format":"standard","meta":{"site-sidebar-layout":"default","site-content-layout":"default","ast-global-header-display":"","ast-banner-title-visibility":"","ast-main-header-display":"","ast-hfb-above-header-display":"","ast-hfb-below-header-display":"","ast-hfb-mobile-header-display":"","site-post-title":"","ast-breadcrumbs-content":"","ast-featured-img":"","footer-sml-layout":"","theme-transparent-header-meta":"","adv-header-id-meta":"","stick-header-meta":"","header-above-stick-meta":"","header-main-stick-meta":"","header-below-stick-meta":""},"categories":[758],"tags":[],"acf":[],"_links":{"self":[{"href":"https:\/\/www.cnbb.org.br\/cnbb-app\/wp\/v2\/posts\/240327"}],"collection":[{"href":"https:\/\/www.cnbb.org.br\/cnbb-app\/wp\/v2\/posts"}],"about":[{"href":"https:\/\/www.cnbb.org.br\/cnbb-app\/wp\/v2\/types\/post"}],"author":[{"embeddable":true,"href":"https:\/\/www.cnbb.org.br\/cnbb-app\/wp\/v2\/users\/26"}],"replies":[{"embeddable":true,"href":"https:\/\/www.cnbb.org.br\/cnbb-app\/wp\/v2\/comments?post=240327"}],"version-history":[{"count":0,"href":"https:\/\/www.cnbb.org.br\/cnbb-app\/wp\/v2\/posts\/240327\/revisions"}],"wp:attachment":[{"href":"https:\/\/www.cnbb.org.br\/cnbb-app\/wp\/v2\/media?parent=240327"}],"wp:term":[{"taxonomy":"category","embeddable":true,"href":"https:\/\/www.cnbb.org.br\/cnbb-app\/wp\/v2\/categories?post=240327"},{"taxonomy":"post_tag","embeddable":true,"href":"https:\/\/www.cnbb.org.br\/cnbb-app\/wp\/v2\/tags?post=240327"}],"curies":[{"name":"wp","href":"https:\/\/api.w.org\/{rel}","templated":true}]}}