{"id":240350,"date":"2020-06-09T15:03:02","date_gmt":"2020-06-09T18:03:02","guid":{"rendered":"https:\/\/www.cnbb.org.br\/?p=240350"},"modified":"2020-06-09T15:03:02","modified_gmt":"2020-06-09T18:03:02","slug":"dom-jose-albuquerque-fala-sobre-a-tematica-e-vivencia-do-mes-vocacional-2020","status":"publish","type":"post","link":"https:\/\/www.cnbb.org.br\/dom-jose-albuquerque-fala-sobre-a-tematica-e-vivencia-do-mes-vocacional-2020\/","title":{"rendered":"Dom Jos\u00e9 Albuquerque fala sobre tem\u00e1tica e viv\u00eancia do M\u00eas Vocacional 2020"},"content":{"rendered":"<p style=\"text-align: justify\">Assumido em \u00e2mbito nacional, em 1981, por dioceses e regionais da Confer\u00eancia Nacional dos Bispos do Brasil (CNBB), o m\u00eas vocacional, celebrado em agosto, tem o intuito de ser um tempo especial de reflex\u00e3o e ora\u00e7\u00e3o pelas voca\u00e7\u00f5es e minist\u00e9rios.<\/p>\n<p style=\"text-align: justify\">Este ano, em espec\u00edfico, a inspira\u00e7\u00e3o principal do m\u00eas vocacional est\u00e1 em sintonia com a Exorta\u00e7\u00e3o P\u00f3s-Sinodal do Papa Francisco, a Christus Vivit, apresentada aos jovens e que traz orienta\u00e7\u00f5es pastorais para toda a Igreja.<\/p>\n<p style=\"text-align: justify\">Com o tema \u201cAmados e Chamados por Deus\u201d e o lema<em> \u201c\u00c9s precioso aos meus olhos. Eu te amo\u201d <\/em>\u00a0(Is 43,1-5), o m\u00eas vocacional este ano ser\u00e1 celebrado de uma forma especial, principalmente por conta da pandemia.<\/p>\n<p style=\"text-align: justify\">O portal da CNBB conversou com o bispo auxiliar de Manaus, dom Jos\u00e9 Albuquerque, e referencial da Pastoral Vocacional, para entender como se dar\u00e1 as celebra\u00e7\u00f5es, escolha do tema e lema e o significado do cartaz que representa o m\u00eas vocacional. Confira a entrevista completa:<\/p>\n<h3 style=\"text-align: justify\"><strong>Como ser\u00e1 a anima\u00e7\u00e3o do M\u00eas Vocacional em 2020, em tempos de pandemia ou p\u00f3s-pandemia?<\/strong><\/h3>\n<p style=\"text-align: justify\"><em>N\u00f3s estamos conversando com os coordenadores regionais da Pastoral Vocacional e, consequentemente, esses est\u00e3o em contato com os coordenadores diocesanos e j\u00e1 percebemos que o trabalho de anima\u00e7\u00e3o vocacional n\u00e3o parou. Eles est\u00e3o sendo criativos, usando principalmente as redes sociais para continuar as reuni\u00f5es, realizar momentos celebrativos de ora\u00e7\u00e3o, de adora\u00e7\u00e3o ao Sant\u00edssimo, de ora\u00e7\u00e3o pelas voca\u00e7\u00f5es, ent\u00e3o n\u00f3s sabemos que, de modo especial, os jovens s\u00e3o muito criativos nesse momento de pandemia, onde todos estamos zelando pelo distanciamento social, mesmo assim o trabalho continua.<\/em><\/p>\n<p style=\"text-align: justify\"><em>\u00c9 claro que tudo vai ser adaptado, ent\u00e3o no m\u00eas de agosto n\u00f3s j\u00e1 estamos recebendo diversas not\u00edcias de que v\u00e3o acontecer momentos celebrativos, diversas entrevistas, lives sobre testemunhos vocacionais, ent\u00e3o assim como nos anos anteriores este tamb\u00e9m n\u00e3o vai ser diferente. O pessoal vai se mobilizar de outras formas e n\u00f3s estaremos disponibilizando um subs\u00eddio para que de algum modo possa ajudar a fazer com que aconte\u00e7a esses encontros virtuais.\u00a0<\/em><\/p>\n<p style=\"text-align: justify\"><em>No subs\u00eddio n\u00f3s temos propostas de ter\u00e7o vocacional, momentos de leituras orantes da Palavra de Deus, celebra\u00e7\u00f5es com os jovens, com as fam\u00edlias. Esse subs\u00eddio estar\u00e1 sendo disponibilizado j\u00e1 nos pr\u00f3ximos dias e a nossa proposta \u00e9 que ele chegue nas fam\u00edlias, nas comunidades, nos grupos, n\u00e3o s\u00f3 da Pastoral vocacional, mas tamb\u00e9m em todos os grupos da par\u00f3quia. <\/em><\/p>\n<p style=\"text-align: justify\"><em>N\u00f3s temos a esperan\u00e7a de que o m\u00eas de agosto continue sendo o m\u00eas onde todo mundo se re\u00fane para rezar pelas voca\u00e7\u00f5es. Lembrando que nesse subs\u00eddio n\u00f3s tamb\u00e9m teremos a divulga\u00e7\u00e3o da mensagem do Papa para o Dia Mundial das Voca\u00e7\u00f5es.<\/em><\/p>\n<h3 style=\"text-align: justify\"><strong>Como se deu a escolha do tema e lema?\u00a0<\/strong><\/h3>\n<p style=\"text-align: justify\"><em>N\u00f3s temos a inspira\u00e7\u00e3o vinda da Exorta\u00e7\u00e3o Apost\u00f3lica P\u00f3s-Sinodal Christus Vivit, do Papa Francisco. Foi resultado do S\u00ednodo dos Jovens e nesta Exorta\u00e7\u00e3o o Papa destaca que tr\u00eas verdades precisam ser anunciadas e n\u00f3s vamos seguir a partir deste ano a proclama\u00e7\u00e3o de uma verdade. <\/em><\/p>\n<p style=\"text-align: justify\"><em>Neste ano de 2020, a primeira verdade \u00e9 que Deus nos ama, ent\u00e3o isso est\u00e1 muito presente no tema e no lema. O tema \u201cAmados e chamados por Deus\u201d e o lema inspirado em Isa\u00edas \u201c\u00c9s precioso aos meus olhos. Eu te amo\u201d, \u00e9 uma cita\u00e7\u00e3o b\u00edblica que consta no documento do Papa, na Exorta\u00e7\u00e3o Apost\u00f3lica, ent\u00e3o a primeira verdade \u00e9 que Deus nos ama e que nunca deveremos duvidar disso, apesar de que possa nos acontecer na vida momentos dif\u00edceis. Em qualquer circunst\u00e2ncia somos amados infinitamente, ent\u00e3o o m\u00eas vocacional quer de algum modo enfatizar esta voca\u00e7\u00e3o: fomos chamados a amar, porque fomos antes de tudo amados.<\/em><\/p>\n<p style=\"text-align: justify\"><em>Amados e chamados por Deus. \u00c9 esse o sentido do tema e do lema. No pr\u00f3ximo ano vamos seguir \u201cA verdade nos salva\u201d e, em 2022, a terceira verdade que o Papa proclamou na sua Exorta\u00e7\u00e3o \u201cEle vive\u201d.<\/em><\/p>\n<h3 style=\"text-align: justify\"><strong>Como se deu a escolha do cartaz?<\/strong><\/h3>\n<p style=\"text-align: justify\"><em>\u00c9 de cria\u00e7\u00e3o do padre Reinaldo Leit\u00e3o, diretor da revista Rogate. No cartaz, n\u00f3s encontramos o tema e o lema e como s\u00edmbolo n\u00f3s temos o cora\u00e7\u00e3o em vermelho, que \u00e9 o sinal do amor, lembra o amor de Deus no qual n\u00f3s somos escolhidos e chamados. Nesse cora\u00e7\u00e3o n\u00f3s temos no centro uma chaga e dessa chaga saindo um rio. A chaga \u00e9 sinal da entrega e o rio nos faz lembrar do batismo, que \u00e9 a origem de todas as voca\u00e7\u00f5es. Acima do cora\u00e7\u00e3o n\u00f3s temos uma semente, semente vocacional da trindade, porque a voca\u00e7\u00e3o \u00e9 de fato uma semente \u00a0que Deus planta no cora\u00e7\u00e3o de cada pessoa e essa semente precisa germinar, crescer e florescer.<\/em><\/p>\n<p style=\"text-align: justify\"><em> <a href=\"https:\/\/www.cnbb.org.br\/wp-content\/uploads\/2020\/06\/fdf4c208-e8d2-47fb-b240-2b3dd4f4ffb3.jpg\" data-rel=\"lightbox-image-0\" data-rl_title=\"\" data-rl_caption=\"\" title=\"\"><img decoding=\"async\" loading=\"lazy\" class=\" wp-image-240276 alignright\" src=\"https:\/\/www.cnbb.org.br\/wp-content\/uploads\/2020\/06\/fdf4c208-e8d2-47fb-b240-2b3dd4f4ffb3.jpg\" alt=\"\" width=\"464\" height=\"329\" srcset=\"https:\/\/www.cnbb.org.br\/wp-content\/uploads\/2020\/06\/fdf4c208-e8d2-47fb-b240-2b3dd4f4ffb3.jpg 1280w, https:\/\/www.cnbb.org.br\/wp-content\/uploads\/2020\/06\/fdf4c208-e8d2-47fb-b240-2b3dd4f4ffb3-300x212.jpg 300w, https:\/\/www.cnbb.org.br\/wp-content\/uploads\/2020\/06\/fdf4c208-e8d2-47fb-b240-2b3dd4f4ffb3-1024x725.jpg 1024w, https:\/\/www.cnbb.org.br\/wp-content\/uploads\/2020\/06\/fdf4c208-e8d2-47fb-b240-2b3dd4f4ffb3-768x544.jpg 768w, https:\/\/www.cnbb.org.br\/wp-content\/uploads\/2020\/06\/fdf4c208-e8d2-47fb-b240-2b3dd4f4ffb3-500x354.jpg 500w\" sizes=\"(max-width: 464px) 100vw, 464px\" \/><\/a><\/em><\/p>\n<p style=\"text-align: justify\"><em>Do outro lado n\u00f3s temos o s\u00edmbolo da rede que, de fato, nos faz lembrar da anima\u00e7\u00e3o vocacional. Somos chamados a sermos pescadores e nesta rede est\u00e3o os peixes que representam toda a humanidade. Tamb\u00e9m no cartaz est\u00e3o presentes duas m\u00e3os em refer\u00eancia \u00e0quele que chama e aquele que ama. As m\u00e3os que mostram todo o servi\u00e7o, todo o trabalho, todo o comprometimento dos animadores vocacionais e, claro, inspirado no grande animador vocacional: Jesus Cristo.<\/em><\/p>\n<p style=\"text-align: justify\"><em>O cartaz \u00e9 bastante significativo, simb\u00f3lico e catequ\u00e9tico para que a gente possa entender que a proposta do m\u00eas vocacional \u00e9 para que todos se unam para esse grande mutir\u00e3o de ora\u00e7\u00e3o. Nele tamb\u00e9m temos todos os organismos que fazem parte dessa grande obra.<\/em><\/p>\n<p>&nbsp;<\/p>\n<p>&nbsp;<\/p>\n<p>Baixe (<a href=\"https:\/\/www.cnbb.org.br\/wp-content\/uploads\/2020\/06\/CartazMesVocacional.pdf\">aqui<\/a>) o cartaz do m\u00eas vocacional.    \t<\/p>\n","protected":false},"excerpt":{"rendered":"<p>Este ano, a inspira\u00e7\u00e3o principal do m\u00eas vocacional est\u00e1 em sintonia com a Exorta\u00e7\u00e3o P\u00f3s-Sinodal do Papa Francisco, a Christus Vivit<\/p>\n","protected":false},"author":83,"featured_media":223893,"comment_status":"closed","ping_status":"open","sticky":false,"template":"","format":"standard","meta":{"site-sidebar-layout":"default","site-content-layout":"default","ast-global-header-display":"","ast-banner-title-visibility":"","ast-main-header-display":"","ast-hfb-above-header-display":"","ast-hfb-below-header-display":"","ast-hfb-mobile-header-display":"","site-post-title":"","ast-breadcrumbs-content":"","ast-featured-img":"","footer-sml-layout":"","theme-transparent-header-meta":"","adv-header-id-meta":"","stick-header-meta":"","header-above-stick-meta":"","header-main-stick-meta":"","header-below-stick-meta":""},"categories":[807,838],"tags":[2160,2161,2096],"acf":[],"_links":{"self":[{"href":"https:\/\/www.cnbb.org.br\/cnbb-app\/wp\/v2\/posts\/240350"}],"collection":[{"href":"https:\/\/www.cnbb.org.br\/cnbb-app\/wp\/v2\/posts"}],"about":[{"href":"https:\/\/www.cnbb.org.br\/cnbb-app\/wp\/v2\/types\/post"}],"author":[{"embeddable":true,"href":"https:\/\/www.cnbb.org.br\/cnbb-app\/wp\/v2\/users\/83"}],"replies":[{"embeddable":true,"href":"https:\/\/www.cnbb.org.br\/cnbb-app\/wp\/v2\/comments?post=240350"}],"version-history":[{"count":0,"href":"https:\/\/www.cnbb.org.br\/cnbb-app\/wp\/v2\/posts\/240350\/revisions"}],"wp:featuredmedia":[{"embeddable":true,"href":"https:\/\/www.cnbb.org.br\/cnbb-app\/wp\/v2\/media\/223893"}],"wp:attachment":[{"href":"https:\/\/www.cnbb.org.br\/cnbb-app\/wp\/v2\/media?parent=240350"}],"wp:term":[{"taxonomy":"category","embeddable":true,"href":"https:\/\/www.cnbb.org.br\/cnbb-app\/wp\/v2\/categories?post=240350"},{"taxonomy":"post_tag","embeddable":true,"href":"https:\/\/www.cnbb.org.br\/cnbb-app\/wp\/v2\/tags?post=240350"}],"curies":[{"name":"wp","href":"https:\/\/api.w.org\/{rel}","templated":true}]}}