{"id":240370,"date":"2020-06-09T15:51:23","date_gmt":"2020-06-09T18:51:23","guid":{"rendered":"https:\/\/www.cnbb.org.br\/?p=240370"},"modified":"2020-09-08T13:52:51","modified_gmt":"2020-09-08T16:52:51","slug":"a-visao-da-eucaristia-na-vida-da-igreja-e-em-alguns-padres-da-igreja","status":"publish","type":"post","link":"https:\/\/www.cnbb.org.br\/a-visao-da-eucaristia-na-vida-da-igreja-e-em-alguns-padres-da-igreja\/","title":{"rendered":"A vis\u00e3o da eucaristia na vida da Igreja e em alguns padres da igreja"},"content":{"rendered":"<p style=\"text-align: right\"><strong>Dom Vital Corbellini<\/strong><br \/>\n<strong> Bispo de Marab\u00e1 \u2013 PA<\/strong><\/p>\n<p>&nbsp;<\/p>\n<p style=\"text-align: justify\">\u00a0\u00a0\u00a0\u00a0\u00a0\u00a0\u00a0\u00a0\u00a0\u00a0\u00a0 Como estamos pr\u00f3ximos ao Corpus Christi, \u00e9 importante meditar textos atuais e patristicos sobre a eucaristia, p\u00e3o do Senhor para todos o receberem, como gra\u00e7a de Deus e responsabilidade humana. O Conc\u00edlio Vaticano II coloca-nos que todo o bem espiritual da Igreja est\u00e1 contido na Sant\u00edssima Eucaristia, isso \u00e9, o pr\u00f3prio Cristo, nossa P\u00e1scoa e p\u00e3o vivo, por sua carne, vivificada e vivificante pelo Esp\u00edrito Santo, dando vida aos seres humanos. A eucaristia \u00e9 percebida como fonte e cume de toda a evangeliza\u00e7\u00e3o (PO 1449).<\/p>\n<p style=\"text-align: justify\">\u00a0 \u00a0 \u00a0 \u00a0 \u00a0 \u00a0 \u00a0 \u00a0 \u00a0 \u00a0Neste sentido a eucaristia foi um dos sacramentos bem presente na vida das comunidades primitivas, nas quais os crist\u00e3os tomavam-na em vista da unidade com a comunidade e com o Senhor Jesus, p\u00e3o de vida eterna. Vejamos em alguns escritores antigos, a vis\u00e3o da eucaristia como alimento na vida presente e prepara\u00e7\u00e3o para a vida futura.<\/p>\n<p style=\"text-align: justify\">\u00a0\u00a0\u00a0\u00a0\u00a0\u00a0\u00a0\u00a0\u00a0\u00a0\u00a0 A Didaqu\u00e9, obra do s\u00e9culo I, falou que os crist\u00e3os deveriam reunir-se no dia do Senhor, portanto no domingo, para partir o p\u00e3o e agradecer, ap\u00f3s ter confessados os pecados, para que o sacrif\u00edcio fosse puro. A eucaristia andava junto com a pr\u00e1tica de vida de modo que se uma pessoa tivesse brigado com uma outra, deveria ter a reconcilia\u00e7\u00e3o antes, para que assim, o sacrif\u00edcio n\u00e3o fosse profanado. Deus quer ser louvado pelo testemunho de vida das pessoas.<\/p>\n<p style=\"text-align: justify\">\u00a0\u00a0\u00a0\u00a0\u00a0\u00a0\u00a0\u00a0\u00a0\u00a0\u00a0 Ainda na Didaqu\u00e9, encontramos as ora\u00e7\u00f5es que eram ditas na celebra\u00e7\u00e3o eucar\u00edstica. Sobre o c\u00e1lice proferia-se uma ora\u00e7\u00e3o de agradecimento: \u201cN\u00f3s de te agradecemos, Pai nosso, por causa da santa vinha do teu servo Davi, que nos revelaste por meio do teu servo Jesus. A ti a gl\u00f3ria para sempre\u201d. Sobre o p\u00e3o partido tamb\u00e9m se dizia uma ora\u00e7\u00e3o: \u201cN\u00f3s te agradecemos, Pai nosso, por causa da vida e do conhecimento que nos revelastes por meio do teu servo Jesus. A ti a gl\u00f3ria para sempre\u201d. O documento ressaltava a import\u00e2ncia do batismo antes da recep\u00e7\u00e3o da eucaristia. Vemos a import\u00e2ncia da inicia\u00e7\u00e3o \u00e0 vida crist\u00e3, tendo o batismo como a porta de entrada dos sacramentos. Ap\u00f3s a recep\u00e7\u00e3o da eucaristia, as pessoas eram chamadas a fazer o agradecimento ao Pai santo, por seu santo nome, que fez habitar nos cora\u00e7\u00f5es humanos e pelo conhecimento, pela f\u00e9 e pela imortalidade que nos foi revelada por meio do seu servo Jesus. H\u00e1 um agradecimento por todas as coisas criadas e, sobretudo por uma comida e bebida espirituais dadas aos seres humanos, o p\u00e3o e o vinho consagrados, alimentos para a vida eterna por meio do seu servo, Jesus Cristo.<\/p>\n<p style=\"text-align: justify\">\u00a0\u00a0\u00a0\u00a0\u00a0\u00a0\u00a0\u00a0\u00a0\u00a0\u00a0 S\u00e3o Justino de Roma, padre da Igreja e escritor do s\u00e9culo II, afirmava que as pessoas depois de receberem o batismo, certamente a crisma, eram conduzidos \u00e0 comunidade a fim de elevar ora\u00e7\u00f5es em comum para assim conseguir a salva\u00e7\u00e3o. Ap\u00f3s as ora\u00e7\u00f5es dava-se o \u00f3sculo da paz. Em seguida a pessoa que presidia a comunidade, geralmente era o bispo, oferecia o p\u00e3o e uma vasilha com \u00e1gua e vinho glorificando ao Pai do Universo, atrav\u00e9s do nome de seu Filho e do Esp\u00edrito Santo, pronunciando tamb\u00e9m uma a\u00e7\u00e3o de gra\u00e7as, que era certamente o pref\u00e1cio por Deus ter concedido esses dons que dele prov\u00eam. Quando a pessoa que preside a celebra\u00e7\u00e3o termina as ora\u00e7\u00f5es e a a\u00e7\u00e3o de gra\u00e7as, todo o povo aclama dizendo am\u00e9m, cujo significado \u00e9 assim seja.<\/p>\n<p style=\"text-align: justify\">\u00a0\u00a0\u00a0\u00a0\u00a0\u00a0\u00a0\u00a0\u00a0\u00a0\u00a0 S\u00e3o Justino tinha uma id\u00e9ia fundamental da eucaristia, da qual ningu\u00e9m pode participar a n\u00e3o ser aqueles que acreditam na verdade dos ensinamentos de Cristo, no banho que traz a remiss\u00e3o dos pecados e a regenera\u00e7\u00e3o vivendo conforme o Senhor ensinou a todos. Justino afirmava que os crist\u00e3os n\u00e3o tomavam aquelas coisas como p\u00e3o comum ou bebida ordin\u00e1ria, mas da maneira como Jesus Cristo, nosso Salvador, feito carne e sangue por nossa salva\u00e7\u00e3o, pois Ele \u00e9 o Verbo que procede de Deus, \u00e9 o alimento sobre o qual foi dita a\u00e7\u00e3o de gra\u00e7as, alimento que \u00e9 dado por transforma\u00e7\u00e3o se nutrem nosso sangue e nossa carne, sendo a carne e o sangue de Jesus encarnado. Tudo isso est\u00e1 em conformidade com os Ap\u00f3stolos nas mem\u00f3rias, por eles escritas, os quais se chamam de Evangelhos quando Jesus tomou o p\u00e3o e dando gra\u00e7as disse: \u201cFazei isto em mem\u00f3ria de mim, este \u00e9 o meu corpo\u201d (Lc 22,19-20). Em seguida tomou o c\u00e1lice e dando gra\u00e7as, disse: \u201cEste \u00e9 o meu sangue\u201d, dando a participa\u00e7\u00e3o a eles.<\/p>\n<p style=\"text-align: justify\">\u00a0\u00a0\u00a0\u00a0\u00a0\u00a0\u00a0\u00a0\u00a0\u00a0\u00a0 S\u00e3o Justino colocava tamb\u00e9m a ajuda que era dada aos necessitados das comunidades e do mundo. Era claro que se bendizia sempre ao Criador de todas coisas pelos alimentos, por meio de seu Filho Jesus e do Esp\u00edrito Santo. Tudo isso se realizava no dia que se chama de sol, celebrava-se uma reuni\u00e3o de todos que moram nas cidades ou nos campos, e a\u00ed se liam as mem\u00f3rias dos ap\u00f3stolos, ou os escritos dos profetas. Havia depois uma exorta\u00e7\u00e3o da parte de quem presidia a celebra\u00e7\u00e3o e fazia convite para imitar esses belos exemplos. Havia em seguida as preces, que eram feitas de p\u00e9. Em seguida ofereciam-se p\u00e3o, vinho e \u00e1gua e o presidente, fazia subir a Deus suas preces e a\u00e7\u00f5es de gra\u00e7as e todo o povo exclamava dizendo, Am\u00e9m. Vinha depois a distribui\u00e7\u00e3o e participa\u00e7\u00e3o feita a cada um dos alimentos consagrados pela a\u00e7\u00e3o de gra\u00e7as e seu envio aos ausentes pelos di\u00e1conos. Aqueles que possuem alguma coisa e desejavam pela sua livre vontade, partilhar, dava o que bem lhe parecia e o que era recolhido se entregava ao presidente. Este o distribu\u00eda aos \u00f3rf\u00e3os, \u00e0s vi\u00favas, aos que por necessidade ou outra causa eram necessitados, lembrando-se tamb\u00e9m dos que estavam nas pris\u00f5es, aos forasteiros de passagem, em outras palavras eram ajudados muitas pessoas necessitadas. Tudo isso era celebrado numa reuni\u00e3o do dia do sol, porque foi o primeiro dia em Deus, transformando as trevas e a mat\u00e9ria, fez o mundo, e tamb\u00e9m era o dia em que Jesus Cristo, nosso Salvador, ressuscitou dos mortos. Portanto era o domingo, dia do Senhor.<\/p>\n<p style=\"text-align: justify\">\u00a0\u00a0\u00a0\u00a0\u00a0\u00a0\u00a0\u00a0\u00a0\u00a0\u00a0 Santo In\u00e1cio de Antioquia, bispo dos s\u00e9culos I in\u00edcio do II, falou em rem\u00e9dio de imortalidade em refer\u00eancia \u00e0 eucaristia. A eucaristia re\u00fane todos ao redor do Senhor Jesus Cristo e ao mesmo tempo o p\u00e3o consagrado, \u00e9 rem\u00e9dio de imortalidade, ant\u00eddoto para n\u00e3o morrer, mas para viver em Jesus Cristo para sempre.<\/p>\n<p style=\"text-align: justify\">\u00a0\u00a0\u00a0\u00a0\u00a0\u00a0\u00a0\u00a0\u00a0\u00a0\u00a0 A eucaristia \u00e9 o alimento para a vida eterna, que nos prepara para a unidade com o Senhor. Ela ajuda-nos a viver na caridade, no amor a Deus, ao pr\u00f3ximo como a si mesmo.<\/p>\n","protected":false},"excerpt":{"rendered":"<p>Dom Vital Corbellini Bispo de Marab\u00e1 \u2013 PA &nbsp; \u00a0\u00a0\u00a0\u00a0\u00a0\u00a0\u00a0\u00a0\u00a0\u00a0\u00a0 Como estamos pr\u00f3ximos ao Corpus Christi, \u00e9 importante meditar textos atuais e patristicos sobre a eucaristia, p\u00e3o do Senhor para todos o receberem, como gra\u00e7a de Deus e responsabilidade humana. O Conc\u00edlio Vaticano II coloca-nos que todo o bem espiritual da Igreja est\u00e1 contido na &hellip;<\/p>\n<p class=\"read-more\"> <a class=\"\" href=\"https:\/\/www.cnbb.org.br\/a-visao-da-eucaristia-na-vida-da-igreja-e-em-alguns-padres-da-igreja\/\"> <span class=\"screen-reader-text\">A vis\u00e3o da eucaristia na vida da Igreja e em alguns padres da igreja<\/span> Leia mais &raquo;<\/a><\/p>\n","protected":false},"author":16,"featured_media":0,"comment_status":"closed","ping_status":"open","sticky":false,"template":"","format":"standard","meta":{"site-sidebar-layout":"default","site-content-layout":"default","ast-global-header-display":"","ast-banner-title-visibility":"","ast-main-header-display":"","ast-hfb-above-header-display":"","ast-hfb-below-header-display":"","ast-hfb-mobile-header-display":"","site-post-title":"","ast-breadcrumbs-content":"","ast-featured-img":"","footer-sml-layout":"","theme-transparent-header-meta":"","adv-header-id-meta":"","stick-header-meta":"","header-above-stick-meta":"","header-main-stick-meta":"","header-below-stick-meta":""},"categories":[758],"tags":[],"acf":[],"_links":{"self":[{"href":"https:\/\/www.cnbb.org.br\/cnbb-app\/wp\/v2\/posts\/240370"}],"collection":[{"href":"https:\/\/www.cnbb.org.br\/cnbb-app\/wp\/v2\/posts"}],"about":[{"href":"https:\/\/www.cnbb.org.br\/cnbb-app\/wp\/v2\/types\/post"}],"author":[{"embeddable":true,"href":"https:\/\/www.cnbb.org.br\/cnbb-app\/wp\/v2\/users\/16"}],"replies":[{"embeddable":true,"href":"https:\/\/www.cnbb.org.br\/cnbb-app\/wp\/v2\/comments?post=240370"}],"version-history":[{"count":0,"href":"https:\/\/www.cnbb.org.br\/cnbb-app\/wp\/v2\/posts\/240370\/revisions"}],"wp:attachment":[{"href":"https:\/\/www.cnbb.org.br\/cnbb-app\/wp\/v2\/media?parent=240370"}],"wp:term":[{"taxonomy":"category","embeddable":true,"href":"https:\/\/www.cnbb.org.br\/cnbb-app\/wp\/v2\/categories?post=240370"},{"taxonomy":"post_tag","embeddable":true,"href":"https:\/\/www.cnbb.org.br\/cnbb-app\/wp\/v2\/tags?post=240370"}],"curies":[{"name":"wp","href":"https:\/\/api.w.org\/{rel}","templated":true}]}}