{"id":240412,"date":"2020-06-10T11:07:19","date_gmt":"2020-06-10T14:07:19","guid":{"rendered":"https:\/\/www.cnbb.org.br\/?p=240412"},"modified":"2020-09-08T13:52:51","modified_gmt":"2020-09-08T16:52:51","slug":"corpus-christi-cristo-com-os-seus","status":"publish","type":"post","link":"https:\/\/www.cnbb.org.br\/corpus-christi-cristo-com-os-seus\/","title":{"rendered":"Corpus Christi, Cristo com os seus"},"content":{"rendered":"<p style=\"text-align: right\"><strong>Dom Genival Saraiva<\/strong><br \/>\n<strong>Bispo Em\u00e9rito de Palmares \u2013 PE<\/strong><\/p>\n<p style=\"text-align: justify\">\n<p style=\"text-align: justify\">\u00a0\u00a0\u00a0\u00a0\u00a0\u00a0\u00a0\u00a0\u00a0\u00a0\u00a0 Ap\u00f3s a Solenidade da Sant\u00edssima Trindade, na quinta feira, a Igreja celebra a Solenidade do Sant\u00edssimo Corpo e Sangue de Cristo. \u00c9, uma Festa m\u00f3vel do Calend\u00e1rio Lit\u00fargico. O Evangelista S\u00e3o Jo\u00e3o, no pr\u00f3logo do quarto Evangelho, reportando-se ao mist\u00e9rio da Encarna\u00e7\u00e3o, escreveu: \u201cE a Palavra se fez carne e veio morar entre n\u00f3s, e n\u00f3s contemplamos a sua gl\u00f3ria, gl\u00f3ria como do Unig\u00eanito do Pai, cheio de gra\u00e7a e de verdade.\u201d (Jo,14). Com seu nascimento, em Bel\u00e9m, Jesus, a Palavra, tornou-se uma presen\u00e7a vis\u00edvel. Por isso, S\u00e3o Paulo ensina que Jesus, ao humanizar-se, \u201c\u00e9 a imagem do Deus invis\u00edvel\u201d. (Cl 1,15) Jesus assegurou sua presen\u00e7a entre os seus, de forma sacramental, quando instituiu a Eucaristia, na Quinta Feira Santa, ao dizer aos Ap\u00f3stolos: \u201cFazei isto em mem\u00f3ria de mim\u201d. (Lc 22,19). Jesus assegurou, outra vez, sua presen\u00e7a entre os seus, antes de subir ao c\u00e9u: \u201cEis que estou convosco todos os dias, at\u00e9 o fim do mundo.\u201d (Mt 28,20)<\/p>\n<p style=\"text-align: justify\">\u00a0 \u00a0 \u00a0 \u00a0 \u00a0 \u00a0 \u00a0 \u00c9 sempre importante tomar consci\u00eancia do \u201csentido de uma presen\u00e7a\u201d, presen\u00e7a de algo ou de algu\u00e9m. \u201cA vida do homem \u00e9 povoada de presen\u00e7as: presen\u00e7as vis\u00edveis e pr\u00f3ximas como a de uma m\u00e3e que cuida de seu filho que brinca ou repousa; presen\u00e7as invis\u00edveis como a de duas pessoas que se amam, pensam uma na outra e se encontram superando a dist\u00e2ncia e a separa\u00e7\u00e3o do corpo; presen\u00e7as que proporcionam paz, satisfa\u00e7\u00e3o, seguran\u00e7a, e presen\u00e7as tempestuosas, perturbadoras, que s\u00e3o como uma amea\u00e7a&#8230;\u201d. Assim acontece no plano das rela\u00e7\u00f5es humanas. Mais profunda \u00e9 a considera\u00e7\u00e3o a respeito do \u201csentido da presen\u00e7a\u201d, \u201cquando o homem faz a experi\u00eancia singular de uma presen\u00e7a misteriosa mas real, que atinge o centro do seu ser; uma presen\u00e7a que inspira um inef\u00e1vel sentimento de confian\u00e7a e seguran\u00e7a e que do seu \u00edntimo o chama.\u201d A f\u00e9 crist\u00e3 sabe que a Eucaristia \u00e9 a \u201cpresen\u00e7a misteriosa mas real\u201d de Jesus porque foi ele mesmo que o disse. Com efeito, \u201cDepois da Ascens\u00e3o, que o subtrai \u00e0 experi\u00eancia sens\u00edvel dos homens, a presen\u00e7a de Jesus muda de sinal mas n\u00e3o muda a realidade. Ele continua e se d\u00e1 sob o sinal do p\u00e3o partido e do vinho, nos quais oferece seu Corpo como alimento e seu Sangue como bebida de salva\u00e7\u00e3o e de vida\u201d. A presen\u00e7a \u201clit\u00fargica e sacramental\u201d de Jesus na comunidade \u00e9 identificada, com o olhar da f\u00e9, \u201catrav\u00e9s da \u2018mem\u00f3ria\u2019 dele\u201d. \u201cDurante a celebra\u00e7\u00e3o lit\u00fargica, fazemos, de fato, mem\u00f3ria de Jesus, de sua vida, morte, ressurrei\u00e7\u00e3o, tornando-o assim presente no meio de n\u00f3s. N\u00e3o se trata, por\u00e9m, de uma presen\u00e7a desencarnada, de uma mem\u00f3ria que s\u00f3 se restringe a uma recorda\u00e7\u00e3o. Trata-se de uma mem\u00f3ria que, atrav\u00e9s dos sinais do p\u00e3o e do vinho, comidos e partilhados pela comunidade, torna presente o Cristo na sua realidade e no mist\u00e9rio que nos s\u00e3o comunicados.\u201d<\/p>\n<p style=\"text-align: justify\">\u00a0\u00a0\u00a0\u00a0\u00a0\u00a0\u00a0\u00a0\u00a0\u00a0\u00a0 A milenar celebra\u00e7\u00e3o de Corpus Christi \u00e9 um testemunho hist\u00f3rico e espiritual da f\u00e9 crist\u00e3 no mist\u00e9rio da Eucaristia, confirmando que o Emanuel, profetizado por Isa\u00edas, nascido em Bel\u00e9m, \u201cest\u00e1 no meio de n\u00f3s\u201d. Assim, respondem os fi\u00e9is, nas suas celebra\u00e7\u00f5es, \u00e0 sauda\u00e7\u00e3o do ministro ordenado: \u201cO Senhor esteja convosco\u201d. A Festa de Corpus Christi soleniza essa afirma\u00e7\u00e3o comunit\u00e1ria da f\u00e9 no Sacramento da Eucaristia. \u201cComp\u00f5em a celebra\u00e7\u00e3o de Corpus Christi a Santa Missa, Prociss\u00e3o e Adora\u00e7\u00e3o ao Sant\u00edssimo Sacramento. A prociss\u00e3o lembra a caminhada do povo de Deus, que \u00e9 peregrino, em busca da Terra Prometida. No Antigo Testamento esse povo foi alimentado com man\u00e1, no deserto. Hoje, ele \u00e9 alimentado com o pr\u00f3prio Corpo de Cristo.\u201d<\/p>\n<p style=\"text-align: justify\">\u00a0\u00a0\u00a0\u00a0\u00a0\u00a0\u00a0\u00a0\u00a0\u00a0\u00a0 Em raz\u00e3o do isolamento social e do distanciamento interpessoal, decorrentes da pandemia do novo coronavirus, em 2020, as express\u00f5es festivas e p\u00fablicas da Solenidade de Corpus Christi cedem lugar \u00e0 sobriedade na forma ritual e \u00e0 delimita\u00e7\u00e3o de sua celebra\u00e7\u00e3o ao interior das igrejas. Mudam as circunst\u00e2ncias na forma de celebrar, n\u00e3o mudam, por\u00e9m, as certezas dos cat\u00f3licos na \u201cpresen\u00e7a misteriosa mas real\u201d de Jesus na Eucaristia. Essa verdade, \u201cmist\u00e9rio da f\u00e9\u201d, \u00e9 reafirmada nessa Solenidade da Igreja: Cristo est\u00e1 presente entre os seus disc\u00edpulos e disc\u00edpulas.<\/p>\n<p>&nbsp;    \t<\/p>\n","protected":false},"excerpt":{"rendered":"<p>Dom Genival Saraiva Bispo Em\u00e9rito de Palmares \u2013 PE \u00a0\u00a0\u00a0\u00a0\u00a0\u00a0\u00a0\u00a0\u00a0\u00a0\u00a0 Ap\u00f3s a Solenidade da Sant\u00edssima Trindade, na quinta feira, a Igreja celebra a Solenidade do Sant\u00edssimo Corpo e Sangue de Cristo. \u00c9, uma Festa m\u00f3vel do Calend\u00e1rio Lit\u00fargico. O Evangelista S\u00e3o Jo\u00e3o, no pr\u00f3logo do quarto Evangelho, reportando-se ao mist\u00e9rio da Encarna\u00e7\u00e3o, escreveu: \u201cE a &hellip;<\/p>\n<p class=\"read-more\"> <a class=\"\" href=\"https:\/\/www.cnbb.org.br\/corpus-christi-cristo-com-os-seus\/\"> <span class=\"screen-reader-text\">Corpus Christi, Cristo com os seus<\/span> Leia mais &raquo;<\/a><\/p>\n","protected":false},"author":59,"featured_media":0,"comment_status":"closed","ping_status":"open","sticky":false,"template":"","format":"standard","meta":{"site-sidebar-layout":"default","site-content-layout":"default","ast-global-header-display":"","ast-banner-title-visibility":"","ast-main-header-display":"","ast-hfb-above-header-display":"","ast-hfb-below-header-display":"","ast-hfb-mobile-header-display":"","site-post-title":"","ast-breadcrumbs-content":"","ast-featured-img":"","footer-sml-layout":"","theme-transparent-header-meta":"","adv-header-id-meta":"","stick-header-meta":"","header-above-stick-meta":"","header-main-stick-meta":"","header-below-stick-meta":""},"categories":[758],"tags":[],"acf":[],"_links":{"self":[{"href":"https:\/\/www.cnbb.org.br\/cnbb-app\/wp\/v2\/posts\/240412"}],"collection":[{"href":"https:\/\/www.cnbb.org.br\/cnbb-app\/wp\/v2\/posts"}],"about":[{"href":"https:\/\/www.cnbb.org.br\/cnbb-app\/wp\/v2\/types\/post"}],"author":[{"embeddable":true,"href":"https:\/\/www.cnbb.org.br\/cnbb-app\/wp\/v2\/users\/59"}],"replies":[{"embeddable":true,"href":"https:\/\/www.cnbb.org.br\/cnbb-app\/wp\/v2\/comments?post=240412"}],"version-history":[{"count":0,"href":"https:\/\/www.cnbb.org.br\/cnbb-app\/wp\/v2\/posts\/240412\/revisions"}],"wp:attachment":[{"href":"https:\/\/www.cnbb.org.br\/cnbb-app\/wp\/v2\/media?parent=240412"}],"wp:term":[{"taxonomy":"category","embeddable":true,"href":"https:\/\/www.cnbb.org.br\/cnbb-app\/wp\/v2\/categories?post=240412"},{"taxonomy":"post_tag","embeddable":true,"href":"https:\/\/www.cnbb.org.br\/cnbb-app\/wp\/v2\/tags?post=240412"}],"curies":[{"name":"wp","href":"https:\/\/api.w.org\/{rel}","templated":true}]}}