{"id":240414,"date":"2020-06-10T11:09:36","date_gmt":"2020-06-10T14:09:36","guid":{"rendered":"https:\/\/www.cnbb.org.br\/?p=240414"},"modified":"2020-09-08T13:52:50","modified_gmt":"2020-09-08T16:52:50","slug":"corpus-christi-9","status":"publish","type":"post","link":"https:\/\/www.cnbb.org.br\/corpus-christi-9\/","title":{"rendered":"Corpus Christi"},"content":{"rendered":"<p style=\"text-align: right\"><strong>Dom Eurico dos Santos Veloso<\/strong><br \/>\n<strong>Arcebispo Em\u00e9rito de Juiz de Fora (MG)<\/strong><\/p>\n<p style=\"text-align: justify\"><strong>\u00a0<\/strong><\/p>\n<p style=\"text-align: justify\"><em>\u201c\u201cO Sant\u00edssimo Sacramento \u00e9 fogo que nos inflama de modo que, retirando-O do altar, espargimos tais chamas de amor que nos tornam terr\u00edveis ao inferno.\u201d (S\u00e3o Greg\u00f3rio Nazianzeno).<\/p>\n<p><\/em><\/p>\n<p style=\"text-align: justify\">\u00a0 \u00a0 \u00a0 \u00a0 \u00a0 \u00a0 Celebramos, na quinta-feira depois da Solenidade da Sant\u00edssima Trindade, j\u00e1 dentro do tempo comum, a Solenidade de Corpus Christi onde \u00e9 recordado toda a Nova Alian\u00e7a que se adquire com o sacrif\u00edcio de Jesus, memorial da sua Paix\u00e3o. Nesta mesma a Alian\u00e7a, Cristo <em>\u201csuperou, dando seu pleno acabamento, todos os sacerd\u00f3cios rituais e os sacrif\u00edcios do Antigo Testamento, tamb\u00e9m os pag\u00e3os. Em seu sacrif\u00edcio, assume as mis\u00e9rias e os sacrif\u00edcios dos homens de todas as idades\u201d <\/em>(cf. O sacerd\u00f3cio ministerial, I, 1 <em>in Missal Dominical \u2013 Missal da Assembleia Crist\u00e3).<\/em><\/p>\n<p style=\"text-align: justify\">\u00a0 \u00a0 \u00a0 \u00a0 \u00a0 \u00a0 \u00a0 A Solenidade de <strong><em>Corpus Christi<\/em><\/strong> surgiu numa \u00e9poca em que a maioria dos crist\u00e3os j\u00e1 havia perdido essa concep\u00e7\u00e3o profunda da Eucaristia e a entendia quase unicamente como um rito para fazer Cristo presente no meio de n\u00f3s, como se do contr\u00e1rio ele estivesse ausente. Com isso, a solenidade de Corpus Christi se centra na Eucaristia como sacramento da presen\u00e7a real de Cristo e deixa em segundo plano (ou mesmo esquece) seu car\u00e1ter de memorial do mist\u00e9rio pascal. Por isso se julgou insuficiente comemorar a institui\u00e7\u00e3o da Eucaristia (sacrif\u00edcio e ceia memorial) na quinta-feira santa, pois l\u00e1 n\u00e3o aparece em primeiro plano a ideia de presen\u00e7a real. Significa que Corpus Christi \u00e9 uma \u201cfesta de ideia\u201d. Explico: a liturgia comemora, no decorrer do ano lit\u00fargico, a hist\u00f3ria da salva\u00e7\u00e3o, os mist\u00e9rios da vida de Cristo (e n\u00e3o ideias). As \u201cfestas de ideias\u201d, como da Sant\u00edssima Trindade, do Sant\u00edssimo Nome de Jesus ou de Maria, da Sagrada Fam\u00edlia, s\u00e3o introdu\u00e7\u00f5es tardias no calend\u00e1rio lit\u00fargico, quando j\u00e1 n\u00e3o se compreendia mais a din\u00e2mica hist\u00f3rica da revela\u00e7\u00e3o de Deus. Por isso era preciso encontrar uma data, mas essa data n\u00e3o tinha lugar na grande estrutura do ano lit\u00fargico que se baseia na hist\u00f3ria da salva\u00e7\u00e3o. Da\u00ed ter-se recorrido a uma data que n\u00e3o estivesse t\u00e3o claramente marcada pela interven\u00e7\u00e3o de Deus na hist\u00f3ria humana. Assim recaiu a escolha no que hoje chamamos de \u201ctempo comum\u201d e que antes da reforma lit\u00fargica do Conc\u00edlio Ecum\u00eanico Vaticano II se chamava \u201ctempo depois de Pentecostes\u201d.<\/p>\n<p style=\"text-align: justify\"><em>\u00a0\u00a0\u00a0\u00a0\u00a0\u00a0\u00a0\u00a0 <\/em>Atrav\u00e9s da Eucaristia, devemos adorar sem medidas, pois nela est\u00e1, verdadeiramente, a presen\u00e7a real e substancial do Nosso Senhor Jesus Cristo, afinal <em>\u201cn\u00e3o \u00e9 para ficar numa ambula de ouro, que Jesus desce cada dia do C\u00e9u, mas para encontrar um outro C\u00e9u, o da nossa alma, onde ele encontra as suas del\u00edcias\u201d (Santa Teresinha, Doutora da Igreja).<\/em><\/p>\n<p style=\"text-align: justify\"><em>\u00a0\u00a0\u00a0\u00a0\u00a0\u00a0\u00a0\u00a0 <\/em>Ora, celebrar esta solenidade, vai muito al\u00e9m de nossas tradi\u00e7\u00f5es de enfeitar as ruas com bel\u00edssimos tapetes para <em>\u201cque o Rei da gl\u00f3ria possa entrar\u201d (Sl 23), <\/em>mas de agradecer e <em>\u201cretribuir ao Senhor Deus, por tudo aquilo que ele fez em meu favor\u201d (Sl 115), <\/em>pois Cristo, <em>\u201cpela sua morte, ele reparou as transgress\u00f5es cometidas no decorrer da primeira alian\u00e7a\u201d (Hb 9)<\/em> em expia\u00e7\u00e3o dos nossos pecados.<\/p>\n<p style=\"text-align: justify\">\u00a0\u00a0\u00a0\u00a0\u00a0\u00a0\u00a0\u00a0 Nestes tempos de pandemia da COVID-19 \u00e9 muito salutar nos colocarmos diante do Senhor em profunda adora\u00e7\u00e3o. Diante de n\u00f3s deve sempre ressoar o chamado do Senhor: \u201cGra\u00e7as e louvores se deem a cada momento, ao Sant\u00edssimo e Divin\u00edssimo Sacramento!\u201d<\/p>\n<p style=\"text-align: justify\">\u00a0 \u00a0 \u00a0 \u00a0 \u00a0 E, toda vez que estiver diante do Alt\u00edssimo, transubstanciado na Eucar\u00edstica, lembre-se: <em>\u201cEis aqui o tesouro da Igreja, o cora\u00e7\u00e3o do mundo, o penhor da meta pela qual, mesmo inconscientemente, suspira todo o homem.\u201d (S\u00e3o Jo\u00e3o Paulo II).<\/em><\/p>\n<p style=\"text-align: justify\"><em>Verbum caro factum est. Verbum panis factum est!<\/em><\/p>\n<p style=\"text-align: justify\"><em>Sauda\u00e7\u00f5es,<\/em><\/p>\n<p style=\"text-align: justify\">\n<p style=\"text-align: justify\">\n","protected":false},"excerpt":{"rendered":"<p>Dom Eurico dos Santos Veloso Arcebispo Em\u00e9rito de Juiz de Fora (MG) \u00a0 \u201c\u201cO Sant\u00edssimo Sacramento \u00e9 fogo que nos inflama de modo que, retirando-O do altar, espargimos tais chamas de amor que nos tornam terr\u00edveis ao inferno.\u201d (S\u00e3o Greg\u00f3rio Nazianzeno). \u00a0 \u00a0 \u00a0 \u00a0 \u00a0 \u00a0 Celebramos, na quinta-feira depois da Solenidade da Sant\u00edssima &hellip;<\/p>\n<p class=\"read-more\"> <a class=\"\" href=\"https:\/\/www.cnbb.org.br\/corpus-christi-9\/\"> <span class=\"screen-reader-text\">Corpus Christi<\/span> Leia mais &raquo;<\/a><\/p>\n","protected":false},"author":73,"featured_media":0,"comment_status":"closed","ping_status":"open","sticky":false,"template":"","format":"standard","meta":{"site-sidebar-layout":"default","site-content-layout":"default","ast-global-header-display":"","ast-banner-title-visibility":"","ast-main-header-display":"","ast-hfb-above-header-display":"","ast-hfb-below-header-display":"","ast-hfb-mobile-header-display":"","site-post-title":"","ast-breadcrumbs-content":"","ast-featured-img":"","footer-sml-layout":"","theme-transparent-header-meta":"","adv-header-id-meta":"","stick-header-meta":"","header-above-stick-meta":"","header-main-stick-meta":"","header-below-stick-meta":""},"categories":[758],"tags":[],"acf":[],"_links":{"self":[{"href":"https:\/\/www.cnbb.org.br\/cnbb-app\/wp\/v2\/posts\/240414"}],"collection":[{"href":"https:\/\/www.cnbb.org.br\/cnbb-app\/wp\/v2\/posts"}],"about":[{"href":"https:\/\/www.cnbb.org.br\/cnbb-app\/wp\/v2\/types\/post"}],"author":[{"embeddable":true,"href":"https:\/\/www.cnbb.org.br\/cnbb-app\/wp\/v2\/users\/73"}],"replies":[{"embeddable":true,"href":"https:\/\/www.cnbb.org.br\/cnbb-app\/wp\/v2\/comments?post=240414"}],"version-history":[{"count":0,"href":"https:\/\/www.cnbb.org.br\/cnbb-app\/wp\/v2\/posts\/240414\/revisions"}],"wp:attachment":[{"href":"https:\/\/www.cnbb.org.br\/cnbb-app\/wp\/v2\/media?parent=240414"}],"wp:term":[{"taxonomy":"category","embeddable":true,"href":"https:\/\/www.cnbb.org.br\/cnbb-app\/wp\/v2\/categories?post=240414"},{"taxonomy":"post_tag","embeddable":true,"href":"https:\/\/www.cnbb.org.br\/cnbb-app\/wp\/v2\/tags?post=240414"}],"curies":[{"name":"wp","href":"https:\/\/api.w.org\/{rel}","templated":true}]}}