{"id":240446,"date":"2020-06-10T17:24:30","date_gmt":"2020-06-10T20:24:30","guid":{"rendered":"https:\/\/www.cnbb.org.br\/?p=240446"},"modified":"2020-06-10T17:24:30","modified_gmt":"2020-06-10T20:24:30","slug":"em-ligacao-para-dom-orlando-brandes-o-santo-padre-demonstra-carinho-com-o-brasil","status":"publish","type":"post","link":"https:\/\/www.cnbb.org.br\/em-ligacao-para-dom-orlando-brandes-o-santo-padre-demonstra-carinho-com-o-brasil\/","title":{"rendered":"Em liga\u00e7\u00e3o para dom Orlando Brandes, o Santo Padre demonstra carinho com o Brasil"},"content":{"rendered":"<p style=\"text-align: justify\">O\u00a0<a href=\"https:\/\/g1.globo.com\/tudo-sobre\/papa-francisco\/\" target=\"_blank\" rel=\"noopener\">Papa Francisco<\/a> ligou no in\u00edcio da tarde desta quarta-feira, 10 de junho, para o arcebispo de Aparecida (SP), dom Orlando Brandes, para manifestar solidariedade aos brasileiros na pandemia do coronav\u00edrus. Segundo dom Orlando, o Santo Padre pediu para dizer ao povo do Brasil que n\u00e3o somente reza por todos, mas tamb\u00e9m os acompanha sempre, com o cora\u00e7\u00e3o bem pertinho dos brasileiros.<\/p>\n<p style=\"text-align: justify\">Esta \u00e9 a terceira vez que o Papa Francisco liga para algum bispo brasileiro. O primeiro deles a receber a liga\u00e7\u00e3o foi o cardeal Odilo Scherer, arcebispo de S\u00e3o Paulo. O arcebispo de Manaus (AM), dom Leonardo Steiner, tamb\u00e9m recebeu uma liga\u00e7\u00e3o do Santo Padre. O Papa tem demonstrado proximidade aos drama enfrentado pelos brasileiros com o avan\u00e7o do coronav\u00edrus.<\/p>\n<p style=\"text-align: justify\">O arcebispo disse que o Papa afirmou ainda que est\u00e1 pensando em todos os brasileiros. &#8220;N\u00e3o somente em n\u00f3s crist\u00e3os, mas como na\u00e7\u00e3o&#8221;, afirmou. &#8220;O papa tamb\u00e9m recordou que ontem, 9 de junho, celebramos o dia de S\u00e3o Jos\u00e9 de Anchieta, canonizado por ele e que marcou tanto tamb\u00e9m a vida dos brasileiros&#8221;, disse o arcebispo de Aparecida, Dom Orlando Brandes, por meio de nota.<\/p>\n<p style=\"text-align: justify\">Papa Francisco j\u00e1 esteve no Santu\u00e1rio Nacional. Em 2007, Jorge Mario Bergoglio esteve como cardeal no Santu\u00e1rio da Padroeira do Brasil em 2007, durante a V Confer\u00eancia Geral do Episcopado Latino-Americano. Depois de se tornar papa, esteve na Bas\u00edlica de Aparecida em 2013. Foi a primeira viagem apost\u00f3lica fora da It\u00e1lia. Durante a visita, o pont\u00edfice consagrou seu pontificado e a Jornada Mundial da Juventude \u00e0 Padroeira.<\/p>\n<p>Veja como dom Orlando Brandes descreve a liga\u00e7\u00e3o do Papa Francisco.<\/p>\n<div class=\"ast-oembed-container\" style=\"height: 100%;\"><iframe loading=\"lazy\" title=\"Exclusivo: Papa Francisco faz liga\u00e7\u00e3o para Dom Orlando Brandes\" width=\"500\" height=\"281\" src=\"https:\/\/www.youtube.com\/embed\/s3r4inZdng0?feature=oembed\" frameborder=\"0\" allow=\"accelerometer; autoplay; clipboard-write; encrypted-media; gyroscope; picture-in-picture\" allowfullscreen><\/iframe><\/div>\n","protected":false},"excerpt":{"rendered":"<p>Em sua terceira liga\u00e7\u00e3o ao Brasil no contexto da pandemia, o Papa pediu a dom Orlando que estenda sua b\u00ean\u00e7\u00e3o aos brasileiros<\/p>\n","protected":false},"author":83,"featured_media":240448,"comment_status":"closed","ping_status":"open","sticky":false,"template":"","format":"standard","meta":{"site-sidebar-layout":"default","site-content-layout":"default","ast-global-header-display":"","ast-banner-title-visibility":"","ast-main-header-display":"","ast-hfb-above-header-display":"","ast-hfb-below-header-display":"","ast-hfb-mobile-header-display":"","site-post-title":"","ast-breadcrumbs-content":"","ast-featured-img":"","footer-sml-layout":"","theme-transparent-header-meta":"","adv-header-id-meta":"","stick-header-meta":"","header-above-stick-meta":"","header-main-stick-meta":"","header-below-stick-meta":""},"categories":[841],"tags":[2170,2171],"acf":[],"_links":{"self":[{"href":"https:\/\/www.cnbb.org.br\/cnbb-app\/wp\/v2\/posts\/240446"}],"collection":[{"href":"https:\/\/www.cnbb.org.br\/cnbb-app\/wp\/v2\/posts"}],"about":[{"href":"https:\/\/www.cnbb.org.br\/cnbb-app\/wp\/v2\/types\/post"}],"author":[{"embeddable":true,"href":"https:\/\/www.cnbb.org.br\/cnbb-app\/wp\/v2\/users\/83"}],"replies":[{"embeddable":true,"href":"https:\/\/www.cnbb.org.br\/cnbb-app\/wp\/v2\/comments?post=240446"}],"version-history":[{"count":0,"href":"https:\/\/www.cnbb.org.br\/cnbb-app\/wp\/v2\/posts\/240446\/revisions"}],"wp:featuredmedia":[{"embeddable":true,"href":"https:\/\/www.cnbb.org.br\/cnbb-app\/wp\/v2\/media\/240448"}],"wp:attachment":[{"href":"https:\/\/www.cnbb.org.br\/cnbb-app\/wp\/v2\/media?parent=240446"}],"wp:term":[{"taxonomy":"category","embeddable":true,"href":"https:\/\/www.cnbb.org.br\/cnbb-app\/wp\/v2\/categories?post=240446"},{"taxonomy":"post_tag","embeddable":true,"href":"https:\/\/www.cnbb.org.br\/cnbb-app\/wp\/v2\/tags?post=240446"}],"curies":[{"name":"wp","href":"https:\/\/api.w.org\/{rel}","templated":true}]}}