{"id":240483,"date":"2020-06-11T11:12:37","date_gmt":"2020-06-11T14:12:37","guid":{"rendered":"https:\/\/www.cnbb.org.br\/?p=240483"},"modified":"2020-09-08T13:52:49","modified_gmt":"2020-09-08T16:52:49","slug":"corpus-christi-10","status":"publish","type":"post","link":"https:\/\/www.cnbb.org.br\/corpus-christi-10\/","title":{"rendered":"Corpus Christi"},"content":{"rendered":"<p style=\"text-align: right\"><strong>Dom\u00a0 Fernando Areas Rifan<br \/>\n<\/strong><strong>Bispo da Administra\u00e7\u00e3o Apost\u00f3lica Pessoal S\u00e3o Jo\u00e3o Maria Vianney<\/strong><\/p>\n<p>&nbsp;<\/p>\n<p style=\"text-align: justify\">Como todos os anos, nesta quinta-feira celebraremos com toda a Igreja a solenidade do Sant\u00edssimo Sacramento do Corpo e Sangue de Cristo, ou Corpus Christi.<\/p>\n<p style=\"text-align: justify\">A bel\u00edssima catedral g\u00f3tica de Orvieto, na It\u00e1lia, que j\u00e1 visitei, conserva o relic\u00e1rio com o corporal sobre o qual ca\u00edram gotas de sangue da H\u00f3stia Consagrada, durante uma Santa Missa, celebrada em Bolsena, cidade pr\u00f3xima, onde vivia Santo Tom\u00e1s de Aquino, que testemunhou o milagre. Estamos no s\u00e9culo XIII. O Papa Urbano IV, que residia em Orvieto, ordenou ao Bispo Giacomo que levasse as rel\u00edquias de Bolsena a Orvieto, em prociss\u00e3o. Quando o Papa encontrou a Prociss\u00e3o na entrada de Orvieto, pronunciou diante da rel\u00edquia eucar\u00edstica as palavras: \u201cCorpus Christi (o Corpo de Cristo)\u201d. O Papa prescreveu ent\u00e3o, em 1264, que na 5\u00aa feira ap\u00f3s a oitava de Pentecostes fosse oficialmente celebrada a festa em honra do Corpo de Deus, sendo Santo Tom\u00e1s de Aquino encarregado de compor o texto da Liturgia dessa festa. O Papa, que havia sido arcediago de Li\u00e8ge, na B\u00e9lgica, e conhecido Santa Juliana de Mont Cornillon, atendia assim ao desejo manifestado pelo pr\u00f3prio Jesus a essa religiosa, pedindo uma festa lit\u00fargica anual em honra da Sagrada Eucaristia. Em 1247, em Li\u00e8ge, j\u00e1 havia sido realizada a primeira prociss\u00e3o eucar\u00edstica, como festa diocesana, sendo estabelecida mundialmente pelo Papa Clemente V, que confirmou a Bula de Urbano IV. Em 1317, o Papa Jo\u00e3o XXII publicou na Constitui\u00e7\u00e3o Clementina o dever de se levar a Eucaristia em prociss\u00e3o pelas vias p\u00fablicas.<\/p>\n<p style=\"text-align: justify\">Por que t\u00e3o solene festa? Porque \u201ca Eucaristia \u00e9 o cora\u00e7\u00e3o e o \u00e1pice da vida da Igreja, pois nela Cristo associa sua Igreja e todos os seus membros a seu sacrif\u00edcio de louvor e a\u00e7\u00e3o de gra\u00e7as oferecido uma vez por todas na cruz a seu Pai; por seu sacrif\u00edcio ele derrama as gra\u00e7as da salva\u00e7\u00e3o sobre o seu corpo, que \u00e9 a Igreja. A Eucaristia \u00e9 o memorial da P\u00e1scoa de Cristo: isto \u00e9, da obra da salva\u00e7\u00e3o realizada pela Vida, Morte e Ressurrei\u00e7\u00e3o de Cristo, obra esta tornada presente pela a\u00e7\u00e3o lit\u00fargica. Enquanto sacrif\u00edcio, a Eucaristia \u00e9 tamb\u00e9m oferecida em repara\u00e7\u00e3o dos pecados dos vivos e dos defuntos, e para obter de Deus benef\u00edcios espirituais ou temporais\u201d (C.I.C. nn.1407, 1409 e 1414). \u201cO Sacrif\u00edcio Eucar\u00edstico, memorial da morte e ressurrei\u00e7\u00e3o do Senhor, em que se perpetua pelos s\u00e9culos o Sacrif\u00edcio da cruz, \u00e9 o \u00e1pice e a fonte de todo o culto e da vida crist\u00e3, por ele \u00e9 significada e se realiza a unidade do povo de Deus, e se completa a constru\u00e7\u00e3o do Corpo de Cristo. Os outros sacramentos e todas as obras de apostolado da Igreja se relacionam intimamente com a sant\u00edssima Eucaristia e a ela se ordenam\u201d (C.D.C. c\u00e2n. 897).<\/p>\n<p style=\"text-align: justify\">Por ser t\u00e3o importante e digna da nossa honra e culto, o Papa S\u00e3o Jo\u00e3o Paulo II, na sua Enc\u00edclica \u201cEcclesia de Eucharistia\u201d, nos advertia contra os \u201cabusos que contribuem para obscurecer a reta f\u00e9 e a doutrina cat\u00f3lica acerca deste admir\u00e1vel sacramento\u201d e lastimava que se tivesse reduzido a compreens\u00e3o do mist\u00e9rio eucar\u00edstico, despojando-o do seu aspecto de sacrif\u00edcio para ressaltar s\u00f3 o aspecto de encontro fraterno ao redor da mesa, concluindo: \u201cA Eucaristia \u00e9 um dom demasiado grande para suportar ambiguidades e redu\u00e7\u00f5es\u201d.<\/p>\n","protected":false},"excerpt":{"rendered":"<p>Dom\u00a0 Fernando Areas Rifan Bispo da Administra\u00e7\u00e3o Apost\u00f3lica Pessoal S\u00e3o Jo\u00e3o Maria Vianney &nbsp; Como todos os anos, nesta quinta-feira celebraremos com toda a Igreja a solenidade do Sant\u00edssimo Sacramento do Corpo e Sangue de Cristo, ou Corpus Christi. A bel\u00edssima catedral g\u00f3tica de Orvieto, na It\u00e1lia, que j\u00e1 visitei, conserva o relic\u00e1rio com o &hellip;<\/p>\n<p class=\"read-more\"> <a class=\"\" href=\"https:\/\/www.cnbb.org.br\/corpus-christi-10\/\"> <span class=\"screen-reader-text\">Corpus Christi<\/span> Leia mais &raquo;<\/a><\/p>\n","protected":false},"author":29,"featured_media":0,"comment_status":"closed","ping_status":"open","sticky":false,"template":"","format":"standard","meta":{"site-sidebar-layout":"default","site-content-layout":"default","ast-global-header-display":"","ast-banner-title-visibility":"","ast-main-header-display":"","ast-hfb-above-header-display":"","ast-hfb-below-header-display":"","ast-hfb-mobile-header-display":"","site-post-title":"","ast-breadcrumbs-content":"","ast-featured-img":"","footer-sml-layout":"","theme-transparent-header-meta":"","adv-header-id-meta":"","stick-header-meta":"","header-above-stick-meta":"","header-main-stick-meta":"","header-below-stick-meta":""},"categories":[758],"tags":[],"acf":[],"_links":{"self":[{"href":"https:\/\/www.cnbb.org.br\/cnbb-app\/wp\/v2\/posts\/240483"}],"collection":[{"href":"https:\/\/www.cnbb.org.br\/cnbb-app\/wp\/v2\/posts"}],"about":[{"href":"https:\/\/www.cnbb.org.br\/cnbb-app\/wp\/v2\/types\/post"}],"author":[{"embeddable":true,"href":"https:\/\/www.cnbb.org.br\/cnbb-app\/wp\/v2\/users\/29"}],"replies":[{"embeddable":true,"href":"https:\/\/www.cnbb.org.br\/cnbb-app\/wp\/v2\/comments?post=240483"}],"version-history":[{"count":0,"href":"https:\/\/www.cnbb.org.br\/cnbb-app\/wp\/v2\/posts\/240483\/revisions"}],"wp:attachment":[{"href":"https:\/\/www.cnbb.org.br\/cnbb-app\/wp\/v2\/media?parent=240483"}],"wp:term":[{"taxonomy":"category","embeddable":true,"href":"https:\/\/www.cnbb.org.br\/cnbb-app\/wp\/v2\/categories?post=240483"},{"taxonomy":"post_tag","embeddable":true,"href":"https:\/\/www.cnbb.org.br\/cnbb-app\/wp\/v2\/tags?post=240483"}],"curies":[{"name":"wp","href":"https:\/\/api.w.org\/{rel}","templated":true}]}}