{"id":240509,"date":"2020-06-12T15:08:56","date_gmt":"2020-06-12T18:08:56","guid":{"rendered":"https:\/\/www.cnbb.org.br\/?p=240509"},"modified":"2020-09-08T13:52:47","modified_gmt":"2020-09-08T16:52:47","slug":"oportunidade-de-mudancas","status":"publish","type":"post","link":"https:\/\/www.cnbb.org.br\/oportunidade-de-mudancas\/","title":{"rendered":"Oportunidade de mudan\u00e7as"},"content":{"rendered":"<p style=\"text-align: right\"><strong><em>Dom Jo\u00e3o Justino de Medeiros Silva<br \/>\n<\/em><em>Arcebispo de Montes Claros<\/em><\/strong><\/p>\n<p>&nbsp;<\/p>\n<p style=\"text-align: justify\">\u00a0\u00a0\u00a0\u00a0\u00a0\u00a0\u00a0\u00a0\u00a0\u00a0\u00a0 Devo confessar que desde minha inf\u00e2ncia ou\u00e7o dizer que o mundo est\u00e1 em crise. Aos poucos entendi a din\u00e2mica da hist\u00f3ria como um processo permanente de transforma\u00e7\u00f5es. Na hist\u00f3ria, como na vida pessoal, fatos novos se tornam oportunidade para mudan\u00e7as significativas. O aparecimento do novo coronav\u00edrus, no in\u00edcio deste ano, representa uma dessas grandes ocasi\u00f5es em que todos os \u00e2mbitos da vida s\u00e3o atingidos e, de algum modo, interpelados. Embora sugestiva, n\u00e3o \u00e9 fact\u00edvel a proposta de S\u00edlvio Brito: \u201cPare o mundo que eu quero descer\u201d. Parece mais realista a percep\u00e7\u00e3o de Cartola: \u201cO mundo \u00e9 um moinho\u201d.<\/p>\n<p style=\"text-align: justify\">\u00a0\u00a0\u00a0\u00a0\u00a0\u00a0\u00a0\u00a0\u00a0\u00a0\u00a0 Das muitas medidas para o enfrentamento da COVID-19 fala-se que algumas vieram para ficar. Uma delas seria evitar aglomera\u00e7\u00f5es. Com certeza uma das mais dif\u00edceis, pois em todos os lugares do mundo a aglomera\u00e7\u00e3o \u00e9 um costume. As culturas geralmente t\u00eam apre\u00e7o por acontecimentos que re\u00fanem um grande n\u00famero de participantes. O Coliseu, em Roma, e o Maracan\u00e3, no Rio de Janeiro, s\u00e3o dois exemplares pequenos desse af\u00e3 de abrigar um n\u00famero sempre maior de pessoas em todos os tempos. Diferentes tradi\u00e7\u00f5es religiosas mostram isso nas grandes peregrina\u00e7\u00f5es. O mundo do esporte, nos campeonatos mundiais de futebol, nas Olimp\u00edadas e nas Paraolimp\u00edadas re\u00fane um n\u00famero incont\u00e1vel de participantes. Assim tamb\u00e9m as manifesta\u00e7\u00f5es sociais com reinvindica\u00e7\u00f5es de direitos, os grandes movimentos migrat\u00f3rios, o carnaval e as Jornadas Mundiais da Juventude. Esses exemplos denotam o qu\u00e3o dif\u00edcil ser\u00e1 encontrar outra forma de nos organizarmos para evitar essas grandes aglomera\u00e7\u00f5es. Mas algo novo pode estar surgindo.<\/p>\n<p style=\"text-align: justify\">\u00a0\u00a0\u00a0\u00a0\u00a0\u00a0\u00a0\u00a0\u00a0\u00a0\u00a0 Por outro lado, no \u00e2mbito familiar e nas institui\u00e7\u00f5es menores \u00e9 poss\u00edvel prever algumas mudan\u00e7as. E tais mudan\u00e7as se apoiariam em alguns princ\u00edpios. O primeiro deles \u00e9 declinar do desejo de reunir sempre maior n\u00famero de pessoas em festas, eventos e celebra\u00e7\u00f5es. N\u00e3o se pode celebrar e festejar um acontecimento com um n\u00famero reduzido de pessoas presentes? O segundo deles \u00e9 a sobriedade no uso dos recursos. Enquanto se desperdi\u00e7am recursos para eventos de porte maior, um planejamento mais atento \u00e0 sustentabilidade faria bem \u00e0s pessoas e \u00e0 Casa Comum. A chamada \u201cpegada ecol\u00f3gica\u201d seria de menor impacto. Ainda apresento um terceiro princ\u00edpio. Avaliar criteriosamente os impactos e os resultados positivos de cada investimento em projetos que envolvam muitas pessoas, vencendo a megalomania de projetos sempre maiores.<\/p>\n<p style=\"text-align: justify\">\u00a0\u00a0\u00a0\u00a0\u00a0\u00a0\u00a0\u00a0\u00a0\u00a0\u00a0 Talvez essas breves observa\u00e7\u00f5es venham a ser consideradas fantasiosas. No entanto, postulo a necessidade de uma vida menos sugada pela constante e volumosa demanda de tudo o que se tornou macro e, at\u00e9 mesmo, impessoal. Os hipermercados descartaram os pequenos mercados de ruas. As lojas de departamentos fizeram o mesmo com as lojas de ruas e galerias. Constroem-se shoppings cada vez maiores. At\u00e9 mesmo igrejas s\u00e3o constru\u00eddas como grandes audit\u00f3rios capazes de acolher n\u00famero sempre maior de fi\u00e9is&#8230; N\u00e3o podemos viver de modo mais simples? N\u00e3o seria interessante revalorizar as pequenas iniciativas? H\u00e1 muitas experi\u00eancias nessa dire\u00e7\u00e3o que merecem ser conhecidas e incentivadas. Nessa crise provocada pelo novo coronav\u00edrus a oportunidade de mudan\u00e7as toca a todos. Quem souber aproveitar ter\u00e1 mais qualidade de vida. Pense nisso.<\/p>\n<p>&nbsp;    \t<\/p>\n","protected":false},"excerpt":{"rendered":"<p>Dom Jo\u00e3o Justino de Medeiros Silva Arcebispo de Montes Claros &nbsp; \u00a0\u00a0\u00a0\u00a0\u00a0\u00a0\u00a0\u00a0\u00a0\u00a0\u00a0 Devo confessar que desde minha inf\u00e2ncia ou\u00e7o dizer que o mundo est\u00e1 em crise. Aos poucos entendi a din\u00e2mica da hist\u00f3ria como um processo permanente de transforma\u00e7\u00f5es. Na hist\u00f3ria, como na vida pessoal, fatos novos se tornam oportunidade para mudan\u00e7as significativas. O aparecimento &hellip;<\/p>\n<p class=\"read-more\"> <a class=\"\" href=\"https:\/\/www.cnbb.org.br\/oportunidade-de-mudancas\/\"> <span class=\"screen-reader-text\">Oportunidade de mudan\u00e7as<\/span> Leia mais &raquo;<\/a><\/p>\n","protected":false},"author":64,"featured_media":0,"comment_status":"closed","ping_status":"open","sticky":false,"template":"","format":"standard","meta":{"site-sidebar-layout":"default","site-content-layout":"default","ast-global-header-display":"","ast-banner-title-visibility":"","ast-main-header-display":"","ast-hfb-above-header-display":"","ast-hfb-below-header-display":"","ast-hfb-mobile-header-display":"","site-post-title":"","ast-breadcrumbs-content":"","ast-featured-img":"","footer-sml-layout":"","theme-transparent-header-meta":"","adv-header-id-meta":"","stick-header-meta":"","header-above-stick-meta":"","header-main-stick-meta":"","header-below-stick-meta":""},"categories":[758],"tags":[],"acf":[],"_links":{"self":[{"href":"https:\/\/www.cnbb.org.br\/cnbb-app\/wp\/v2\/posts\/240509"}],"collection":[{"href":"https:\/\/www.cnbb.org.br\/cnbb-app\/wp\/v2\/posts"}],"about":[{"href":"https:\/\/www.cnbb.org.br\/cnbb-app\/wp\/v2\/types\/post"}],"author":[{"embeddable":true,"href":"https:\/\/www.cnbb.org.br\/cnbb-app\/wp\/v2\/users\/64"}],"replies":[{"embeddable":true,"href":"https:\/\/www.cnbb.org.br\/cnbb-app\/wp\/v2\/comments?post=240509"}],"version-history":[{"count":0,"href":"https:\/\/www.cnbb.org.br\/cnbb-app\/wp\/v2\/posts\/240509\/revisions"}],"wp:attachment":[{"href":"https:\/\/www.cnbb.org.br\/cnbb-app\/wp\/v2\/media?parent=240509"}],"wp:term":[{"taxonomy":"category","embeddable":true,"href":"https:\/\/www.cnbb.org.br\/cnbb-app\/wp\/v2\/categories?post=240509"},{"taxonomy":"post_tag","embeddable":true,"href":"https:\/\/www.cnbb.org.br\/cnbb-app\/wp\/v2\/tags?post=240509"}],"curies":[{"name":"wp","href":"https:\/\/api.w.org\/{rel}","templated":true}]}}