{"id":240553,"date":"2020-06-15T11:33:05","date_gmt":"2020-06-15T14:33:05","guid":{"rendered":"https:\/\/www.cnbb.org.br\/?p=240553"},"modified":"2020-06-15T11:33:05","modified_gmt":"2020-06-15T14:33:05","slug":"webinario-dia-mundial-de-conscientizacao-da-violencia-contra-a-pessoa-idosa","status":"publish","type":"post","link":"https:\/\/www.cnbb.org.br\/webinario-dia-mundial-de-conscientizacao-da-violencia-contra-a-pessoa-idosa\/","title":{"rendered":"Dia Mundial de Conscientiza\u00e7\u00e3o da Viol\u00eancia contra a Pessoa Idosa: CNBB e Neppos\/UnB realizam webin\u00e1rio com especialistas"},"content":{"rendered":"<p style=\"text-align: justify\">No Dia Mundial de Conscientiza\u00e7\u00e3o da Viol\u00eancia contra a Pessoa Idosa, a Confer\u00eancia Nacional dos Bispos do Brasil (CNBB) transmite em suas redes sociais um webin\u00e1rio (semin\u00e1rio na web) que ir\u00e1 debater <em>os desafios da conscientiza\u00e7\u00e3o da viol\u00eancia contra a Pessoa Idosa no debate entre a vida e a economia no contexto de pandemia da Covid-19<\/em>. O evento inicia \u00e0s 15h e poder\u00e1 ser acompanhado por meio dos perfis da CNBB no Twitter, no Facebook e no Youtube.<\/p>\n<p style=\"text-align: justify\">O webin\u00e1rio \u00e9 uma realiza\u00e7\u00e3o da CNBB e do N\u00facleo de Estudos e Pesquisa em Pol\u00edtica Social da Universidade de Bras\u00edlia (Neppos\/UnB), com apoio da Pastoral da Pessoa Idosa. Seu principal objetivo, de acordo com coordenadora da Pastoral da Pessoa Idosa na arquidiocese de Campinas (SP) e presidente eleita do Conselho Nacional dos Direitos da Pessoa Idosa para o bi\u00eanio 2018\/2020, Lucia Secoti, &#8220;\u00e9 fazer discuss\u00e3o entre as principais causas da viol\u00eancia como est\u00e1 estruturada a pol\u00edtica de aten\u00e7\u00e3o \u00e0 pessoa idosa no Brasil e criar uma consci\u00eancia social e pol\u00edtica, da exist\u00eancia da viol\u00eancia contra a pessoa idosa&#8221;. Desde 2019 Lucia n\u00e3o atua no Conselho Nacional dos Direitos da Pessoa Idosa por conta da reestrutura\u00e7\u00e3o nos conselhos de participa\u00e7\u00e3o popular feita pelo Governo Federal, limitando a composi\u00e7\u00e3o e atua\u00e7\u00e3o dos conselhos de pol\u00edticas p\u00fablicas.<\/p>\n<p>V\u00e1rios especialistas e autoridades v\u00e3o participar do webin\u00e1rio como painelistas ou palestrantes:<\/p>\n<ul>\n<li><em><strong>Paulo Saad<\/strong><\/em>, diretor do Centro Latino-Americano e Caribenho de Demografia (Celade\/Cepal)<\/li>\n<li><em><strong>Deborah Duprat<\/strong><\/em>, ex-procuradora federal dos Direitos do Cidad\u00e3o (PFDC)<\/li>\n<li><em><strong>Denis Bezerra<\/strong><\/em>, primeiro vice-presidente da Comiss\u00e3o de Direitos da Pessoa Idosa da C\u00e2mara dos Deputados<\/li>\n<li><em><strong>Albamaria Abigail<\/strong><\/em>, ex-secret\u00e1ria nacional de Promo\u00e7\u00e3o Humana<\/li>\n<li><em><strong>Helder Salom\u00e3o<\/strong><\/em>, presidente da Comiss\u00e3o de Direitos Humanos e Minorias da C\u00e2mara dos Deputados<\/li>\n<li><em><strong>Laura Machado<\/strong><\/em>, cofundadora da Rede Internacional de Preven\u00e7\u00e3o da Viol\u00eancia contra as Pessoas Idosas<\/li>\n<li><em><strong>Renan Sotto Mayor<\/strong><\/em>, presidente do Conselho Nacional dos Direitos Humanos<\/li>\n<\/ul>\n<p>&nbsp;<\/p>\n<p style=\"text-align: justify\">Lucia Secoti ser\u00e1 a mediadora do webin\u00e1rio. Ela destaca que o tema proposto \u00e9 o objetivo da Pastoral da Pessoa Idosa: &#8220;Assegurar a dignidade e a valoriza\u00e7\u00e3o integral das pessoas idosas, atrav\u00e9s da promo\u00e7\u00e3o humana e espiritual, respeitando seus direitos, num processo educativo de forma\u00e7\u00e3o continuada destas, de suas fam\u00edlias e de suas comunidades, sem distin\u00e7\u00e3o de ra\u00e7a, cor, profiss\u00e3o, nacionalidade, sexo, credo religioso ou pol\u00edtico, para que as fam\u00edlias e as comunidades possam conviver respeitosamente com as pessoas idosas, protagonistas de sua auto-realiza\u00e7\u00e3o&#8221;.<\/p>\n<p>&nbsp;<\/p>\n<p><a href=\"https:\/\/www.cnbb.org.br\/wp-content\/uploads\/2020\/06\/webinario-pessoa-idosa.jpeg\" data-rel=\"lightbox-image-0\" data-rl_title=\"\" data-rl_caption=\"\" title=\"\"><img decoding=\"async\" loading=\"lazy\" class=\"alignnone wp-image-240554\" src=\"https:\/\/www.cnbb.org.br\/wp-content\/uploads\/2020\/06\/webinario-pessoa-idosa.jpeg\" alt=\"\" width=\"578\" height=\"578\" srcset=\"https:\/\/www.cnbb.org.br\/wp-content\/uploads\/2020\/06\/webinario-pessoa-idosa.jpeg 1080w, https:\/\/www.cnbb.org.br\/wp-content\/uploads\/2020\/06\/webinario-pessoa-idosa-300x300.jpeg 300w, https:\/\/www.cnbb.org.br\/wp-content\/uploads\/2020\/06\/webinario-pessoa-idosa-1024x1024.jpeg 1024w, https:\/\/www.cnbb.org.br\/wp-content\/uploads\/2020\/06\/webinario-pessoa-idosa-150x150.jpeg 150w, https:\/\/www.cnbb.org.br\/wp-content\/uploads\/2020\/06\/webinario-pessoa-idosa-768x768.jpeg 768w, https:\/\/www.cnbb.org.br\/wp-content\/uploads\/2020\/06\/webinario-pessoa-idosa-800x800.jpeg 800w, https:\/\/www.cnbb.org.br\/wp-content\/uploads\/2020\/06\/webinario-pessoa-idosa-500x500.jpeg 500w\" sizes=\"(max-width: 578px) 100vw, 578px\" \/><\/a>    \t<\/p>\n","protected":false},"excerpt":{"rendered":"<p>Evento com apoio da Pastoral da Pessoa Idosa vai abordar desafios da conscientiza\u00e7\u00e3o da viol\u00eancia contra a Pessoa Idosa no debate entre a vida e a economia no contexto de pandemia da Covid-19. Acompanhe a partir das 15h<\/p>\n","protected":false},"author":83,"featured_media":240602,"comment_status":"closed","ping_status":"open","sticky":false,"template":"","format":"standard","meta":{"site-sidebar-layout":"default","site-content-layout":"default","ast-global-header-display":"","ast-banner-title-visibility":"","ast-main-header-display":"","ast-hfb-above-header-display":"","ast-hfb-below-header-display":"","ast-hfb-mobile-header-display":"","site-post-title":"","ast-breadcrumbs-content":"","ast-featured-img":"","footer-sml-layout":"","theme-transparent-header-meta":"","adv-header-id-meta":"","stick-header-meta":"","header-above-stick-meta":"","header-main-stick-meta":"","header-below-stick-meta":""},"categories":[833],"tags":[2015],"acf":[],"_links":{"self":[{"href":"https:\/\/www.cnbb.org.br\/cnbb-app\/wp\/v2\/posts\/240553"}],"collection":[{"href":"https:\/\/www.cnbb.org.br\/cnbb-app\/wp\/v2\/posts"}],"about":[{"href":"https:\/\/www.cnbb.org.br\/cnbb-app\/wp\/v2\/types\/post"}],"author":[{"embeddable":true,"href":"https:\/\/www.cnbb.org.br\/cnbb-app\/wp\/v2\/users\/83"}],"replies":[{"embeddable":true,"href":"https:\/\/www.cnbb.org.br\/cnbb-app\/wp\/v2\/comments?post=240553"}],"version-history":[{"count":0,"href":"https:\/\/www.cnbb.org.br\/cnbb-app\/wp\/v2\/posts\/240553\/revisions"}],"wp:featuredmedia":[{"embeddable":true,"href":"https:\/\/www.cnbb.org.br\/cnbb-app\/wp\/v2\/media\/240602"}],"wp:attachment":[{"href":"https:\/\/www.cnbb.org.br\/cnbb-app\/wp\/v2\/media?parent=240553"}],"wp:term":[{"taxonomy":"category","embeddable":true,"href":"https:\/\/www.cnbb.org.br\/cnbb-app\/wp\/v2\/categories?post=240553"},{"taxonomy":"post_tag","embeddable":true,"href":"https:\/\/www.cnbb.org.br\/cnbb-app\/wp\/v2\/tags?post=240553"}],"curies":[{"name":"wp","href":"https:\/\/api.w.org\/{rel}","templated":true}]}}