{"id":240555,"date":"2020-06-16T11:20:43","date_gmt":"2020-06-16T14:20:43","guid":{"rendered":"https:\/\/www.cnbb.org.br\/?p=240555"},"modified":"2020-06-16T11:20:43","modified_gmt":"2020-06-16T14:20:43","slug":"a-vulnerabilidade-das-mulheres-na-pandemia-e-tema-da-live-e-tempo-de-cuidar","status":"publish","type":"post","link":"https:\/\/www.cnbb.org.br\/a-vulnerabilidade-das-mulheres-na-pandemia-e-tema-da-live-e-tempo-de-cuidar\/","title":{"rendered":"\u2018A vulnerabilidade das mulheres na pandemia\u2019 \u00e9 tema da live \u00c9 Tempo de Cuidar"},"content":{"rendered":"<p style=\"text-align: justify\"><em><strong>\u2018A vulnerabilidade das mulheres durante a pandemia\u2019<\/strong><\/em> \u00e9 o tema da live &#8220;\u00c9 Tempo de Cuidar&#8221; desta ter\u00e7a-feira, 16 de junho, que recebe a secret\u00e1ria-geral do Conselho Nacional de Igrejas Crist\u00e3s do Brasil (CONIC), Romi Bencke, e a assessora nacional da C\u00e1ritas Brasileira, Cristina dos Anjos.<\/p>\n<p style=\"text-align: justify\">S\u00e3o v\u00e1rios os caminhos que esta tem\u00e1tica pode percorrer. Um deles \u00e9 o do emprego, que atingiu muitas mulheres chefes de fam\u00edlia, principalmente as que trabalham como dom\u00e9sticas e sem carteira assinada. Outro tema a ser abordado ser\u00e1 o da viol\u00eancia dom\u00e9stica, que segundo pesquisas aumentaram neste per\u00edodo do isolamento social.<\/p>\n<p style=\"text-align: justify\">Um Estudo realizado pelo Instituto de Pesquisa Econ\u00f4mica Aplicada (Ipea), em parceria com a ONU Mulheres, apresenta diagn\u00f3stico sobre a situa\u00e7\u00e3o de vulnerabilidade e risco de cont\u00e1gio ao Covid-19 enfrentado pelas trabalhadoras dom\u00e9sticas no pa\u00eds. De acordo com a pesquisa, 70% das profissionais n\u00e3o possuem carteira de trabalho assinada.<\/p>\n<p style=\"text-align: justify\">A precariedade dos v\u00ednculos trabalhistas e o tipo de trabalho desempenhado pelas profissionais, em contato direto com outras pessoas e seus objetos, representam os principais fatores que exp\u00f5em as profissionais no atual contexto da pandemia.<\/p>\n<p style=\"text-align: justify\">Um recente artigo publicado pelo defensor p\u00fablico do Estado de S\u00e3o Paulo (SP), Julio Camargo de Azevedo, em parceria com o defensor do Rio de Janeiro (RJ), Diogo Esteves, e o defensor P\u00fablico-Geral do RJ, Franklyn Alves Silva, no portal Jota, retrata o crescimento da viol\u00eancia dom\u00e9stica e familiar e tamb\u00e9m dos pedidos de medidas protetivas de urg\u00eancia durante a pandemia, al\u00e9m dos impactos psicol\u00f3gicos sobre as mulheres e as profissionais de sa\u00fade.<\/p>\n<p style=\"text-align: justify\">No artigo, os defensores p\u00fablicos trazem dados do estudo mundial realizado pelo Global Access to Justice Project sobre os impactos da Covid-19 no Sistema de Justi\u00e7a. Segundo o estudo, os dados da viol\u00eancia dom\u00e9stica e familiar s\u00e3o alarmantes.<\/p>\n<p style=\"text-align: justify\">No estado de S\u00e3o Paulo, o n\u00famero de feminic\u00eddios aumentou 44,9% durante o per\u00edodo de isolamento social, enquanto os crimes letais intencionais praticados contra o restante da popula\u00e7\u00e3o observou um decr\u00e9scimo de 19%, destaca o artigo. O aumento da viol\u00eancia tamb\u00e9m foi registrado nos estados do Rio de Janeiro, Paran\u00e1, Acre, Rio Grande do Sul, Rio Grande do Norte, Mato Grosso e Par\u00e1.<\/p>\n<p style=\"text-align: justify\">Os defensores p\u00fablicos destacam ainda no artigo que <em>\u201co agravamento da vulnerabilidade feminina n\u00e3o est\u00e1 relacionado apenas ao confinamento de v\u00edtimas e agressores no interior dos lares, mas tamb\u00e9m \u00e0 anomia social decorrente do distanciamento feminino das redes de apoio e prote\u00e7\u00e3o (amigos, familiares, organiza\u00e7\u00f5es n\u00e3o governamentais etc.)\u201d.<\/em><\/p>\n<p style=\"text-align: justify\">O artigo aponta tamb\u00e9m que al\u00e9m dessa falta de apoio, <em>\u201cas mulheres se tornam v\u00edtimas devido \u00e0s elevadas taxas de consumo de bebidas alco\u00f3licas e o aumento do estresse derivado da inseguran\u00e7a econ\u00f4mica, fatores que engrossam o caldo dos conflitos de g\u00eanero durante o per\u00edodo de isolamento\u201d, diz o texto.<\/em><\/p>\n<p style=\"text-align: justify\">Participe dessa discuss\u00e3o importante e que afeta a vida de muitas mulheres, na live dessa ter\u00e7a-feira, \u00e0s 17h, nas redes da CNBB e C\u00e1ritas Brasileira e no <strong><a href=\"https:\/\/www.youtube.com\/cnbbnacional\/live\" data-rel=\"lightbox-video-0\" target=\"_blank\" rel=\"noopener\">canal do Youtube da CNBB<\/a><\/strong> sobre \u2018\u00c9 tempo de cuidar\u2019. Fa\u00e7a perguntas ao longo da transmiss\u00e3o aos convidados e publique suas a\u00e7\u00f5es solid\u00e1rias com a hashtag: #tempodecuidar<\/p>\n<p><a href=\"https:\/\/www.cnbb.org.br\/wp-content\/uploads\/2020\/06\/Live-Mulheres-no-Tempo-da-Pandemia-1.jpg\" data-rel=\"lightbox-image-0\" data-rl_title=\"\" data-rl_caption=\"\" title=\"\"><img decoding=\"async\" loading=\"lazy\" class=\"alignnone size-full wp-image-240643\" src=\"https:\/\/www.cnbb.org.br\/wp-content\/uploads\/2020\/06\/Live-Mulheres-no-Tempo-da-Pandemia-1.jpg\" alt=\"\" width=\"1280\" height=\"720\" srcset=\"https:\/\/www.cnbb.org.br\/wp-content\/uploads\/2020\/06\/Live-Mulheres-no-Tempo-da-Pandemia-1.jpg 1280w, https:\/\/www.cnbb.org.br\/wp-content\/uploads\/2020\/06\/Live-Mulheres-no-Tempo-da-Pandemia-1-300x169.jpg 300w, https:\/\/www.cnbb.org.br\/wp-content\/uploads\/2020\/06\/Live-Mulheres-no-Tempo-da-Pandemia-1-1024x576.jpg 1024w, https:\/\/www.cnbb.org.br\/wp-content\/uploads\/2020\/06\/Live-Mulheres-no-Tempo-da-Pandemia-1-768x432.jpg 768w, https:\/\/www.cnbb.org.br\/wp-content\/uploads\/2020\/06\/Live-Mulheres-no-Tempo-da-Pandemia-1-500x281.jpg 500w\" sizes=\"(max-width: 1280px) 100vw, 1280px\" \/><\/a>    \t<\/p>\n","protected":false},"excerpt":{"rendered":"<p>O bate papo acontece nas redes sociais da CNBB e da C\u00e1ritas Brasileira. Participe e use a hashtag #tempodecuidar<\/p>\n","protected":false},"author":83,"featured_media":240570,"comment_status":"closed","ping_status":"open","sticky":false,"template":"","format":"standard","meta":{"site-sidebar-layout":"default","site-content-layout":"default","ast-global-header-display":"","ast-banner-title-visibility":"","ast-main-header-display":"","ast-hfb-above-header-display":"","ast-hfb-below-header-display":"","ast-hfb-mobile-header-display":"","site-post-title":"","ast-breadcrumbs-content":"","ast-featured-img":"","footer-sml-layout":"","theme-transparent-header-meta":"","adv-header-id-meta":"","stick-header-meta":"","header-above-stick-meta":"","header-main-stick-meta":"","header-below-stick-meta":""},"categories":[1869],"tags":[1870,1850,1856,2185],"acf":[],"_links":{"self":[{"href":"https:\/\/www.cnbb.org.br\/cnbb-app\/wp\/v2\/posts\/240555"}],"collection":[{"href":"https:\/\/www.cnbb.org.br\/cnbb-app\/wp\/v2\/posts"}],"about":[{"href":"https:\/\/www.cnbb.org.br\/cnbb-app\/wp\/v2\/types\/post"}],"author":[{"embeddable":true,"href":"https:\/\/www.cnbb.org.br\/cnbb-app\/wp\/v2\/users\/83"}],"replies":[{"embeddable":true,"href":"https:\/\/www.cnbb.org.br\/cnbb-app\/wp\/v2\/comments?post=240555"}],"version-history":[{"count":0,"href":"https:\/\/www.cnbb.org.br\/cnbb-app\/wp\/v2\/posts\/240555\/revisions"}],"wp:featuredmedia":[{"embeddable":true,"href":"https:\/\/www.cnbb.org.br\/cnbb-app\/wp\/v2\/media\/240570"}],"wp:attachment":[{"href":"https:\/\/www.cnbb.org.br\/cnbb-app\/wp\/v2\/media?parent=240555"}],"wp:term":[{"taxonomy":"category","embeddable":true,"href":"https:\/\/www.cnbb.org.br\/cnbb-app\/wp\/v2\/categories?post=240555"},{"taxonomy":"post_tag","embeddable":true,"href":"https:\/\/www.cnbb.org.br\/cnbb-app\/wp\/v2\/tags?post=240555"}],"curies":[{"name":"wp","href":"https:\/\/api.w.org\/{rel}","templated":true}]}}