{"id":240650,"date":"2020-06-16T10:52:43","date_gmt":"2020-06-16T13:52:43","guid":{"rendered":"https:\/\/www.cnbb.org.br\/?p=240650"},"modified":"2020-09-08T13:52:45","modified_gmt":"2020-09-08T16:52:45","slug":"caridade-em-tempos-de-pandemia","status":"publish","type":"post","link":"https:\/\/www.cnbb.org.br\/caridade-em-tempos-de-pandemia\/","title":{"rendered":"Caridade em tempos de pandemia"},"content":{"rendered":"<p style=\"text-align: right\"><strong>Dom Alo\u00edsio A. Dilli <\/strong><br \/>\n<strong>Bispo de Santa Cruz do Sul<\/strong><\/p>\n<p style=\"text-align: justify\">\n<p style=\"text-align: justify\">\u00a0 \u00a0 \u00a0 \u00a0 \u00a0Caros diocesanos. Em mensagens anteriores refletimos sobre a Catequese e a Liturgia em tempos de pandemia. Hoje pretendemos refletir convosco sobre outro aspecto, tamb\u00e9m fundamental, que emerge fortemente dentro do contexto da pandemia: sermos Igreja samaritana pela caridade.<\/p>\n<p style=\"text-align: justify\">\u00a0\u00a0\u00a0\u00a0\u00a0\u00a0\u00a0\u00a0\u00a0\u00a0\u00a0 Assim desejamos relacionar Catequese, Liturgia e Caridade, considerando-as como unidade. O Papa Paulo VI, tomando um ad\u00e1gio que nasceu no s\u00e9culo V e que foi se desenvolvendo na Igreja: \u201c<em>Lex orandi \u2013 Lex credendi<\/em>\u201d (= <em>A <\/em><em>lei da ora\u00e7\u00e3o \u00e9 a lei da f\u00e9 ou A Igreja cr\u00ea conforme reza<\/em>), acrescentou uma terceira express\u00e3o: \u201c<em>Lux operandi et vivendi<\/em>\u201d (= <em>&#8230;que leva \u00e0 luz da a\u00e7\u00e3o e da vida<\/em>). Sim, desejamos crer conforme celebramos e isso nos deve levar \u00e0 luz da a\u00e7\u00e3o e da vida. O Papa Jo\u00e3o Paulo II, ao falar da caridade, assim se expressa: \u201c<em>Se faltar a caridade, tudo ser\u00e1 in\u00fatil&#8230; Nesta p\u00e1gina, n\u00e3o menos do que o faz com a vertente da ortodoxia, a Igreja mede a sua fidelidade de Esposa de Cristo<\/em>\u201d (NMI 42 e 49). E a CNBB confirma este modo de pensar: \u201c<em>Uma comunidade insens\u00edvel \u00e0s necessidades dos irm\u00e3os e \u00e0 luta para vencer a injusti\u00e7a \u00e9 um contra-testemunho, e celebra indignamente a pr\u00f3pria liturgia<\/em>\u201d (DG 2008-2010, n. 178).<\/p>\n<p style=\"text-align: justify\">\u00a0\u00a0\u00a0\u00a0\u00a0\u00a0\u00a0\u00a0\u00a0\u00a0\u00a0 Pelo visto anteriormente, percebemos uma profunda rela\u00e7\u00e3o entre o que celebramos (<em>lex orandi<\/em>) e o que cremos (<em>lex credendi<\/em>) e ambas n\u00e3o podem distanciar-se da vida crist\u00e3 consequente (<em>lex ou lux agendi ou operandi<\/em>), sobretudo do testemunho de nossas a\u00e7\u00f5es. Ao falarmos em Inicia\u00e7\u00e3o \u00e0 Vida Crist\u00e3, em catequese de inspira\u00e7\u00e3o catecumenal &#8211; que tem car\u00e1ter progressivo de conhecimento, de aproxima\u00e7\u00e3o e encontro com o Senhor e de inser\u00e7\u00e3o operante na vida da comunidade &#8211; \u00e9 de fundamental import\u00e2ncia que entendamos a tem\u00e1tica abordada acima, pois ela nos mostra pela tradi\u00e7\u00e3o da Igreja que n\u00e3o podemos separar liturgia (celebra\u00e7\u00e3o, ora\u00e7\u00e3o) daquilo que cremos (doutrina, conhecimento, f\u00e9) e estas t\u00eam sua necess\u00e1ria express\u00e3o operante na vida concreta dos crist\u00e3os. Portanto, catequese e liturgia e a\u00e7\u00e3o de vida andam necessariamente unidas e interdependentes. N\u00e3o basta a doutrina isolada; n\u00e3o \u00e9 suficiente a liturgia em si mesma; e n\u00e3o resolve um solit\u00e1rio voluntarismo de a\u00e7\u00f5es sem fundamento crist\u00e3o. Pois elas interagem, s\u00e3o interdependentes e se completam mutuamente.<\/p>\n<p style=\"text-align: justify\">\u00a0\u00a0\u00a0\u00a0\u00a0\u00a0\u00a0\u00a0\u00a0\u00a0\u00a0 As primeiras comunidades crist\u00e3s (Cf. At 2, 42-47 e At 4, 32-37) concretizavam a f\u00e9 pela caridade vivida, colocada acima de tudo (Cf. Gl 5, 6 e 1Cor 13, 1-13). Tamb\u00e9m n\u00f3s, diante da situa\u00e7\u00e3o criada pela pandemia, sentimos necessidade de a\u00e7\u00f5es nacionais, diocesanas, paroquiais e comunit\u00e1rias concretas diante dos irm\u00e3os e irm\u00e3s em necessidade. J\u00e1 existem apelos gerais e organiza\u00e7\u00f5es com propostas, como da CNBB (\u201c<em>\u00c9 Tempo de Cuidar<\/em>\u201d) e de outras entidades, civis e religiosas, para ajudas aos que mais precisam. Certamente, nossos munic\u00edpios tamb\u00e9m as promovem e somos atentos e sens\u00edveis a isso.<\/p>\n<p style=\"text-align: justify\">\u00a0 \u00a0 \u00a0 \u00a0 \u00a0\u00c9 gratificante ver como, em algumas par\u00f3quias e comunidades da diocese, a dimens\u00e3o da caridade est\u00e1 ganhando for\u00e7a, especialmente durante estes dias da amea\u00e7a do Covid-19 e suas consequ\u00eancias. Em outras, possivelmente, n\u00e3o \u00e9 t\u00e3o intensiva. Eis uma das perguntas que deve ser feita por todas as lideran\u00e7as pastorais: &#8211; <em>Considerando que desejamos ser Igreja samaritana, o que \u00e9 poss\u00edvel realizar para atender o povo em suas necessidades, especialmente neste tempo de pandemia<\/em>? Enquanto pensamos nas poss\u00edveis respostas e atitudes, enviamos nossa sauda\u00e7\u00e3o fraterna e manifestamos nossos sentimentos de profunda comunh\u00e3o.<\/p>\n<p>&nbsp;    \t<\/p>\n","protected":false},"excerpt":{"rendered":"<p>Dom Alo\u00edsio A. Dilli Bispo de Santa Cruz do Sul \u00a0 \u00a0 \u00a0 \u00a0 \u00a0Caros diocesanos. Em mensagens anteriores refletimos sobre a Catequese e a Liturgia em tempos de pandemia. Hoje pretendemos refletir convosco sobre outro aspecto, tamb\u00e9m fundamental, que emerge fortemente dentro do contexto da pandemia: sermos Igreja samaritana pela caridade. \u00a0\u00a0\u00a0\u00a0\u00a0\u00a0\u00a0\u00a0\u00a0\u00a0\u00a0 Assim desejamos &hellip;<\/p>\n<p class=\"read-more\"> <a class=\"\" href=\"https:\/\/www.cnbb.org.br\/caridade-em-tempos-de-pandemia\/\"> <span class=\"screen-reader-text\">Caridade em tempos de pandemia<\/span> Leia mais &raquo;<\/a><\/p>\n","protected":false},"author":33,"featured_media":0,"comment_status":"closed","ping_status":"open","sticky":false,"template":"","format":"standard","meta":{"site-sidebar-layout":"default","site-content-layout":"default","ast-global-header-display":"","ast-banner-title-visibility":"","ast-main-header-display":"","ast-hfb-above-header-display":"","ast-hfb-below-header-display":"","ast-hfb-mobile-header-display":"","site-post-title":"","ast-breadcrumbs-content":"","ast-featured-img":"","footer-sml-layout":"","theme-transparent-header-meta":"","adv-header-id-meta":"","stick-header-meta":"","header-above-stick-meta":"","header-main-stick-meta":"","header-below-stick-meta":""},"categories":[758],"tags":[],"acf":[],"_links":{"self":[{"href":"https:\/\/www.cnbb.org.br\/cnbb-app\/wp\/v2\/posts\/240650"}],"collection":[{"href":"https:\/\/www.cnbb.org.br\/cnbb-app\/wp\/v2\/posts"}],"about":[{"href":"https:\/\/www.cnbb.org.br\/cnbb-app\/wp\/v2\/types\/post"}],"author":[{"embeddable":true,"href":"https:\/\/www.cnbb.org.br\/cnbb-app\/wp\/v2\/users\/33"}],"replies":[{"embeddable":true,"href":"https:\/\/www.cnbb.org.br\/cnbb-app\/wp\/v2\/comments?post=240650"}],"version-history":[{"count":0,"href":"https:\/\/www.cnbb.org.br\/cnbb-app\/wp\/v2\/posts\/240650\/revisions"}],"wp:attachment":[{"href":"https:\/\/www.cnbb.org.br\/cnbb-app\/wp\/v2\/media?parent=240650"}],"wp:term":[{"taxonomy":"category","embeddable":true,"href":"https:\/\/www.cnbb.org.br\/cnbb-app\/wp\/v2\/categories?post=240650"},{"taxonomy":"post_tag","embeddable":true,"href":"https:\/\/www.cnbb.org.br\/cnbb-app\/wp\/v2\/tags?post=240650"}],"curies":[{"name":"wp","href":"https:\/\/api.w.org\/{rel}","templated":true}]}}