{"id":240657,"date":"2020-06-17T08:30:12","date_gmt":"2020-06-17T11:30:12","guid":{"rendered":"https:\/\/www.cnbb.org.br\/?p=240657"},"modified":"2020-06-17T08:30:12","modified_gmt":"2020-06-17T11:30:12","slug":"terco-da-esperanca-e-da-solidariedade-desta-quarta-tera-religiosas-e-movimentos-eclesiais","status":"publish","type":"post","link":"https:\/\/www.cnbb.org.br\/terco-da-esperanca-e-da-solidariedade-desta-quarta-tera-religiosas-e-movimentos-eclesiais\/","title":{"rendered":"Ter\u00e7o da Esperan\u00e7a e da Solidariedade desta quarta ter\u00e1 religiosas e movimentos eclesiais"},"content":{"rendered":"<p style=\"text-align: justify\">O <em><strong>Ter\u00e7o da Esperan\u00e7a e da Solidariedade<\/strong><\/em>, desta quarta-feira, 17 de junho, foi preparada pela arquidiocese de Campo Grande (MS) e pela TV Imaculada. No ter\u00e7o de hoje, a Igreja no Brasil une-se novamente em ora\u00e7\u00e3o no contexto da emerg\u00eancia da pandemia da Covid-19. Ser\u00e1 poss\u00edvel acompanhar o ter\u00e7o nas diversas emissoras de TV e r\u00e1dio de inspira\u00e7\u00e3o cat\u00f3lica, al\u00e9m das redes sociais da Confer\u00eancia Nacional dos Bispos do Brasil (CNBB), a partir das <strong>15h30<\/strong>.<\/p>\n<p style=\"text-align: justify\">O ter\u00e7o \u00e9 conduzido pelo arcebispo de Campo Grande, dom Dimas Lara Barbosa, junto com seu auxiliar, dom Janusz Marian Danecki, e o coordenador arquidiocesano de Pastoral, padre Vander Casemiro.<\/p>\n<p style=\"text-align: justify\">Tamb\u00e9m participam da ora\u00e7\u00e3o religiosas do Instituto das Mission\u00e1rias da Imaculada Padre Kolbe e das Mission\u00e1rias de Maria Imaculada, o padre Neif Dami\u00e3o Lescano Nabhan, p\u00e1roco da par\u00f3quia Nossa Senhora Auxiliadora dos Crist\u00e3os, e integrantes de movimentos eclesiais: do Movimento M\u00e3e Rainha da arquidiocese de Campo Grande, dos Vicentinos &#8211; Confer\u00eancia Nossa Senhora das Vit\u00f3rias &#8211; e do Ter\u00e7o dos Homens.<\/p>\n<p style=\"text-align: justify\">O Ter\u00e7o da Esperan\u00e7a e da Solidariedade \u00e9 uma\u00a0iniciativa da CNBB que, frente \u00e0 pandemia do novo coronav\u00edrus e\u00a0<a href=\"https:\/\/www.vaticannews.va\/pt\/papa\/news\/2020-03\/papa-convida-todos-cristaos-rezar-juntos-pai-nosso-quarta-feira.html\" target=\"_blank\" rel=\"noopener\">em comunh\u00e3o com o Papa Francisco no compromisso de intensificar as ora\u00e7\u00f5es neste per\u00edodo<\/a>, une todo o Brasil em um momento comum de ora\u00e7\u00e3o.\u00a0Para compartilhar os momentos de ora\u00e7\u00e3o nas redes sociais use a hashtag adotada pelo Papa Francisco: #rezemosjuntos<\/p>\n<p><strong>Acompanhe:<\/strong><\/p>\n<p><a href=\"http:\/\/www.facebook.com\/cnbbnacional\" target=\"_blank\" rel=\"noopener\">www.facebook.com\/cnbbnacional<\/a><\/p>\n<p><a href=\"http:\/\/www.youtube.com\/cnbbnacional\" data-rel=\"lightbox-video-0\" target=\"_blank\" rel=\"noopener\">www.youtube.com\/cnbbnacional<\/a><\/p>\n<p style=\"text-align: justify\">\n","protected":false},"excerpt":{"rendered":"<p>O momento de ora\u00e7\u00e3o, \u00e0s 15h30, vai ser transmitido direto da arquidiocese de Campo Grande (MS)<\/p>\n","protected":false},"author":83,"featured_media":235223,"comment_status":"closed","ping_status":"open","sticky":false,"template":"","format":"standard","meta":{"site-sidebar-layout":"default","site-content-layout":"default","ast-global-header-display":"","ast-banner-title-visibility":"","ast-main-header-display":"","ast-hfb-above-header-display":"","ast-hfb-below-header-display":"","ast-hfb-mobile-header-display":"","site-post-title":"","ast-breadcrumbs-content":"","ast-featured-img":"","footer-sml-layout":"","theme-transparent-header-meta":"","adv-header-id-meta":"","stick-header-meta":"","header-above-stick-meta":"","header-main-stick-meta":"","header-below-stick-meta":""},"categories":[841],"tags":[1853],"acf":[],"_links":{"self":[{"href":"https:\/\/www.cnbb.org.br\/cnbb-app\/wp\/v2\/posts\/240657"}],"collection":[{"href":"https:\/\/www.cnbb.org.br\/cnbb-app\/wp\/v2\/posts"}],"about":[{"href":"https:\/\/www.cnbb.org.br\/cnbb-app\/wp\/v2\/types\/post"}],"author":[{"embeddable":true,"href":"https:\/\/www.cnbb.org.br\/cnbb-app\/wp\/v2\/users\/83"}],"replies":[{"embeddable":true,"href":"https:\/\/www.cnbb.org.br\/cnbb-app\/wp\/v2\/comments?post=240657"}],"version-history":[{"count":0,"href":"https:\/\/www.cnbb.org.br\/cnbb-app\/wp\/v2\/posts\/240657\/revisions"}],"wp:featuredmedia":[{"embeddable":true,"href":"https:\/\/www.cnbb.org.br\/cnbb-app\/wp\/v2\/media\/235223"}],"wp:attachment":[{"href":"https:\/\/www.cnbb.org.br\/cnbb-app\/wp\/v2\/media?parent=240657"}],"wp:term":[{"taxonomy":"category","embeddable":true,"href":"https:\/\/www.cnbb.org.br\/cnbb-app\/wp\/v2\/categories?post=240657"},{"taxonomy":"post_tag","embeddable":true,"href":"https:\/\/www.cnbb.org.br\/cnbb-app\/wp\/v2\/tags?post=240657"}],"curies":[{"name":"wp","href":"https:\/\/api.w.org\/{rel}","templated":true}]}}