{"id":24067,"date":"2013-12-18T00:00:00","date_gmt":"2013-12-18T02:00:00","guid":{"rendered":"https:\/\/www.cnbb.org.br\/semana-do-jovem-lider-sera-realizada-em-manaus\/"},"modified":"2013-12-18T00:00:00","modified_gmt":"2013-12-18T02:00:00","slug":"semana-do-jovem-lider-sera-realizada-em-manaus","status":"publish","type":"post","link":"https:\/\/www.cnbb.org.br\/semana-do-jovem-lider-sera-realizada-em-manaus\/","title":{"rendered":"Semana do Jovem L\u00edder ser\u00e1 realizada em Manaus"},"content":{"rendered":"<p style=\"text-align: justify\">A arquidiocese de Manaus (AM) promover\u00e1 a IV Semana do Jovem L\u00edder, no per\u00edodo de 06 a 10 de janeiro de 2014, na Faculdade Metropolitana de Manaus &#8211; Fametro. O evento destina-se a lideran\u00e7as da Pastoral da Juventude.<\/p>\n<p><!--more--><\/p>\n<p style=\"text-align: justify\">O objetivo \u00e9 apresentar o processo de educa\u00e7\u00e3o na f\u00e9, estimular a forma\u00e7\u00e3o continuada e despertar lideran\u00e7as, visando formar e capacitar &#8220;Jovens l\u00edderes no Seguimento de Jesus Cristo&#8221;.<\/p>\n<p style=\"text-align: justify\">Na \u00faltima noite do encontro, os jovens poder\u00e3o, ainda, participar de uma Noite Cultural com uma grande celebra\u00e7\u00e3o de encerramento.<\/p>\n<p style=\"text-align: justify\">Os interessados devem se inscrever at\u00e9 o dia 22 de dezembro. Informa\u00e7\u00f5es: \u00a0pastoraljuventude@arquidiocesedemanaus.org.br ou pelo telefone (92) 3212-9038.<\/p>\n<p style=\"text-align: justify\">\n","protected":false},"excerpt":{"rendered":"<p>A arquidiocese de Manaus (AM) promover\u00e1 a IV Semana do Jovem L\u00edder, no per\u00edodo de 06 a 10 de janeiro de 2014, na Faculdade Metropolitana de Manaus &#8211; Fametro. O evento destina-se a lideran\u00e7as da Pastoral da Juventude.<\/p>\n","protected":false},"author":83,"featured_media":24068,"comment_status":"open","ping_status":"open","sticky":false,"template":"","format":"standard","meta":{"site-sidebar-layout":"default","site-content-layout":"default","ast-global-header-display":"","ast-banner-title-visibility":"","ast-main-header-display":"","ast-hfb-above-header-display":"","ast-hfb-below-header-display":"","ast-hfb-mobile-header-display":"","site-post-title":"","ast-breadcrumbs-content":"","ast-featured-img":"","footer-sml-layout":"","theme-transparent-header-meta":"","adv-header-id-meta":"","stick-header-meta":"","header-above-stick-meta":"","header-main-stick-meta":"","header-below-stick-meta":""},"categories":[836,769],"tags":[],"acf":[],"_links":{"self":[{"href":"https:\/\/www.cnbb.org.br\/cnbb-app\/wp\/v2\/posts\/24067"}],"collection":[{"href":"https:\/\/www.cnbb.org.br\/cnbb-app\/wp\/v2\/posts"}],"about":[{"href":"https:\/\/www.cnbb.org.br\/cnbb-app\/wp\/v2\/types\/post"}],"author":[{"embeddable":true,"href":"https:\/\/www.cnbb.org.br\/cnbb-app\/wp\/v2\/users\/83"}],"replies":[{"embeddable":true,"href":"https:\/\/www.cnbb.org.br\/cnbb-app\/wp\/v2\/comments?post=24067"}],"version-history":[{"count":0,"href":"https:\/\/www.cnbb.org.br\/cnbb-app\/wp\/v2\/posts\/24067\/revisions"}],"wp:featuredmedia":[{"embeddable":true,"href":"https:\/\/www.cnbb.org.br\/cnbb-app\/wp\/v2\/media\/24068"}],"wp:attachment":[{"href":"https:\/\/www.cnbb.org.br\/cnbb-app\/wp\/v2\/media?parent=24067"}],"wp:term":[{"taxonomy":"category","embeddable":true,"href":"https:\/\/www.cnbb.org.br\/cnbb-app\/wp\/v2\/categories?post=24067"},{"taxonomy":"post_tag","embeddable":true,"href":"https:\/\/www.cnbb.org.br\/cnbb-app\/wp\/v2\/tags?post=24067"}],"curies":[{"name":"wp","href":"https:\/\/api.w.org\/{rel}","templated":true}]}}