{"id":240699,"date":"2020-06-16T14:29:34","date_gmt":"2020-06-16T17:29:34","guid":{"rendered":"https:\/\/www.cnbb.org.br\/?p=240699"},"modified":"2020-09-08T13:52:44","modified_gmt":"2020-09-08T16:52:44","slug":"o-coracao-do-ressuscitado","status":"publish","type":"post","link":"https:\/\/www.cnbb.org.br\/o-coracao-do-ressuscitado\/","title":{"rendered":"O Cora\u00e7\u00e3o do Ressuscitado"},"content":{"rendered":"<p style=\"text-align: right\"><strong>Dom Manoel Ferreira dos Santos<\/strong><br \/>\n<strong>Bispo de Registro<\/strong><\/p>\n<p>&nbsp;<\/p>\n<p style=\"text-align: justify\">Queridos irm\u00e3o e irm\u00e3s,<\/p>\n<p style=\"text-align: justify\">Celebramos, nesta semana, a Solenidade do Sagrado Cora\u00e7\u00e3o: amado seja por toda parte o Sacrat\u00edssimo Cora\u00e7\u00e3o de Jesus, eternamente!<\/p>\n<p style=\"text-align: justify\">Quero partilhar com voc\u00eas, uma reflex\u00e3o que fiz com a Comunidade dos Mission\u00e1rios do Sagrado Cora\u00e7\u00e3o de El Salvador, na Am\u00e9rica Central, cujo tema \u00e9 o Cora\u00e7\u00e3o do Ressuscitado.<\/p>\n<p style=\"text-align: justify\">Para falarmos do Cora\u00e7\u00e3o do Ressuscitado, precisamos lembrar que este Cora\u00e7\u00e3o \u00e9 o mesmo do Crucificado, pois o Ressuscitado \u00e9 o mesmo Crucificado. \u00c9 o Cora\u00e7\u00e3o que veio at\u00e9 n\u00f3s, para nos salvar, e que foi sempre doa\u00e7\u00e3o, abertura e compaix\u00e3o com os que sofrem. Veio para salvar, resgatar e amar e humanizar a humanidade.<\/p>\n<p style=\"text-align: justify\">Um cora\u00e7\u00e3o que se doou tanto, que no final da sua vida, como nos ensina o evangelho de Jo\u00e3o, foi transpassado por um lan\u00e7a e de seu lado aberto, saiu sangue e \u00e1gua (cf. Jo 19,34). Isto \u00e9, saiu tudo, tudo foi jorrado e doado a n\u00f3s, para nossa salva\u00e7\u00e3o.<\/p>\n<p style=\"text-align: justify\">Tamb\u00e9m, pelas frestas de seu Cora\u00e7\u00e3o aberto pela lan\u00e7a, podemos ver o Cora\u00e7\u00e3o de Deus. Conhecemos Deus e seu amor, sua miseric\u00f3rdia, seu perd\u00e3o, atrav\u00e9s do Cora\u00e7\u00e3o de Jesus.<\/p>\n<p style=\"text-align: justify\">O Cora\u00e7\u00e3o do Ressuscitado \u00e9 o cora\u00e7\u00e3o aberto que se deixa tocar: \u201cTom\u00e9, p\u00f5e o seu dedo no meu lado e n\u00e3o seja incr\u00e9dulo, mas fiel\u201d (Cf. Jo 20,27).<\/p>\n<p style=\"text-align: justify\">O cora\u00e7\u00e3o do Ressuscitado deseja a paz: todas as vezes que Jesus Ressuscitado aparece a comunidade apost\u00f3lica ele sempre diz:\u00a0 \u201cA paz esteja convosco!\u201d (Cf. Jo 20,19).<\/p>\n<p style=\"text-align: justify\">O Cora\u00e7\u00e3o do Ressuscitado \u00e9 o cora\u00e7\u00e3o que entra em nossa hist\u00f3ria, participa de nossa caminhada, nos d\u00e1 \u00e2nimo para recome\u00e7ar e \u00e9 capaz de ficar conosco e sentar-se \u00e0 mesa para partilhar a vida e o alimento como o Cristo fez com os disc\u00edpulos no caminho de Ema\u00fas (Cf. Lc 24,13-35).<\/p>\n<p style=\"text-align: justify\">O Cora\u00e7\u00e3o do Ressuscitado \u00e9 capaz de nos esperar depois de um dia ou uma noite de trabalho, e preparar uma refei\u00e7\u00e3o, como Cristo fez ao lado do lago de Genesar\u00e9, ao esperar a pesca de Pedro e Jo\u00e3o preparando uma refei\u00e7\u00e3o, depois de uma noite perdida de trabalho (Cf. Jo 21,9).<\/p>\n<p style=\"text-align: justify\">O Cora\u00e7\u00e3o do Ressuscitado confia em n\u00f3s, apesar de nossa fraqueza e limites e nos d\u00e1 uma miss\u00e3o como deu a Pedro dizendo \u201cApascenta as minhas ovelhas\u201d. Enfim, o Cora\u00e7\u00e3o do Ressuscitado \u00e9 o cora\u00e7\u00e3o que pede apenas uma coisa. Sim\u00e3o Tu me Amas?\u00a0 E podemos responder ao Cora\u00e7\u00e3o do Ressuscitado, Senhor tu sabes tudo, tu sabes que eu te amo! E o Senhor confia e confirma: \u201capascenta as minhas ovelhas\u201d (Cf. Jo 21,15-19).<\/p>\n<p style=\"text-align: justify\">Quem ama o Cora\u00e7\u00e3o de Jesus Ressuscitado \u00e9 capaz de se doar aos irm\u00e3os. Sobretudo, com amor e confian\u00e7a, neste tempo de Pandemia e sofrimento de nosso povo.<\/p>\n<p style=\"text-align: justify\">Servi ao Senhor com alegria!<\/p>\n<p><strong>\u00a0<\/strong><\/p>\n<p>&nbsp;    \t<\/p>\n","protected":false},"excerpt":{"rendered":"<p>Dom Manoel Ferreira dos Santos Bispo de Registro &nbsp; Queridos irm\u00e3o e irm\u00e3s, Celebramos, nesta semana, a Solenidade do Sagrado Cora\u00e7\u00e3o: amado seja por toda parte o Sacrat\u00edssimo Cora\u00e7\u00e3o de Jesus, eternamente! Quero partilhar com voc\u00eas, uma reflex\u00e3o que fiz com a Comunidade dos Mission\u00e1rios do Sagrado Cora\u00e7\u00e3o de El Salvador, na Am\u00e9rica Central, cujo &hellip;<\/p>\n<p class=\"read-more\"> <a class=\"\" href=\"https:\/\/www.cnbb.org.br\/o-coracao-do-ressuscitado\/\"> <span class=\"screen-reader-text\">O Cora\u00e7\u00e3o do Ressuscitado<\/span> Leia mais &raquo;<\/a><\/p>\n","protected":false},"author":90,"featured_media":0,"comment_status":"closed","ping_status":"open","sticky":false,"template":"","format":"standard","meta":{"site-sidebar-layout":"default","site-content-layout":"default","ast-global-header-display":"","ast-banner-title-visibility":"","ast-main-header-display":"","ast-hfb-above-header-display":"","ast-hfb-below-header-display":"","ast-hfb-mobile-header-display":"","site-post-title":"","ast-breadcrumbs-content":"","ast-featured-img":"","footer-sml-layout":"","theme-transparent-header-meta":"","adv-header-id-meta":"","stick-header-meta":"","header-above-stick-meta":"","header-main-stick-meta":"","header-below-stick-meta":""},"categories":[758],"tags":[],"acf":[],"_links":{"self":[{"href":"https:\/\/www.cnbb.org.br\/cnbb-app\/wp\/v2\/posts\/240699"}],"collection":[{"href":"https:\/\/www.cnbb.org.br\/cnbb-app\/wp\/v2\/posts"}],"about":[{"href":"https:\/\/www.cnbb.org.br\/cnbb-app\/wp\/v2\/types\/post"}],"author":[{"embeddable":true,"href":"https:\/\/www.cnbb.org.br\/cnbb-app\/wp\/v2\/users\/90"}],"replies":[{"embeddable":true,"href":"https:\/\/www.cnbb.org.br\/cnbb-app\/wp\/v2\/comments?post=240699"}],"version-history":[{"count":0,"href":"https:\/\/www.cnbb.org.br\/cnbb-app\/wp\/v2\/posts\/240699\/revisions"}],"wp:attachment":[{"href":"https:\/\/www.cnbb.org.br\/cnbb-app\/wp\/v2\/media?parent=240699"}],"wp:term":[{"taxonomy":"category","embeddable":true,"href":"https:\/\/www.cnbb.org.br\/cnbb-app\/wp\/v2\/categories?post=240699"},{"taxonomy":"post_tag","embeddable":true,"href":"https:\/\/www.cnbb.org.br\/cnbb-app\/wp\/v2\/tags?post=240699"}],"curies":[{"name":"wp","href":"https:\/\/api.w.org\/{rel}","templated":true}]}}