{"id":24075,"date":"2014-12-10T00:00:00","date_gmt":"2014-12-10T02:00:00","guid":{"rendered":"https:\/\/www.cnbb.org.br\/encontro-igrejas-e-mineracao-divulga-declaracao\/"},"modified":"2014-12-10T00:00:00","modified_gmt":"2014-12-10T02:00:00","slug":"encontro-igrejas-e-mineracao-divulga-declaracao","status":"publish","type":"post","link":"https:\/\/www.cnbb.org.br\/encontro-igrejas-e-mineracao-divulga-declaracao\/","title":{"rendered":"Participantes do Encontro Igrejas e Minera\u00e7\u00e3o divulgam declara\u00e7\u00e3o"},"content":{"rendered":"<p style=\"text-align: justify\"><span style=\"line-height: 1.3em\">Foi divulgada nesta quarta-feira, 10, a declara\u00e7\u00e3o final do 2\u00ba Encontro Latino-americano \u201cIgrejas e minera\u00e7\u00e3o: uma op\u00e7\u00e3o em defesa de comunidades e territ\u00f3rios\u201d, ocorrido entre os dias 2 e 5 de dezembro, em Bras\u00edlia (DF). O texto foi preparado pelos religiosos, religiosas, leigos e leigas de 13 pa\u00edses da Am\u00e9rica Latina presentes no evento. A primeira edi\u00e7\u00e3o da reuni\u00e3o aconteceu em 2013, em Lima, no Peru.<\/span><\/p>\n<p><!--more--><\/p>\n<p style=\"text-align: justify\"><span style=\"line-height: 1.3em\">Segundo o texto, os encontros promovidos em Lima e em Bras\u00edlia s\u00e3o momentos de reflex\u00e3o, partilha, celebra\u00e7\u00e3o e de gera\u00e7\u00e3o de caminhos para um acompanhamento dos impactos da atividade mineradora de forma fiel ao Evangelho e articulada com \u201cos povos de nossa Am\u00e9rica Latina que se sentem amea\u00e7ados e condenados \u00e0 destrui\u00e7\u00e3o de seus meios de vida e \u00e0 nega\u00e7\u00e3o de um futuro poss\u00edvel, em aberta contradi\u00e7\u00e3o e tens\u00e3o deste projeto de vida proclamado pela vis\u00e3o crist\u00e3 deste mundo\u201d.<\/span><\/p>\n<p style=\"text-align: justify\">Os participantes reafirmaram seu posicionamento contr\u00e1rio ao modelo extrativista promovido pelas grandes corpora\u00e7\u00f5es. \u201cAs economias globais com complac\u00eancia de quem governa nossos estados nacionais, longe de contribuir ao bem estar de todos e todas, incrementa as desigualdades, as viola\u00e7\u00f5es aos Direitos Humanos individuais e coletivos, a divis\u00e3o da fam\u00edlia latino-americana e de nossas comunidades, a destrui\u00e7\u00e3o de zonas privilegiadas por sua riqueza de bens naturais e a diversidade biol\u00f3gica de nosso continente\u201d, dizem na mensagem.<\/p>\n<p style=\"text-align: justify\">Ainda s\u00e3o elencadas as viola\u00e7\u00f5es aos direitos fundamentais, o crescimento da crise ecol\u00f3gica e a mercantiliza\u00e7\u00e3o dos territ\u00f3rios e outros bens naturais. \u201cTudo isto, nosso Deus Criador nos entregou para o sustento da vida, assim como para o seu desfrute e bem estar coletivo, e n\u00e3o para o enriquecimento desmedido que desconhece os direitos coletivos que compartilhamos entre todos os seres humanos que habitam este planeta\u201d, salientam.<\/p>\n<p style=\"text-align: justify\">No texto ainda h\u00e1 a reafirma\u00e7\u00e3o de compromissos com as comunidades em trocas de conhecimento e aprendizagem, estrat\u00e9gias de prote\u00e7\u00e3o, defesa e de solidariedade, apoio \u00e0 produ\u00e7\u00e3o e apresenta\u00e7\u00e3o de a\u00e7\u00f5es de comunica\u00e7\u00e3o local, nacional e internacional, entre outros.<\/p>\n<p style=\"text-align: justify\">Confira abaixo a declara\u00e7\u00e3o:<\/p>\n<p style=\"text-align: center\" align=\"center\"><strong>Declara\u00e7\u00e3o Final do 2\u00b0 Encontro Latino-americano sobre Igrejas e Minera\u00e7\u00e3o<\/strong><\/p>\n<p style=\"text-align: center\" align=\"center\"><strong>\u00a0<\/strong><\/p>\n<p style=\"text-align: justify\">Com gozo e esperan\u00e7a, homens e mulheres de f\u00e9, provenientes de diversas congrega\u00e7\u00f5es e confiss\u00f5es religiosas de 13 pa\u00edses da Am\u00e9rica Latina inspirados na Dimens\u00e3o Social e Prof\u00e9tica do Evangelho, acolhidos pela Confer\u00eancia Nacional dos Bispos do Brasil (CNBB), compartimos as reflex\u00f5es, valores e compromissos que temos assumido ao longo do 2\u00b0 Encontro Latino-americano sobre Igrejas e Minera\u00e7\u00e3o, celebrado em Bras\u00edlia de 2 a 5 de dezembro de 2014.<\/p>\n<p style=\"text-align: justify\">Recorrendo as preocupa\u00e7\u00f5es e iniciativas de diversas comunidades e Igrejas locais ao longo do continente, sobre as agress\u00f5es a vida dos Bens Comuns derivada do modelo extrativista, e em continuidade com o 1\u00b0 Encontro sobre Igrejas e Minera\u00e7\u00e3o realizado em 2013, na cidade de Lima, Peru, temos nos reunido para refletir, compartilhar, celebrar e gerar caminhos que nos permitam, em fidelidade ao evangelho de Jesus Cristo, acompanhar de maneira articulada os povos de nossa Am\u00e9rica Latina que se sentem amea\u00e7ados e condenados a destrui\u00e7\u00e3o de seus meios de vida e a nega\u00e7\u00e3o de um futuro poss\u00edvel, em aberta contradi\u00e7\u00e3o e tens\u00e3o deste projeto de vida proclamado pela vis\u00e3o crist\u00e3 deste mundo.<\/p>\n<p style=\"text-align: justify\">Durante estes dias, temos reafirmado imposi\u00e7\u00e3o ao modelo extrativista, promovido pelas grandes corpora\u00e7\u00f5es. As economias globais com complac\u00eancia de quem governa nossos estados nacionais, longe de contribuir ao bem estar de todos e todas, incrementa as desigualdades, as viola\u00e7\u00f5es aos Direitos Humanos individuais e coletivos, a divis\u00e3o da fam\u00edlia latino-americana e de nossas comunidades, a destrui\u00e7\u00e3o de zonas privilegiadas por sua riqueza de bens naturais e a diversidade biol\u00f3gica de nosso continente.<\/p>\n<p style=\"text-align: justify\">Com tristeza reconhecemos que junto as graves viola\u00e7\u00f5es aos direitos fundamentais de nossa Am\u00e9rica se tem acentuado a crise ecol\u00f3gica causada por um modo de vida consumista e mercantilista de bens e um modelo extrativista que n\u00e3o reconhece nem respeita os limites de nosso planeta onde se acelera a sua degrada\u00e7\u00e3o e vulnerabilidade e converte em mercadorias, os territ\u00f3rios de nossos povos origin\u00e1rios, os minerais, a biodiversidade, os combust\u00edveis f\u00f3sseis e o g\u00e1s natural, a energia do evento, a \u00e1gua do sol e os demais bens naturais.<\/p>\n<p style=\"text-align: justify\">Tudo isto, nosso Deus Criador nos entregou para o sustento da vida, assim como para o seu desfrute e bem estar coletivo, e n\u00e3o para o enriquecimento desmedido que desconhece os direitos coletivos que compartilhamos entre todos os seres humanos que habitam este planeta. Neste momento hist\u00f3rico temos como a responsabilidade solid\u00e1ria de entregar a nossas futuras gera\u00e7\u00f5es um mundo melhor, como o recebemos.<\/p>\n<p style=\"text-align: justify\">A valiosa diversidade cultural dos povos da Am\u00e9rica, com cosmovis\u00f5es respeitosas e harm\u00f4nicas da M\u00e3e Natureza, se encontra gravemente amea\u00e7ada pela imposi\u00e7\u00e3o deste modelo que monopoliza os territ\u00f3rios a qualquer custo e se converte em um processo ativo de presa, que atropela quem resiste a ele, com mecanismos que v\u00e3o desde amea\u00e7as, a persegui\u00e7\u00e3o, coopta\u00e7\u00e3o, criminaliza\u00e7\u00e3o, judicializa\u00e7\u00e3o e at\u00e9 assassinatos de l\u00edderes comunit\u00e1rios, defensores e pastores que acompanham estas lutas.<\/p>\n<p style=\"text-align: justify\">Os meios de comunica\u00e7\u00e3o comerciais contribuem para a promo\u00e7\u00e3o da falsidade deste modelo, seduzindo a popula\u00e7\u00e3o com promessas que n\u00e3o cumpridas, j\u00e1 que, como express\u00e3o extrema deste modelo neoliberal, seu objetivo \u00e9 a acumula\u00e7\u00e3o de capitais e n\u00e3o a distribui\u00e7\u00e3o equitativa de bens.<\/p>\n<p style=\"text-align: justify\">Compartimos alegria com diversos setores e l\u00edderes das Igrejas Crist\u00e3s e temos assumido a miss\u00e3o prof\u00e9tica de acompanhar as comunidades e pessoas que defendem a Cria\u00e7\u00e3o, a Vida e o Direito frente ao modelo extrativista, como uma forma concreta de fidelidade a nossa miss\u00e3o eclesial nestes momentos da hist\u00f3ria. Confiamos e esperamos que cada vez mais nossas igrejas, desde as bases, at\u00e9 as hierarquias, assumam posi\u00e7\u00f5es consequentes frente a problem\u00e1tica gerada por este modelo extrativista e depredador de recursos, tal como se reconhece no documento de Aparecida \u201c\u2026h\u00e1 uma explora\u00e7\u00e3o irracional que vai deixando um rastro de dilapida\u00e7\u00e3o, e at\u00e9 mesmo a morte, por toda a nossa regi\u00e3o&#8221;<em>(DA\u00a0 43).<\/em><\/p>\n<p style=\"text-align: justify\">Diante dessa realidade, n\u00f3s definimos como uma articula\u00e7\u00e3o de indiv\u00edduos e organiza\u00e7\u00f5es religiosas, com esp\u00edrito ecum\u00eanico e inter-religioso, fi\u00e9is \u00e0 nossa op\u00e7\u00e3o preferencial pelos empobrecidos e empobrecidas, lutando pela vida real e da Cria\u00e7\u00e3o.<\/p>\n<p style=\"text-align: justify\">Em conex\u00e3o com as comunidades, reafirmamos nosso compromisso de trabalhar com as bases, expressos em trocas de conhecimento e aprendizagem, estrat\u00e9gias de prote\u00e7\u00e3o, defesa e de solidariedade, apoio \u00e0 produ\u00e7\u00e3o e apresenta\u00e7\u00e3o de a\u00e7\u00f5es de comunica\u00e7\u00e3o local, nacional e internacional, entre outros.<\/p>\n<p style=\"text-align: justify\">Queremos aprofundar uma m\u00edstica que incentive nossas a\u00e7\u00f5es, vamos construir propostas de a\u00e7\u00e3o para nos ajudar a avan\u00e7ar nas nossas reflex\u00f5es teol\u00f3gicas e leituras.<\/p>\n<p style=\"text-align: justify\">N\u00f3s nos comprometemos a continuar a promover a articula\u00e7\u00e3o internacional para o di\u00e1logo, defesa e informa\u00e7\u00e3o, em coordena\u00e7\u00e3o com outros atores religiosos, como Franciscans International, Vivat International, Mercy International, a Red Cidse, a Rede Eclesial Panamaz\u00f4nica, o Conselho Pontif\u00edcio de Justi\u00e7a e Paz, assim como outro atores sociais como o Observat\u00f3rio de Conflitos de Minera\u00e7\u00e3o da Am\u00e9rica Latina e diversas express\u00f5es sociais com que compartimos prop\u00f3sitos e vis\u00f5es ao longo do continente.<\/p>\n<p style=\"text-align: justify\">Que a m\u00edstica e o esp\u00edrito de fraternidade que tem caracterizado este encontro, nos anime a assumir com maiores energias a miss\u00e3o prof\u00e9tica e a responsabilidade coletiva no cuidado da vida e bens comuns.<\/p>\n<p style=\"text-align: justify\">Bras\u00edlia, 5 de dezembro de 2014.<\/p>\n<p style=\"text-align: justify\">Para nos contactar e conhecer nossas propostas concretas: <a href=\"mailto:iglesiaymineria@gmail.com\">iglesiaymineria@gmail.com<\/a><\/p>\n<p style=\"text-align: justify\">A\u00e7\u00e3o Franciscana de Ecologia e Solidariedade &#8211; AFES &#8211;<\/p>\n<p style=\"text-align: justify\">Agenda Latinoamericana Mundial<\/p>\n<p style=\"text-align: justify\">Amerindia Colombia y Continental<\/p>\n<p style=\"text-align: justify\">Associa\u00e7\u00e3o Ecum\u00eanica de Te\u00f3logos\/as do Terceiro Mundo \u2013 ASETT &#8211;<\/p>\n<p style=\"text-align: justify\">Associa\u00e7\u00e3o Madre Cabrini, Irm\u00e3s Mission\u00e1rias do Sagrado Cora\u00e7\u00e3o de Jesus &#8211; Brasil<\/p>\n<p style=\"text-align: justify\">Caritas de El Salvador, El Salvador<\/p>\n<p style=\"text-align: justify\">Caritas, Ja\u00e9n, Per\u00fa<\/p>\n<p style=\"text-align: justify\">Centro de Ecolog\u00eda y Pueblos Andinos -CEPA-\u00a0 Oruro Bolivia<\/p>\n<p style=\"text-align: justify\">Centro de Justicia y Equidad -CEJUE- Puno, Per\u00fa<\/p>\n<p style=\"text-align: justify\">Centro Franciscano de Defesa dos Direitos, Brasil<\/p>\n<p style=\"text-align: justify\">Claretianos San Jos\u00e9 del Sur, Uruguay, Paraguay y Chile<\/p>\n<p style=\"text-align: justify\">Consejo Latinoamericano de Iglesias &#8211; CLAI-<\/p>\n<p style=\"text-align: justify\">Consejo Mundial de Iglesias, Justicia Clim\u00e1tica -CMI-<\/p>\n<p style=\"text-align: justify\">Conselho Indigenista Mission\u00e1rio -Brasil-<\/p>\n<p style=\"text-align: justify\">Coordinaci\u00f3n Continental de Comunidades Eclesiales de Base<\/p>\n<p style=\"text-align: justify\">CPT Diocese de \u00d3bidos, Par\u00e1, Brasil.<\/p>\n<p style=\"text-align: justify\">Coalici\u00f3n Ecum\u00e9nica por el Cuidado de la Creaci\u00f3n, Chile.<\/p>\n<p style=\"text-align: justify\">Comit\u00ea em Defesa dos Territ\u00f3rios frente \u00e0 Minera\u00e7\u00e3o, Brasil.<\/p>\n<p style=\"text-align: justify\">Comunidades Construyendo Paz en los Territorios &#8211; Fe y Pol\u00edtica -Conpaz- Colombia.<\/p>\n<p style=\"text-align: justify\">Conferencia Nacional dos Bispos do Brasil -CNBB-<\/p>\n<p style=\"text-align: justify\">Comiss\u00e3o Verbita, JUPIC- Amazon\u00eda.<\/p>\n<p style=\"text-align: justify\">Comiss\u00e3o Pastoral da Terra -CPT- Brasil.<\/p>\n<p style=\"text-align: justify\">Comunidades Eclesiales de Base, Colectivo Sumaj Kausay, Cajamarca, Argentina.<\/p>\n<p style=\"text-align: justify\">Coordinaci\u00f3n Continental de Comunidades Eclesiales de Base.<\/p>\n<p style=\"text-align: justify\">Coordinadora Nacional de Derechos Humanos, Per\u00fa.<\/p>\n<p style=\"text-align: justify\">Derechos Humanos Sin Fronteras, Per\u00fa.<\/p>\n<p style=\"text-align: justify\">Derechos Humanos y Medio Ambiente de Puno -DEHUMA-, Per\u00fa<\/p>\n<p style=\"text-align: justify\">Di\u00e1logo Intereclesial por la Paz en Colombia, DIPAZ, Colombia.<\/p>\n<p style=\"text-align: justify\">Diocese de Itabira- Fabriciano Minas Gerais, Brasil<\/p>\n<p style=\"text-align: justify\">Direcci\u00f3n Diocesana C\u00e1ritas\u00a0 de Choluteca, Honduras<\/p>\n<p style=\"text-align: justify\">Servicio Internacional Cristiano de Solidaridad Oscar Arnulfo Romero- Sicsal-.<\/p>\n<p style=\"text-align: justify\">Comisi\u00f3n Intereclesial Justicia y Paz -Colombia-<\/p>\n<p style=\"text-align: justify\">Comunidades de Vida Cristiana -CVX-<\/p>\n<p style=\"text-align: justify\">Departamento de Justicia y Solidaridad de la Conferencia Episcopal Latinoamericana &#8211; DEJUSOL, CELAM.<\/p>\n<p style=\"text-align: justify\">Equipo Investigaci\u00f3n Ecoteolog\u00eda, Universidad Javeriana, Bogot\u00e1.<\/p>\n<p style=\"text-align: justify\">Equipo Nacional de Pastoral Aborigen, ENDEPA, Argentina.<\/p>\n<p style=\"text-align: justify\">Equipe de Articula\u00e7\u00e3o e Assessoria as Comunidades Negras do Vale do Ribeira, EAACONE, Brasil.<\/p>\n<p style=\"text-align: justify\">Franciscans International.<\/p>\n<p style=\"text-align: justify\">Hermanas de la Misericordia de las Am\u00e9ricas, Argentina.<\/p>\n<p style=\"text-align: justify\">Iglesia Evang\u00e9lica Presbiteriana de Chig\u00fcinto, Chile.<\/p>\n<p style=\"text-align: justify\">Instituto Brasileiro de An\u00e1lises Sociais e econ\u00f4micas \u2013IBASE-<\/p>\n<p style=\"text-align: justify\">Irm\u00e3os da Miseric\u00f3rdia das Am\u00e9ricas Juventude Franciscana do Brasil \u2013 JUFRA-<\/p>\n<p style=\"text-align: justify\">JUPIC SVD &#8211; Prov\u00edncia BRN<\/p>\n<p style=\"text-align: justify\">Mercy International<\/p>\n<p style=\"text-align: justify\">Misioneros Claretianos\u00a0 Centro Am\u00e9rica y San Jos\u00e9 del Sur, Argentina<\/p>\n<p style=\"text-align: justify\">Misioneros Combonianos, Brasil e Ecuador<\/p>\n<p style=\"text-align: justify\">Movimento dos Atingidos por Barragens no Vale do Ribeira -MOAB- Brasil.<\/p>\n<p style=\"text-align: justify\">Observatorio de Conflictos Mineros de Am\u00e9rica Latina -OCMAL-<\/p>\n<p style=\"text-align: justify\">Oficina de JPIC Sociedad Misionera San Columbano, Chile<\/p>\n<p style=\"text-align: justify\">Orden Franciscana Seglar, Uruguay<\/p>\n<p style=\"text-align: justify\">Organizaci\u00f3n de Familias de Pasta de Conchos,\u00a0 M\u00e9xico<\/p>\n<p style=\"text-align: justify\">Pastoral de Cuidado de la Infancia, Bolivia<\/p>\n<p style=\"text-align: justify\">Pastoral Ind\u00edgena, Ecuador<\/p>\n<p style=\"text-align: justify\">Pastoral Indigenista\u00a0 de Roraima -Brasil-<\/p>\n<p style=\"text-align: justify\">Pastoral Social Di\u00f3cesis de Duitama Sogamoso, Boyac\u00e1, Colombia<\/p>\n<p style=\"text-align: justify\">Pastoral Social C\u00e1ritas Oruro, Bolivia<\/p>\n<p style=\"text-align: justify\">Pastoral Social. Diocesis de Pasto. Nari\u00f1o. Colombia.<\/p>\n<p style=\"text-align: justify\">Red de Educaci\u00f3n Popular de Am\u00e9rica Latina y el Caribe de las Religiosas del Sagrado Coraz\u00f3n<\/p>\n<p style=\"text-align: justify\">Radio el Progreso Yoro-ERIC-\u00a0 Honduras<\/p>\n<p style=\"text-align: justify\">Red Muqui, Per\u00fa<\/p>\n<p style=\"text-align: justify\">Red Regional\u00a0 Agua Desarrollo y Democracia, Piura, Per\u00fa<\/p>\n<p style=\"text-align: justify\">Rede de Solidariedade Mission\u00e1rias Servas do Esp\u00edrito Santo, Brasil<\/p>\n<p style=\"text-align: justify\">Secretariado Diocesano de Pastoral Social, Garz\u00f3n Huila, Colombia.<\/p>\n<p style=\"text-align: justify\">Servicio Interfranciscano de Justicia, Paz y Ecolog\u00eda -SINFRAJUPE-, Brasil.<\/p>\n<p style=\"text-align: justify\">Servicio Internacional Cristiano de Solidaridad con Am\u00e9rica Latina, Oscar Romero, -SICSAL-<\/p>\n<p style=\"text-align: justify\">Servicios Koinonia<\/p>\n<p style=\"text-align: justify\">Vicar\u00eda de la Solidaridad, Oficina de Derechos Humanos, Ja\u00e9n, Per\u00fa.<\/p>\n<p style=\"text-align: justify\">Vicariato Apost\u00f3lico San Francisco Javier, Ja\u00e9n, Per\u00fa.<\/p>\n<p style=\"text-align: justify\">Vivat International.<\/p>\n<p style=\"text-align: justify\">\n","protected":false},"excerpt":{"rendered":"<p>Foi divulgada nesta quarta-feira, 10, a declara\u00e7\u00e3o final do 2\u00ba Encontro Latino-americano \u201cIgrejas e minera\u00e7\u00e3o: uma op\u00e7\u00e3o em defesa de comunidades e territ\u00f3rios\u201d, ocorrido entre os dias 2 e 5 de dezembro, em Bras\u00edlia (DF). O texto foi preparado pelos religiosos, religiosas, leigos e leigas de 13 pa\u00edses da Am\u00e9rica Latina presentes no evento. A &hellip;<\/p>\n<p class=\"read-more\"> <a class=\"\" href=\"https:\/\/www.cnbb.org.br\/encontro-igrejas-e-mineracao-divulga-declaracao\/\"> <span class=\"screen-reader-text\">Participantes do Encontro Igrejas e Minera\u00e7\u00e3o divulgam declara\u00e7\u00e3o<\/span> Leia mais &raquo;<\/a><\/p>\n","protected":false},"author":83,"featured_media":24076,"comment_status":"open","ping_status":"open","sticky":false,"template":"","format":"standard","meta":{"site-sidebar-layout":"default","site-content-layout":"default","ast-global-header-display":"","ast-banner-title-visibility":"","ast-main-header-display":"","ast-hfb-above-header-display":"","ast-hfb-below-header-display":"","ast-hfb-mobile-header-display":"","site-post-title":"","ast-breadcrumbs-content":"","ast-featured-img":"","footer-sml-layout":"","theme-transparent-header-meta":"","adv-header-id-meta":"","stick-header-meta":"","header-above-stick-meta":"","header-main-stick-meta":"","header-below-stick-meta":""},"categories":[836,769],"tags":[],"acf":[],"_links":{"self":[{"href":"https:\/\/www.cnbb.org.br\/cnbb-app\/wp\/v2\/posts\/24075"}],"collection":[{"href":"https:\/\/www.cnbb.org.br\/cnbb-app\/wp\/v2\/posts"}],"about":[{"href":"https:\/\/www.cnbb.org.br\/cnbb-app\/wp\/v2\/types\/post"}],"author":[{"embeddable":true,"href":"https:\/\/www.cnbb.org.br\/cnbb-app\/wp\/v2\/users\/83"}],"replies":[{"embeddable":true,"href":"https:\/\/www.cnbb.org.br\/cnbb-app\/wp\/v2\/comments?post=24075"}],"version-history":[{"count":0,"href":"https:\/\/www.cnbb.org.br\/cnbb-app\/wp\/v2\/posts\/24075\/revisions"}],"wp:featuredmedia":[{"embeddable":true,"href":"https:\/\/www.cnbb.org.br\/cnbb-app\/wp\/v2\/media\/24076"}],"wp:attachment":[{"href":"https:\/\/www.cnbb.org.br\/cnbb-app\/wp\/v2\/media?parent=24075"}],"wp:term":[{"taxonomy":"category","embeddable":true,"href":"https:\/\/www.cnbb.org.br\/cnbb-app\/wp\/v2\/categories?post=24075"},{"taxonomy":"post_tag","embeddable":true,"href":"https:\/\/www.cnbb.org.br\/cnbb-app\/wp\/v2\/tags?post=24075"}],"curies":[{"name":"wp","href":"https:\/\/api.w.org\/{rel}","templated":true}]}}