{"id":240800,"date":"2020-06-17T13:50:35","date_gmt":"2020-06-17T16:50:35","guid":{"rendered":"https:\/\/www.cnbb.org.br\/?p=240800"},"modified":"2020-06-17T13:50:35","modified_gmt":"2020-06-17T16:50:35","slug":"o-drama-dos-deslocados-internos-e-sua-invisibilidade-e-tema-de-live-da-semana-do-migrante","status":"publish","type":"post","link":"https:\/\/www.cnbb.org.br\/o-drama-dos-deslocados-internos-e-sua-invisibilidade-e-tema-de-live-da-semana-do-migrante\/","title":{"rendered":"O drama dos deslocados internos e sua invisibilidade \u00e9 tema de live da Semana do Migrante"},"content":{"rendered":"<p style=\"text-align: justify\">H\u00e1 mais de tr\u00eas d\u00e9cadas a Semana do Migrante mobiliza pessoas, grupos e comunidades para a\u00e7\u00f5es que promovam acolhida, integra\u00e7\u00e3o, defesa de direitos, al\u00e9m de partilha, no campo das experi\u00eancias sagradas e multiculturais de todos os povos.<\/p>\n<p style=\"text-align: justify\">Em sua 35\u00aa edi\u00e7\u00e3o, diante do cen\u00e1rio de crescentes fluxos migrat\u00f3rios, da crise sanit\u00e1ria e social que se intensificou para a popula\u00e7\u00e3o migrante no Brasil, com a pandemia de Covid-19, a iniciativa prop\u00f5e o tema Migra\u00e7\u00e3o e acolhida. O lema traz uma pergunta \u00e0s consci\u00eancias: Onde est\u00e1 teu irm\u00e3o, tua irm\u00e3?.<\/p>\n<p style=\"text-align: justify\"><strong>A\u00e7\u00e3o conjunta\u00a0<\/strong><\/p>\n<p style=\"text-align: justify\">Este ano a Semana do Migrante acontece a partir da integra\u00e7\u00e3o das diversas organiza\u00e7\u00f5es que atuam no cuidado humano, na aten\u00e7\u00e3o pastoral e na defesa de direitos da popula\u00e7\u00e3o migrante no Brasil. A programa\u00e7\u00e3o com celebra\u00e7\u00f5es e lives\u00a0 se estendem de 14 a 21 de junho. Hoje, dia 17 de junho, \u00e0s 18h, haver\u00e1 a live &#8220;For\u00e7ados, como Jesus Cristo, a fugir: o drama dos deslocados internos e sua invisibilidade&#8221;.<\/p>\n<p style=\"text-align: justify\">A modera\u00e7\u00e3o da live ficar\u00e1 a cargo do Jos\u00e9 Carlos Pereira (CEM) e contar\u00e1 com a participa\u00e7\u00e3o da Maria Aparecida de Morais (UFSCar) e Liliana Won Ancken dos Santos (CPT Rond\u00f4nia).<\/p>\n<p style=\"text-align: justify\">Participe!<\/p>\n<p style=\"text-align: justify\">Acesse:<br \/>\nFacebook: https:\/\/bit.ly\/2UWcRGW<br \/>\nYouTube: https:\/\/bit.ly\/2UTDU5B<\/p>\n","protected":false},"excerpt":{"rendered":"<p>A modera\u00e7\u00e3o ficar\u00e1 a cargo do Jos\u00e9 Carlos Pereira (CEM), com a participa\u00e7\u00e3o da Maria Aparecida de Morais (UFSCar) e Liliana Won Ancken dos Santos (CPT Rond\u00f4nia)<\/p>\n","protected":false},"author":83,"featured_media":240518,"comment_status":"closed","ping_status":"open","sticky":false,"template":"","format":"standard","meta":{"site-sidebar-layout":"default","site-content-layout":"default","ast-global-header-display":"","ast-banner-title-visibility":"","ast-main-header-display":"","ast-hfb-above-header-display":"","ast-hfb-below-header-display":"","ast-hfb-mobile-header-display":"","site-post-title":"","ast-breadcrumbs-content":"","ast-featured-img":"","footer-sml-layout":"","theme-transparent-header-meta":"","adv-header-id-meta":"","stick-header-meta":"","header-above-stick-meta":"","header-main-stick-meta":"","header-below-stick-meta":""},"categories":[816],"tags":[],"acf":[],"_links":{"self":[{"href":"https:\/\/www.cnbb.org.br\/cnbb-app\/wp\/v2\/posts\/240800"}],"collection":[{"href":"https:\/\/www.cnbb.org.br\/cnbb-app\/wp\/v2\/posts"}],"about":[{"href":"https:\/\/www.cnbb.org.br\/cnbb-app\/wp\/v2\/types\/post"}],"author":[{"embeddable":true,"href":"https:\/\/www.cnbb.org.br\/cnbb-app\/wp\/v2\/users\/83"}],"replies":[{"embeddable":true,"href":"https:\/\/www.cnbb.org.br\/cnbb-app\/wp\/v2\/comments?post=240800"}],"version-history":[{"count":0,"href":"https:\/\/www.cnbb.org.br\/cnbb-app\/wp\/v2\/posts\/240800\/revisions"}],"wp:featuredmedia":[{"embeddable":true,"href":"https:\/\/www.cnbb.org.br\/cnbb-app\/wp\/v2\/media\/240518"}],"wp:attachment":[{"href":"https:\/\/www.cnbb.org.br\/cnbb-app\/wp\/v2\/media?parent=240800"}],"wp:term":[{"taxonomy":"category","embeddable":true,"href":"https:\/\/www.cnbb.org.br\/cnbb-app\/wp\/v2\/categories?post=240800"},{"taxonomy":"post_tag","embeddable":true,"href":"https:\/\/www.cnbb.org.br\/cnbb-app\/wp\/v2\/tags?post=240800"}],"curies":[{"name":"wp","href":"https:\/\/api.w.org\/{rel}","templated":true}]}}