{"id":240805,"date":"2020-06-17T14:24:00","date_gmt":"2020-06-17T17:24:00","guid":{"rendered":"https:\/\/www.cnbb.org.br\/?p=240805"},"modified":"2020-06-17T14:24:00","modified_gmt":"2020-06-17T17:24:00","slug":"presidente-da-cnbb-se-solidariza-com-dom-marcony-apos-ameaca-de-grupo-extremista","status":"publish","type":"post","link":"https:\/\/www.cnbb.org.br\/presidente-da-cnbb-se-solidariza-com-dom-marcony-apos-ameaca-de-grupo-extremista\/","title":{"rendered":"Presidente da CNBB se solidariza com dom Marcony ap\u00f3s amea\u00e7a de grupo extremista"},"content":{"rendered":"<p style=\"text-align: justify\">O arcebispo de Belo Horizonte (MG) e presidente da Confer\u00eancia Nacional dos Bispos do Brasil (CNBB), dom Walmor Oliveira de Azevedo, manifestou-se sobre a lament\u00e1vel tentativa de ocupa\u00e7\u00e3o, por parte de remanescentes do grupo extremista Acampamento dos 300 do Brasil, do territ\u00f3rio da Catedral Metropolitana Nossa Senhora de Aparecida, mais conhecida como Catedral de Bras\u00edlia, no \u00faltimo dia 16 de junho, e sobre as amea\u00e7as que fizeram ao bispo auxiliar da arquidiocese, dom Marcony Vin\u00edcius Ferreira.<\/p>\n<p style=\"text-align: justify\">Conforme Nota de Esclarecimento emitida pelo setor de comunica\u00e7\u00e3o da Arquidiocese de Bras\u00edlia (veja abaixo), o religioso n\u00e3o permitiu o acampamento alegando o respeito \u00e0s exig\u00eancias legais, do Governo do Distrito Federal (GDF), de evitar aglomera\u00e7\u00f5es para conter a contamina\u00e7\u00e3o pelo novo Coronav\u00edrus, al\u00e9m de garantir a preserva\u00e7\u00e3o do pr\u00e9dio tombado e tamb\u00e9m para assegurar o respeito ao local de culto, previsto na Constitui\u00e7\u00e3o.<\/p>\n<p style=\"text-align: justify\">Para o presidente da CNBB, as igrejas s\u00e3o lugares especiais para o sil\u00eancio, a ora\u00e7\u00e3o e o servi\u00e7o aos mais pobres e n\u00e3o servem a prop\u00f3sitos pol\u00edtico-partid\u00e1rios. \u201cNosso incondicional apoio e solidariedade a dom Marcony Vin\u00edcius Ferreira, bispo auxiliar da Arquidiocese de Bras\u00edlia, que no exerc\u00edcio de seu minist\u00e9rio, na miss\u00e3o de zelar pelo bem de todos &#8211; a Catedral Nossa Senhora Aparecida &#8211; foi v\u00edtima de amea\u00e7as\u201d, escreveu dom Walmor.<\/p>\n<p style=\"text-align: justify\">Dom Walmor chama a aten\u00e7\u00e3o para a crescente viol\u00eancia que aponta para o avan\u00e7o de extremistas no Brasil. O presidente da CNBB cobra a\u00e7\u00e3o, com urg\u00eancia e veem\u00eancia, das autoridades para garantir a paz. \u201cEsses grupos n\u00e3o podem continuar a desfigurar a democracia brasileira, com ataques \u00e0s institui\u00e7\u00f5es, \u00e0 religi\u00e3o e a quem mais n\u00e3o compartilha com as suas vis\u00f5es de mundo. Conviver com as diferen\u00e7as \u00e9 condi\u00e7\u00e3o b\u00e1sica para a civilidade\u201d, disse.<\/p>\n<p style=\"text-align: justify\">A Confer\u00eancia Nacional dos Bispos do Brasil espera celeridade na apura\u00e7\u00e3o deste grave crime. A amea\u00e7a a dom Marcony Ferreira, para dom Walmor, \u00e9 uma agress\u00e3o que fere toda a Igreja Cat\u00f3lica no Brasil.<\/p>\n<p><strong>Entenda o caso<\/strong><\/p>\n<p style=\"text-align: justify\">Na manh\u00e3 do dia 16 de junho, remanescentes do Acampamento dos 300 do Brasil, um grupo extremista que estava acampado na Esplanada dos Minist\u00e9rios, amea\u00e7aram acampar na \u00e1rea da Catedral Metropolitana Nossa Senhora de Aparecida, mais conhecida como Catedral de Bras\u00edlia (DF). O grupo amea\u00e7ou o bispo auxiliar que encaminhou den\u00fancia ao governo do Distrito Federal.<\/p>\n<p style=\"text-align: justify\">Como medida de seguran\u00e7a, o GDF mandou fechar a Esplanada dos Minist\u00e9rios por dois dias, 16 e 17 de junho. A medida foi oficializada por meio de decreto, com base na investiga\u00e7\u00e3o da intelig\u00eancia do governo. O acampamento dos 300 do Brasil foi desmontado em opera\u00e7\u00e3o da Pol\u00edcia Militar do Distrito Federal (PMDF) e do DF Legal nesse s\u00e1bado (13\/06).<\/p>\n<p><strong>Nota da Arquidiocese de Bras\u00edlia<\/strong><\/p>\n<p><a href=\"https:\/\/www.cnbb.org.br\/wp-content\/uploads\/2020\/06\/NOTA-DE-ESCLARECIMENTO-16-06-2020_ArqBrasilia.jpg\" data-rel=\"lightbox-image-0\" data-rl_title=\"\" data-rl_caption=\"\" title=\"\"><img decoding=\"async\" loading=\"lazy\" class=\"alignnone size-full wp-image-240809\" src=\"https:\/\/www.cnbb.org.br\/wp-content\/uploads\/2020\/06\/NOTA-DE-ESCLARECIMENTO-16-06-2020_ArqBrasilia.jpg\" alt=\"\" width=\"632\" height=\"1024\" srcset=\"https:\/\/www.cnbb.org.br\/wp-content\/uploads\/2020\/06\/NOTA-DE-ESCLARECIMENTO-16-06-2020_ArqBrasilia.jpg 632w, https:\/\/www.cnbb.org.br\/wp-content\/uploads\/2020\/06\/NOTA-DE-ESCLARECIMENTO-16-06-2020_ArqBrasilia-185x300.jpg 185w, https:\/\/www.cnbb.org.br\/wp-content\/uploads\/2020\/06\/NOTA-DE-ESCLARECIMENTO-16-06-2020_ArqBrasilia-500x810.jpg 500w\" sizes=\"(max-width: 632px) 100vw, 632px\" \/><\/a>    \t<\/p>\n","protected":false},"excerpt":{"rendered":"<p>A amea\u00e7a, para dom Walmor, \u00e9 uma agress\u00e3o que fere toda a Igreja Cat\u00f3lica no Brasil<\/p>\n","protected":false},"author":83,"featured_media":240810,"comment_status":"closed","ping_status":"open","sticky":false,"template":"","format":"standard","meta":{"site-sidebar-layout":"default","site-content-layout":"default","ast-global-header-display":"","ast-banner-title-visibility":"","ast-main-header-display":"","ast-hfb-above-header-display":"","ast-hfb-below-header-display":"","ast-hfb-mobile-header-display":"","site-post-title":"","ast-breadcrumbs-content":"","ast-featured-img":"","footer-sml-layout":"","theme-transparent-header-meta":"","adv-header-id-meta":"","stick-header-meta":"","header-above-stick-meta":"","header-main-stick-meta":"","header-below-stick-meta":""},"categories":[797],"tags":[2196,2197],"acf":[],"_links":{"self":[{"href":"https:\/\/www.cnbb.org.br\/cnbb-app\/wp\/v2\/posts\/240805"}],"collection":[{"href":"https:\/\/www.cnbb.org.br\/cnbb-app\/wp\/v2\/posts"}],"about":[{"href":"https:\/\/www.cnbb.org.br\/cnbb-app\/wp\/v2\/types\/post"}],"author":[{"embeddable":true,"href":"https:\/\/www.cnbb.org.br\/cnbb-app\/wp\/v2\/users\/83"}],"replies":[{"embeddable":true,"href":"https:\/\/www.cnbb.org.br\/cnbb-app\/wp\/v2\/comments?post=240805"}],"version-history":[{"count":0,"href":"https:\/\/www.cnbb.org.br\/cnbb-app\/wp\/v2\/posts\/240805\/revisions"}],"wp:featuredmedia":[{"embeddable":true,"href":"https:\/\/www.cnbb.org.br\/cnbb-app\/wp\/v2\/media\/240810"}],"wp:attachment":[{"href":"https:\/\/www.cnbb.org.br\/cnbb-app\/wp\/v2\/media?parent=240805"}],"wp:term":[{"taxonomy":"category","embeddable":true,"href":"https:\/\/www.cnbb.org.br\/cnbb-app\/wp\/v2\/categories?post=240805"},{"taxonomy":"post_tag","embeddable":true,"href":"https:\/\/www.cnbb.org.br\/cnbb-app\/wp\/v2\/tags?post=240805"}],"curies":[{"name":"wp","href":"https:\/\/api.w.org\/{rel}","templated":true}]}}