{"id":240835,"date":"2020-06-17T15:36:35","date_gmt":"2020-06-17T18:36:35","guid":{"rendered":"https:\/\/www.cnbb.org.br\/?p=240835"},"modified":"2020-09-25T11:50:23","modified_gmt":"2020-09-25T14:50:23","slug":"projeto-educativo-do-papa-francisco-e-tema-do-ciclo-de-webinars-da-comissao-para-cultura-e-educacao","status":"publish","type":"post","link":"https:\/\/www.cnbb.org.br\/projeto-educativo-do-papa-francisco-e-tema-do-ciclo-de-webinars-da-comissao-para-cultura-e-educacao\/","title":{"rendered":"Projeto Educativo do Papa \u00e9 tema do Ciclo de Webinars da Comiss\u00e3o para Cultura e Educa\u00e7\u00e3o"},"content":{"rendered":"<p style=\"text-align: justify\">Nesta quarta-feira, 17 de junho, \u00e0s 21h, o Setor Universidades da Comiss\u00e3o Episcopal Pastoral para Cultura e Educa\u00e7\u00e3o (CEPCE) da CNBB promover\u00e1 o Webinar \u201cProjeto Educativo do Papa Francisco: Educa\u00e7\u00e3o B\u00e1sica e Educa\u00e7\u00e3o Superior\u201d, no Canal Cultura e Educa\u00e7\u00e3o CNBB no YouTube. O evento reunir\u00e1 o arcebispo de Montes Claros, presidente da Comiss\u00e3o e Referencial para o Setor Educa\u00e7\u00e3o, dom Jo\u00e3o Justino; o bispo de S\u00e3o Carlos e Referencial para o Setor Universidades, dom Paulo Cezar, e o padre J\u00falio Resende, assessor do Setor Educa\u00e7\u00e3o da CNBB.<\/p>\n<p style=\"text-align: justify\">O Webinar contar\u00e1 com a media\u00e7\u00e3o do padre Danilo Pinto, assessor do Setor Bens Culturais e Universidades da CNBB. Neste, o tema do Projeto Educativo do Papa Francisco ser\u00e1 tratado sob duas perspectivas: a reflex\u00e3o do magist\u00e9rio do Papa Francisco acerca das escolas e das universidades. \u00c0 luz do conte\u00fado refletido pelos bispos, ser\u00e1 apresentada a proposta do Pacto Global Educativo do Papa Francisco.<\/p>\n<p style=\"text-align: justify\"><strong>Lives de Quarta e Webinars<\/strong><\/p>\n<p style=\"text-align: justify\">O ciclo de Webinars (Semin\u00e1rios em Rede) foi iniciado h\u00e1 duas semanas. A iniciativa acontecer\u00e1 dentro das \u201cLives de Quarta\u201d, no Canal da Comiss\u00e3o na rede social YouTube. \u201cNa proposta do Webinar, os temas das lives ter\u00e3o a contribui\u00e7\u00e3o de mais palestrantes e ser\u00e3o tratados com mais profundidade, sob diferentes \u00e2ngulos\u201d, diz o padre Danilo Pinto, respons\u00e1vel pela Ger\u00eancia de Comunica\u00e7\u00e3o da Comiss\u00e3o. Outro aspecto relevante \u00e9 que as Confer\u00eancias do Webinar ficar\u00e3o dispon\u00edveis no YouTube, para aqueles que desejarem assistir posteriormente.<\/p>\n<p style=\"text-align: justify\"><strong>CEPCE \u2013 Terceira Fase<\/strong><\/p>\n<p style=\"text-align: justify\">A CEPCE est\u00e1 num processo de adequa\u00e7\u00e3o dos seus projetos e atividades ao \u201cnovo normal\u201d, instalado na pandemia. Esta adequa\u00e7\u00e3o est\u00e1 na sua terceira fase e constitui a consolida\u00e7\u00e3o das mudan\u00e7as em eventos mais complexos para os colaboradores da CEPCE, nas m\u00eddias sociais e plataformas digitais. Para esta fase est\u00e1 previsto um estudo mais aprofundado da Pedagogia da Taxonomia de Bloom, a partir do qual ser\u00e3o realizados os eventos formativos espec\u00edficos dos setores na modalidade de Semin\u00e1rios em Rede (Webinar). Estes eventos virtuais est\u00e3o sendo realizados no Canal do YouTube, atrav\u00e9s da ferramenta Stream Yard. Segundo dom Jo\u00e3o Justino, \u201cpor meio dessas mudan\u00e7as, a CEPCE tem buscado encontrar novos caminhos para materializa\u00e7\u00e3o das linhas de atua\u00e7\u00e3o da Confer\u00eancia Episcopal (forma\u00e7\u00e3o e articula\u00e7\u00e3o) no novo normal que foi instalado, a partir da pandemia\u201d.<\/p>\n","protected":false},"excerpt":{"rendered":"<p>Nesta quarta-feira, 17 de junho, \u00e0s 21h, o Setor Universidades promover\u00e1 um Webinar no Canal Cultura e Educa\u00e7\u00e3o CNBB no YouTube<\/p>\n","protected":false},"author":83,"featured_media":240837,"comment_status":"closed","ping_status":"open","sticky":false,"template":"","format":"standard","meta":{"site-sidebar-layout":"default","site-content-layout":"default","ast-global-header-display":"","ast-banner-title-visibility":"","ast-main-header-display":"","ast-hfb-above-header-display":"","ast-hfb-below-header-display":"","ast-hfb-mobile-header-display":"","site-post-title":"","ast-breadcrumbs-content":"","ast-featured-img":"","footer-sml-layout":"","theme-transparent-header-meta":"","adv-header-id-meta":"","stick-header-meta":"","header-above-stick-meta":"","header-main-stick-meta":"","header-below-stick-meta":""},"categories":[799],"tags":[1850,2200,1866],"acf":[],"_links":{"self":[{"href":"https:\/\/www.cnbb.org.br\/cnbb-app\/wp\/v2\/posts\/240835"}],"collection":[{"href":"https:\/\/www.cnbb.org.br\/cnbb-app\/wp\/v2\/posts"}],"about":[{"href":"https:\/\/www.cnbb.org.br\/cnbb-app\/wp\/v2\/types\/post"}],"author":[{"embeddable":true,"href":"https:\/\/www.cnbb.org.br\/cnbb-app\/wp\/v2\/users\/83"}],"replies":[{"embeddable":true,"href":"https:\/\/www.cnbb.org.br\/cnbb-app\/wp\/v2\/comments?post=240835"}],"version-history":[{"count":0,"href":"https:\/\/www.cnbb.org.br\/cnbb-app\/wp\/v2\/posts\/240835\/revisions"}],"wp:featuredmedia":[{"embeddable":true,"href":"https:\/\/www.cnbb.org.br\/cnbb-app\/wp\/v2\/media\/240837"}],"wp:attachment":[{"href":"https:\/\/www.cnbb.org.br\/cnbb-app\/wp\/v2\/media?parent=240835"}],"wp:term":[{"taxonomy":"category","embeddable":true,"href":"https:\/\/www.cnbb.org.br\/cnbb-app\/wp\/v2\/categories?post=240835"},{"taxonomy":"post_tag","embeddable":true,"href":"https:\/\/www.cnbb.org.br\/cnbb-app\/wp\/v2\/tags?post=240835"}],"curies":[{"name":"wp","href":"https:\/\/api.w.org\/{rel}","templated":true}]}}