{"id":240890,"date":"2020-06-18T15:05:45","date_gmt":"2020-06-18T18:05:45","guid":{"rendered":"https:\/\/www.cnbb.org.br\/?p=240890"},"modified":"2020-09-08T13:52:43","modified_gmt":"2020-09-08T16:52:43","slug":"mexer-com-qual-coracao","status":"publish","type":"post","link":"https:\/\/www.cnbb.org.br\/mexer-com-qual-coracao\/","title":{"rendered":"&#8220;Mexer&#8221; com qual cora\u00e7\u00e3o?"},"content":{"rendered":"<p style=\"text-align: right\"><strong>Dom Jacinto Bergmann<\/strong><br \/>\n<strong>Arcebispo de Pelotas<\/strong><\/p>\n<p style=\"text-align: justify\">Nesta sexta-feira que passou, celebrou-se mundialmente a Festa do Sagrado Cora\u00e7\u00e3o de Jesus. Uma celebra\u00e7\u00e3o muito cara, especialmente, para os crist\u00e3os cat\u00f3licos <em>(na cidade de Pelotas temos a Par\u00f3quia do Porto dedicado ao Sagrado Cora\u00e7\u00e3o de Jesus)<\/em>. A celebra\u00e7\u00e3o da Festa convida-nos a achegarmo-nos mais perto do \u201ccora\u00e7\u00e3o\u201d do filho de Deus: ele \u00e9 <strong>ref\u00fagio<\/strong> para o nosso \u00edntimo &#8211; \u00a0a ele podemos recorrer sempre; ele \u00e9 <strong>alento<\/strong> para os nossos prop\u00f3sitos &#8211; nele podemos confiar sempre; ele \u00e9 <strong>inspira\u00e7\u00e3o <\/strong>para o nosso viver &#8211; a partir dele aprendemos tomar decis\u00f5es certas e verdadeiras. Assim, n\u00e3o s\u00e3o falsas as palavras de Jesus de Nazar\u00e9, o Filho de Deus: \u201cVinde a mim v\u00f3s que estais cansados: eu sou manso e humilde de cora\u00e7\u00e3o\u201d.<\/p>\n<p style=\"text-align: justify\">\u00c9 importante acentuarmos que na cultura sem\u00edtica-b\u00edblica, o cora\u00e7\u00e3o \u00e9 a sede das decis\u00f5es &#8211; o cora\u00e7\u00e3o \u00e9 que \u201cdecide\u201d; na cultura grega, e consequentemente na nossa cultura ocidental, o cora\u00e7\u00e3o \u00e9 mais a sede dos sentimentos &#8211; o cora\u00e7\u00e3o \u00e9 que \u201csente\u201d.<\/p>\n<p style=\"text-align: justify\">O texto evang\u00e9lico, proposto pela Igreja Cat\u00f3lica para Festa do Sagrado Cora\u00e7\u00e3o de Jesus, foi tirado do Evangelho de Jo\u00e3o, apresentando a ora\u00e7\u00e3o de Jesus de Nazar\u00e9: \u201cEu te louvo \u00f3 Pai, Senhor do c\u00e9u e da tua terra, porque escondeste estas coisas aos intelect\u00f3ides<em>(uso a tradu\u00e7\u00e3o\u201dintelect\u00f3ide\u201d no sentido de algu\u00e9m possuidor de um falso intelectualismo) <\/em>e entendidos e as revelaste aos simples e pequeninos.Sim \u00f3 Pai, porque assim foi do teu agrado!\u201d O que essa ora\u00e7\u00e3o de Jesus deixa claro?<\/p>\n<p style=\"text-align: justify\">Pois, na ora\u00e7\u00e3o Jesus est\u00e1 clar\u00edssimo que as \u201crealidades de Deus\u201d n\u00e3o chegam ao \u201ccora\u00e7\u00e3o\u201d dos \u201cintelect\u00f3ides e entendidos\u201d; s\u00f3 chegam ao \u201ccora\u00e7\u00e3o\u201d dos\u201csimples e pequeninos\u201d. Como entender isso?<\/p>\n<p style=\"text-align: justify\">O \u201ccora\u00e7\u00e3o\u201d dos \u201cintelect\u00f3ides e entendidos\u201d est\u00e1 cheio de \u201craz\u00f5es\u201d e \u201cexplica\u00e7\u00f5es\u201d.Essas, baseadas num\u201ccora\u00e7\u00e3o\u201d que decidiu <em>(cora\u00e7\u00e3o como sede de decis\u00f5es)<\/em> olhar-se \u201ccriador\u201d de si mesmo e de todas as realidades que o rodeiam:\u201cEu tenho sempre raz\u00e3o e sou o \u00fanico entendido de tudo\u201d. Assim, os \u201cintelect\u00f3ides e entendidos\u201d fecham o seu \u201ccora\u00e7\u00e3o\u201d hermeticamente para as \u201crealidades de Deus\u201d. Eles acabam <strong>mexendo<\/strong> com o \u201ccora\u00e7\u00e3o\u201d erroneamente: n\u00e3o deixam o cora\u00e7\u00e3o existir para decis\u00f5es maiores e eternas!<\/p>\n<p style=\"text-align: justify\">J\u00e1 o \u201ccora\u00e7\u00e3o\u201d dos \u201csimples e pequeninos\u201d procura tamb\u00e9m raz\u00f5es e explica\u00e7\u00f5es. Essas, por\u00e9m, est\u00e3o baseadas no \u201ccora\u00e7\u00e3o\u201d que decidiu <em>(cora\u00e7\u00e3o como sede de decis\u00f5es)<\/em> olhar n\u00e3o para si mesmo como \u201ccriador\u201d,mas contemplar, como criatura,Deus-criador do universo e da hist\u00f3ria: \u201dDeus \u00e9 a raz\u00e3o de tudo e Nele eu encontro sentido em tudo\u201d. Assim, os \u201csimples e pequeninos\u201d abrem o seu \u201ccora\u00e7\u00e3o\u201d totalmente para as \u201crealidades de Deus\u201d. Eles sabem <strong>mexer<\/strong> com o seu \u201ccora\u00e7\u00e3o\u201d acertadamente: deixam o cora\u00e7\u00e3o existir para decis\u00f5es maiores e eternas.<\/p>\n<p style=\"text-align: justify\">Fica o desafio existencial: \u201c<strong>Mexer<\/strong>\u201d com qual cora\u00e7\u00e3o? Como\u201d <strong>mexem<\/strong>\u201d os \u201cintelect\u00f3ides e entendidos\u201d ou como\u201c<strong>mexem<\/strong>\u201d os\u201csimples e pequeninos\u201d?<\/p>\n<p>&nbsp;    \t<\/p>\n","protected":false},"excerpt":{"rendered":"<p>Dom Jacinto Bergmann Arcebispo de Pelotas Nesta sexta-feira que passou, celebrou-se mundialmente a Festa do Sagrado Cora\u00e7\u00e3o de Jesus. Uma celebra\u00e7\u00e3o muito cara, especialmente, para os crist\u00e3os cat\u00f3licos (na cidade de Pelotas temos a Par\u00f3quia do Porto dedicado ao Sagrado Cora\u00e7\u00e3o de Jesus). A celebra\u00e7\u00e3o da Festa convida-nos a achegarmo-nos mais perto do \u201ccora\u00e7\u00e3o\u201d do &hellip;<\/p>\n<p class=\"read-more\"> <a class=\"\" href=\"https:\/\/www.cnbb.org.br\/mexer-com-qual-coracao\/\"> <span class=\"screen-reader-text\">&#8220;Mexer&#8221; com qual cora\u00e7\u00e3o?<\/span> Leia mais &raquo;<\/a><\/p>\n","protected":false},"author":87,"featured_media":0,"comment_status":"closed","ping_status":"open","sticky":false,"template":"","format":"standard","meta":{"site-sidebar-layout":"default","site-content-layout":"default","ast-global-header-display":"","ast-banner-title-visibility":"","ast-main-header-display":"","ast-hfb-above-header-display":"","ast-hfb-below-header-display":"","ast-hfb-mobile-header-display":"","site-post-title":"","ast-breadcrumbs-content":"","ast-featured-img":"","footer-sml-layout":"","theme-transparent-header-meta":"","adv-header-id-meta":"","stick-header-meta":"","header-above-stick-meta":"","header-main-stick-meta":"","header-below-stick-meta":""},"categories":[758],"tags":[],"acf":[],"_links":{"self":[{"href":"https:\/\/www.cnbb.org.br\/cnbb-app\/wp\/v2\/posts\/240890"}],"collection":[{"href":"https:\/\/www.cnbb.org.br\/cnbb-app\/wp\/v2\/posts"}],"about":[{"href":"https:\/\/www.cnbb.org.br\/cnbb-app\/wp\/v2\/types\/post"}],"author":[{"embeddable":true,"href":"https:\/\/www.cnbb.org.br\/cnbb-app\/wp\/v2\/users\/87"}],"replies":[{"embeddable":true,"href":"https:\/\/www.cnbb.org.br\/cnbb-app\/wp\/v2\/comments?post=240890"}],"version-history":[{"count":0,"href":"https:\/\/www.cnbb.org.br\/cnbb-app\/wp\/v2\/posts\/240890\/revisions"}],"wp:attachment":[{"href":"https:\/\/www.cnbb.org.br\/cnbb-app\/wp\/v2\/media?parent=240890"}],"wp:term":[{"taxonomy":"category","embeddable":true,"href":"https:\/\/www.cnbb.org.br\/cnbb-app\/wp\/v2\/categories?post=240890"},{"taxonomy":"post_tag","embeddable":true,"href":"https:\/\/www.cnbb.org.br\/cnbb-app\/wp\/v2\/tags?post=240890"}],"curies":[{"name":"wp","href":"https:\/\/api.w.org\/{rel}","templated":true}]}}