{"id":240892,"date":"2020-06-18T15:41:56","date_gmt":"2020-06-18T18:41:56","guid":{"rendered":"https:\/\/www.cnbb.org.br\/?p=240892"},"modified":"2020-09-08T13:52:43","modified_gmt":"2020-09-08T16:52:43","slug":"acolher-proteger-promover-e-integrar-os-deslocados-internos","status":"publish","type":"post","link":"https:\/\/www.cnbb.org.br\/acolher-proteger-promover-e-integrar-os-deslocados-internos\/","title":{"rendered":"Acolher, proteger, promover e integrar os deslocados internos"},"content":{"rendered":"<p style=\"text-align: right\"><strong>Dom Roberto Francisco Ferreria Paz<\/strong><br \/>\n<strong>Bispo\u00a0 de Campos (RJ)<\/strong><\/p>\n<p style=\"text-align: justify\">\n<p style=\"text-align: justify\">Com o tema instigante: \u201cFor\u00e7ados, como Jesus, a fugir\u201d, o Papa Francisco compartilhou a 106\u00ba mensagem para o Dia Mundial do Migrante e Refugiado. Inicia afirmando que, devido \u00e0 Pandemia Mundial do COVID-19, as agendas e estruturas p\u00fablicas de prote\u00e7\u00e3o aos migrantes e refugiados sofreram uma desaten\u00e7\u00e3o, apesar de que a crise sanit\u00e1ria viral veio a exacerbar a precariedade e os riscos desta popula\u00e7\u00e3o aumentando o volume dos deslocados internos.<\/p>\n<p style=\"text-align: justify\">Iluminados pela fuga ao Egito, para escapar de Herodes, os migrantes e deslocados internos se v\u00eaem, muitas vezes, obrigados a empreender o drama de sair de seu lugar de origem pressionados por necessidades e car\u00eancias fundamentais que amea\u00e7am gravemente a sua j\u00e1 prec\u00e1ria subsist\u00eancia. No relento das nossas ruas, debaixo de viadutos, ou abrigados sob as marquises, ou nos espa\u00e7os p\u00fablicos de pra\u00e7as e esplanadas, percebemos, dia a dia, o aumento da presen\u00e7a de pessoas deslocadas de outros lugares que, com seus olhos e gestos, nos interpelam. J\u00e1 foi comentado que, para essa faixa da popula\u00e7\u00e3o, n\u00e3o existe isolamento social, pois n\u00e3o tem onde morar ou permanecer protegidos.<\/p>\n<p style=\"text-align: justify\">Se adoecem, come\u00e7ar\u00e1 o calv\u00e1rio de n\u00e3o ter acesso garantido \u00e0 sa\u00fade nem ao tratamento m\u00e9dico, muito menos \u00e0 preven\u00e7\u00e3o. Diante dessa realidade crua e sem maquiagem, o Papa nos convida a levar a s\u00e9rio certos verbos que nos ajudar\u00e3o a encontrar o Cristo migrante e sofredor nessas pessoas deslocadas e desamparadas.<\/p>\n<p style=\"text-align: justify\">Conhecer para compreender, para nos libertar de ju\u00edzos inumanos e preconceituosos, aproximar-se para servir, olhar a pessoa concreta e sua dor vis\u00edvel, reconciliar-se para escutar, prestar aten\u00e7\u00e3o \u00e0 narrativa e \u00e0 hist\u00f3ria pessoal, coenvolver para promover, n\u00e3o basta dar uma quentinha ou cobertor, mas importa soerguer a dignidade da pessoa e finalmente colaborar para construir, fazendo hist\u00f3ria de salva\u00e7\u00e3o com eles e gerando assim um mundo hospitaleiro, solid\u00e1rio e fraterno.<\/p>\n<p style=\"text-align: justify\">Que S\u00e3o Jos\u00e9, que protegeu a Sagrada Fam\u00edlia, e na experi\u00eancia da fuga e do desterro, nos ajude a acolher, proteger, promover e integrar estes irm\u00e3os deslocados e t\u00e3o seriamente amea\u00e7ados na sua sobreviv\u00eancia. Deus seja louvado!<\/p>\n","protected":false},"excerpt":{"rendered":"<p>Dom Roberto Francisco Ferreria Paz Bispo\u00a0 de Campos (RJ) Com o tema instigante: \u201cFor\u00e7ados, como Jesus, a fugir\u201d, o Papa Francisco compartilhou a 106\u00ba mensagem para o Dia Mundial do Migrante e Refugiado. Inicia afirmando que, devido \u00e0 Pandemia Mundial do COVID-19, as agendas e estruturas p\u00fablicas de prote\u00e7\u00e3o aos migrantes e refugiados sofreram uma &hellip;<\/p>\n<p class=\"read-more\"> <a class=\"\" href=\"https:\/\/www.cnbb.org.br\/acolher-proteger-promover-e-integrar-os-deslocados-internos\/\"> <span class=\"screen-reader-text\">Acolher, proteger, promover e integrar os deslocados internos<\/span> Leia mais &raquo;<\/a><\/p>\n","protected":false},"author":23,"featured_media":0,"comment_status":"closed","ping_status":"open","sticky":false,"template":"","format":"standard","meta":{"site-sidebar-layout":"default","site-content-layout":"default","ast-global-header-display":"","ast-banner-title-visibility":"","ast-main-header-display":"","ast-hfb-above-header-display":"","ast-hfb-below-header-display":"","ast-hfb-mobile-header-display":"","site-post-title":"","ast-breadcrumbs-content":"","ast-featured-img":"","footer-sml-layout":"","theme-transparent-header-meta":"","adv-header-id-meta":"","stick-header-meta":"","header-above-stick-meta":"","header-main-stick-meta":"","header-below-stick-meta":""},"categories":[758],"tags":[],"acf":[],"_links":{"self":[{"href":"https:\/\/www.cnbb.org.br\/cnbb-app\/wp\/v2\/posts\/240892"}],"collection":[{"href":"https:\/\/www.cnbb.org.br\/cnbb-app\/wp\/v2\/posts"}],"about":[{"href":"https:\/\/www.cnbb.org.br\/cnbb-app\/wp\/v2\/types\/post"}],"author":[{"embeddable":true,"href":"https:\/\/www.cnbb.org.br\/cnbb-app\/wp\/v2\/users\/23"}],"replies":[{"embeddable":true,"href":"https:\/\/www.cnbb.org.br\/cnbb-app\/wp\/v2\/comments?post=240892"}],"version-history":[{"count":0,"href":"https:\/\/www.cnbb.org.br\/cnbb-app\/wp\/v2\/posts\/240892\/revisions"}],"wp:attachment":[{"href":"https:\/\/www.cnbb.org.br\/cnbb-app\/wp\/v2\/media?parent=240892"}],"wp:term":[{"taxonomy":"category","embeddable":true,"href":"https:\/\/www.cnbb.org.br\/cnbb-app\/wp\/v2\/categories?post=240892"},{"taxonomy":"post_tag","embeddable":true,"href":"https:\/\/www.cnbb.org.br\/cnbb-app\/wp\/v2\/tags?post=240892"}],"curies":[{"name":"wp","href":"https:\/\/api.w.org\/{rel}","templated":true}]}}