{"id":241006,"date":"2020-06-22T10:38:41","date_gmt":"2020-06-22T13:38:41","guid":{"rendered":"https:\/\/www.cnbb.org.br\/?p=241006"},"modified":"2020-06-22T10:38:41","modified_gmt":"2020-06-22T13:38:41","slug":"live-da-edicoes-cnbb-aborda-o-tema-celebrar-e-iniciar-ao-misterio-a-liturgia","status":"publish","type":"post","link":"https:\/\/www.cnbb.org.br\/live-da-edicoes-cnbb-aborda-o-tema-celebrar-e-iniciar-ao-misterio-a-liturgia\/","title":{"rendered":"Live da Edi\u00e7\u00f5es CNBB tem o tema &#8220;Celebrar e iniciar ao mist\u00e9rio: a Liturgia&#8221;"},"content":{"rendered":"<p style=\"text-align: justify\">A live da Edi\u00e7\u00f5es CNBB desta segunda-feira, 22 de junho, vai abordar o tema &#8220;<em>Celebrar e iniciar ao mist\u00e9rio: a Liturgia&#8221;<\/em>. O convidado para o aprofundamento \u00e9 o bispo de Livramento de Nossa Senhora (BA) e membro da Comiss\u00e3o Episcopal Pastoral para a Anima\u00e7\u00e3o B\u00edblico-Catequ\u00e9tica da Confer\u00eancia Nacional dos Bispos do Brasil (CNBB), dom Armando Bucciol. Ser\u00e1 poss\u00edvel acompanhar nos perfis do Instagram e do Facebook, al\u00e9m do <a href=\"https:\/\/youtu.be\/_PTrdXVUEdo\" data-rel=\"lightbox-video-0\" target=\"_blank\" rel=\"noopener\">canal no Youtube da Edi\u00e7\u00f5es CNBB<\/a>.<\/p>\n<p style=\"text-align: justify\">Ser\u00e1 proposta uma reflex\u00e3o sobre a rela\u00e7\u00e3o entre liturgia e catequese, a partir do itiner\u00e1rio proposto pelo Ritual da Inicia\u00e7\u00e3o Crista de Adultos (Rica), mostrando que a liturgia na inicia\u00e7\u00e3o \u00e0 vida crist\u00e3 vai muito al\u00e9m das celebra\u00e7\u00f5es. S\u00e3o refer\u00eancias para a live de hoje os livros &#8220;<em>Celebrar e iniciar ao Mist\u00e9rio: A Liturgia (Sendas 13)<\/em>&#8220;, de autoria do padre Thiago Faccini, fruto da IV Semana Brasileira de Catequese, e dos livros de autoria de dom Armando que est\u00e3o em plena sintonia com o tema: &#8220;<em>Iniciar \u00e0 F\u00e9 pela Liturgia (Sendas 7)<\/em>&#8221; e &#8220;<em>Sinais e S\u00edmbolos, gestos e Palavras na Liturgia&#8221;. <\/em><\/p>\n<p style=\"text-align: justify\">De acordo com a Edi\u00e7\u00f5es CNBB, a live &#8220;abrir\u00e1 in\u00fameras possibilidades de temas correlacionados que poder\u00e3o ser explorados&#8221;. E ainda ser\u00e1 poss\u00edvel refletir sobre &#8220;quest\u00f5es pr\u00e1ticas de como fazer da liturgia um espa\u00e7o privilegiado de inicia\u00e7\u00e3o \u00e0 vida crist\u00e3, divulgando as iniciativas e atividades da Comiss\u00e3o Episcopal Pastoral para Liturgia da CNBB e de diversas experi\u00eancias realizadas pelo Brasil, tendo como foco as a\u00e7\u00f5es lit\u00fargicas&#8221;.<\/p>\n<p style=\"text-align: justify\">Como tem sido pr\u00e1tica desde o in\u00edcio das lives, o mediador tem favorecido a participa\u00e7\u00e3o dos internautas que interagem com perguntas enviadas ao convidado.<\/p>\n<p style=\"text-align: justify\"><strong>Live da Edi\u00e7\u00f5es CNBB &#8211; &#8220;Celebrar e iniciar ao mist\u00e9rio: a Liturgia&#8221;<\/strong><br \/>\nHoje, 22 de junho, \u00e0s 15h<br \/>\nhttps:\/\/www.instagram.com\/edicoescnbb\/<br \/>\nhttps:\/\/www.facebook.com\/edicoes.cnbb<br \/>\nhttps:\/\/youtu.be\/_PTrdXVUEdo<\/p>\n<p style=\"text-align: justify\">\n","protected":false},"excerpt":{"rendered":"<p>Dom Armando Bucciol e Pe. Thiago Faccini refletem sobre rela\u00e7\u00e3o entre liturgia e catequese <\/p>\n","protected":false},"author":83,"featured_media":241009,"comment_status":"closed","ping_status":"open","sticky":false,"template":"","format":"standard","meta":{"site-sidebar-layout":"default","site-content-layout":"default","ast-global-header-display":"","ast-banner-title-visibility":"","ast-main-header-display":"","ast-hfb-above-header-display":"","ast-hfb-below-header-display":"","ast-hfb-mobile-header-display":"","site-post-title":"","ast-breadcrumbs-content":"","ast-featured-img":"","footer-sml-layout":"","theme-transparent-header-meta":"","adv-header-id-meta":"","stick-header-meta":"","header-above-stick-meta":"","header-main-stick-meta":"","header-below-stick-meta":""},"categories":[847],"tags":[1881,1878,1276,2010],"acf":[],"_links":{"self":[{"href":"https:\/\/www.cnbb.org.br\/cnbb-app\/wp\/v2\/posts\/241006"}],"collection":[{"href":"https:\/\/www.cnbb.org.br\/cnbb-app\/wp\/v2\/posts"}],"about":[{"href":"https:\/\/www.cnbb.org.br\/cnbb-app\/wp\/v2\/types\/post"}],"author":[{"embeddable":true,"href":"https:\/\/www.cnbb.org.br\/cnbb-app\/wp\/v2\/users\/83"}],"replies":[{"embeddable":true,"href":"https:\/\/www.cnbb.org.br\/cnbb-app\/wp\/v2\/comments?post=241006"}],"version-history":[{"count":0,"href":"https:\/\/www.cnbb.org.br\/cnbb-app\/wp\/v2\/posts\/241006\/revisions"}],"wp:featuredmedia":[{"embeddable":true,"href":"https:\/\/www.cnbb.org.br\/cnbb-app\/wp\/v2\/media\/241009"}],"wp:attachment":[{"href":"https:\/\/www.cnbb.org.br\/cnbb-app\/wp\/v2\/media?parent=241006"}],"wp:term":[{"taxonomy":"category","embeddable":true,"href":"https:\/\/www.cnbb.org.br\/cnbb-app\/wp\/v2\/categories?post=241006"},{"taxonomy":"post_tag","embeddable":true,"href":"https:\/\/www.cnbb.org.br\/cnbb-app\/wp\/v2\/tags?post=241006"}],"curies":[{"name":"wp","href":"https:\/\/api.w.org\/{rel}","templated":true}]}}