{"id":241023,"date":"2020-06-22T10:58:48","date_gmt":"2020-06-22T13:58:48","guid":{"rendered":"https:\/\/www.cnbb.org.br\/?p=241023"},"modified":"2020-09-08T13:52:39","modified_gmt":"2020-09-08T16:52:39","slug":"xii-domingo-do-tempo-comum","status":"publish","type":"post","link":"https:\/\/www.cnbb.org.br\/xii-domingo-do-tempo-comum\/","title":{"rendered":"XII Domingo do Tempo Comum"},"content":{"rendered":"<p style=\"text-align: right\"><strong>Dom Eurico dos Santos Veloso<br \/>\n<\/strong><strong>Arcebispo Em\u00e9rito de Juiz de Fora (MG)<\/strong><\/p>\n<p style=\"text-align: justify\"><strong>\u00a0<\/strong><\/p>\n<p style=\"text-align: justify\"><em>\u201cN\u00e3o tenhais medo daqueles que matam o corpo, mas n\u00e3o podem matar a alma! Pelo contr\u00e1rio, temei aquele que pode destruir a alma e o corpo no inferno!\u201d (cf. Mt 10, 28)<\/em><\/p>\n<p style=\"text-align: justify\">Na Liturgia do XII Domingo do Tempo Comum, somos convidados a refletir sobre a persegui\u00e7\u00e3o que pode assombrar a Miss\u00e3o do disc\u00edpulo, pois como \u00e9 proposto nas leituras, particularmente no Evangelho(cf. Mt 10,26-33), Jesus fala aos seus disc\u00edpulos sobre os sofrimentos que ir\u00e3o enfrentar. Por\u00e9m, ele n\u00e3o deixa os seus desamparados, muito pelo contr\u00e1rio, nos consola em suas Palavras e nos promete: <em>\u201ctodo aquele que se declarar a meu favor diante dos homens, tamb\u00e9m eu me declararei em favor dele diante do meu Pai que est\u00e1 nos c\u00e9us\u201d (cf. Mt 10, 32)<\/em>.<\/p>\n<p style=\"text-align: justify\">Ora, esta persegui\u00e7\u00e3o \u00e9 relatada desde o in\u00edcio da manifesta\u00e7\u00e3o de Deus para com o povo hebreu e todos os profetas. Um exemplo dado na Liturgia de hoje \u00e9 do Profeta Jeremias(cf. Jr 20,10-13), que relata a persegui\u00e7\u00e3o \u00e0 miss\u00e3o confiada a Deus para ele. Mas o profeta n\u00e3o deixe de expressar a total confian\u00e7a no Pai: \u201c<em>Senhor est\u00e1 ao meu lado, como forte guerreiro; por isso, os que me perseguem cair\u00e3o vencidos.\u201d (cf. Jr 20, 11).<\/em><\/p>\n<p style=\"text-align: justify\">Assim, a promessa supracitada de Jesus sobre aqueles que se declaram a favor de Deus, n\u00e3o \u00e9 uma novidade, contudo, \u00e9 um refor\u00e7o para lembrarmos das pedras que aparecem no caminho da miss\u00e3o e, o salmista, declara uma das frases mais belas e com tamanha dualidade, onde sentimos o apelo e a confian\u00e7a \u00edmpar em Deus &#8211; <em>\u201cSenhor, ouvi-me pois suave \u00e9 vossa gra\u00e7a, ponde os olhos sobre mim com grande amor\u201d (cf. Sl68, 17).<\/em><\/p>\n<p style=\"text-align: justify\">Por fim, ao retomar o Evangelho, Jesus nos lembra que somos importantes aos olhos do Pai, que mesmo que venhamos a sofrer qualquer tipo de persegui\u00e7\u00e3o, n\u00e3o tenhamos medo dos homens (&#8230;), afinal \u201c<em>Quanto a v\u00f3s, at\u00e9 os cabelos da cabe\u00e7a est\u00e3o todos contados. N\u00e3o tenhais medo! V\u00f3s valeis mais do que muitos pardais.\u201d (cf. Mt 10, 3a \u2013 31). <\/em><\/p>\n<p style=\"text-align: justify\">E, S\u00e3o Paulo, na sua Carta aos Romanos(cf. Rm 5,12-15), aponta-nos esta certeza que valemos e muito a Deus. Citando a liberta\u00e7\u00e3o do pecado que fora iniciada em Ad\u00e3o e, que atrav\u00e9s do Novo Ad\u00e3o, Jesus Cristo retomamos o dom da gra\u00e7a de Deus: \u201c<em>A transgress\u00e3o de um s\u00f3 levou a multid\u00e3o humana \u00e0 morte, mas foi de modo bem mais superior que a gra\u00e7a de Deus, ou seja, o dom gratuito concedido atrav\u00e9s de um s\u00f3 homem, Jesus Cristo, se derramou em abund\u00e2ncia sobre todos\u201d (Cf. Rm 5, 15).<\/em><\/p>\n<p style=\"text-align: justify\">Enfim, confiemos abundantemente em Cristo, certos de vivenciar sem medidas a miss\u00e3o que nos foi dada! Sem temer de viver e testemunhar a Palavra que nos foi dada a fim do encontro definitivo do Amor.\u00a0\u00a0\u00a0\u00a0\u00a0\u00a0\u00a0\u00a0\u00a0 <em>\u00a0\u00a0\u00a0\u00a0\u00a0\u00a0\u00a0\u00a0 <\/em><\/p>\n<p style=\"text-align: justify\"><em>\u00a0<\/em><\/p>\n<p style=\"text-align: justify\"><em>Sauda\u00e7\u00f5es em Cristo!\u00a0\u00a0\u00a0 <\/em><\/p>\n<p>&nbsp;<\/p>\n<p>&nbsp;    \t<\/p>\n","protected":false},"excerpt":{"rendered":"<p>Dom Eurico dos Santos Veloso Arcebispo Em\u00e9rito de Juiz de Fora (MG) \u00a0 \u201cN\u00e3o tenhais medo daqueles que matam o corpo, mas n\u00e3o podem matar a alma! Pelo contr\u00e1rio, temei aquele que pode destruir a alma e o corpo no inferno!\u201d (cf. Mt 10, 28) Na Liturgia do XII Domingo do Tempo Comum, somos convidados &hellip;<\/p>\n<p class=\"read-more\"> <a class=\"\" href=\"https:\/\/www.cnbb.org.br\/xii-domingo-do-tempo-comum\/\"> <span class=\"screen-reader-text\">XII Domingo do Tempo Comum<\/span> Leia mais &raquo;<\/a><\/p>\n","protected":false},"author":73,"featured_media":0,"comment_status":"closed","ping_status":"open","sticky":false,"template":"","format":"standard","meta":{"site-sidebar-layout":"default","site-content-layout":"default","ast-global-header-display":"","ast-banner-title-visibility":"","ast-main-header-display":"","ast-hfb-above-header-display":"","ast-hfb-below-header-display":"","ast-hfb-mobile-header-display":"","site-post-title":"","ast-breadcrumbs-content":"","ast-featured-img":"","footer-sml-layout":"","theme-transparent-header-meta":"","adv-header-id-meta":"","stick-header-meta":"","header-above-stick-meta":"","header-main-stick-meta":"","header-below-stick-meta":""},"categories":[758],"tags":[],"acf":[],"_links":{"self":[{"href":"https:\/\/www.cnbb.org.br\/cnbb-app\/wp\/v2\/posts\/241023"}],"collection":[{"href":"https:\/\/www.cnbb.org.br\/cnbb-app\/wp\/v2\/posts"}],"about":[{"href":"https:\/\/www.cnbb.org.br\/cnbb-app\/wp\/v2\/types\/post"}],"author":[{"embeddable":true,"href":"https:\/\/www.cnbb.org.br\/cnbb-app\/wp\/v2\/users\/73"}],"replies":[{"embeddable":true,"href":"https:\/\/www.cnbb.org.br\/cnbb-app\/wp\/v2\/comments?post=241023"}],"version-history":[{"count":0,"href":"https:\/\/www.cnbb.org.br\/cnbb-app\/wp\/v2\/posts\/241023\/revisions"}],"wp:attachment":[{"href":"https:\/\/www.cnbb.org.br\/cnbb-app\/wp\/v2\/media?parent=241023"}],"wp:term":[{"taxonomy":"category","embeddable":true,"href":"https:\/\/www.cnbb.org.br\/cnbb-app\/wp\/v2\/categories?post=241023"},{"taxonomy":"post_tag","embeddable":true,"href":"https:\/\/www.cnbb.org.br\/cnbb-app\/wp\/v2\/tags?post=241023"}],"curies":[{"name":"wp","href":"https:\/\/api.w.org\/{rel}","templated":true}]}}