{"id":241039,"date":"2020-06-22T11:37:53","date_gmt":"2020-06-22T14:37:53","guid":{"rendered":"https:\/\/www.cnbb.org.br\/?p=241039"},"modified":"2020-06-22T11:37:53","modified_gmt":"2020-06-22T14:37:53","slug":"papa-francisco-o-medo-e-um-dos-piores-inimigos-da-nossa-vida-crista","status":"publish","type":"post","link":"https:\/\/www.cnbb.org.br\/papa-francisco-o-medo-e-um-dos-piores-inimigos-da-nossa-vida-crista\/","title":{"rendered":"Papa Francisco no Angelus: &#8220;O medo \u00e9 um dos piores inimigos da nossa vida crist\u00e3&#8221;"},"content":{"rendered":"<p style=\"text-align: justify\">&#8220;O medo \u00e9 um dos piores inimigos da nossa vida crist\u00e3&#8221;, afirmou o Papa Francisco em sua alocu\u00e7\u00e3o antes da ora\u00e7\u00e3o do Angelus deste domingo, 21 de junho. Em sua reflex\u00e3o a partir do Evangelho do dia, o Papa comentou o convite que Jesus dirige aos seus disc\u00edpulos para que &#8220;n\u00e3o tenham medo, sejam fortes e confiantes diante dos desafios da vida, alertando-os para as adversidades que os esperam&#8221;. Francisco destacou do ensinamento de Jesus tr\u00eas situa\u00e7\u00f5es concretas apresentadas aos disc\u00edpulos: a hostilidade daqueles que gostariam de silenciar a Palavra de Deus, a persegui\u00e7\u00e3o e sensa\u00e7\u00e3o de que Deus nos deixou sozinhos.<\/p>\n<h2 style=\"text-align: justify\">O an\u00fancio sem medo diante da hostilidade<\/h2>\n<p style=\"text-align: justify\">Em primeiro lugar, o Papa descreveu \u201ca hostilidade daqueles que gostariam de silenciar a Palavra de Deus\u201d. Jesus, at\u00e9 aquele momento, transmitiu a mensagem de salva\u00e7\u00e3o \u201ccom prud\u00eancia, quase em segredo\u201d, diferente do que deveriam fazer os Ap\u00f3stolos:<\/p>\n<div style=\"text-align: justify\">\n<div class=\"article__embed article__embed--border embed_style\">\n<blockquote><p><em>\u201cEles dever\u00e3o proclam\u00e1-la \u201c\u00e0 luz\u201d, ou seja, abertamente, e anunciar \u201cdos terra\u00e7os\u201d, isto \u00e9, publicamente, o seu Evangelho.\u201d<\/em><\/p><\/blockquote>\n<\/div>\n<\/div>\n<h2 style=\"text-align: justify\">A persegui\u00e7\u00e3o aos crist\u00e3os at\u00e9 hoje<\/h2>\n<p style=\"text-align: justify\">A segunda dificuldade que os mission\u00e1rios de Cristo encontraram, lembrou o Papa, foi \u201ca amea\u00e7a f\u00edsica contra eles, isto \u00e9, a persegui\u00e7\u00e3o direta do seu povo, chegando at\u00e9 a matar\u201d. Uma profecia de Jesus, \u201cdolorosa\u201d, mas que \u201catesta a fidelidade das testemunhas\u201d e se constata em todos os tempos:<\/p>\n<div style=\"text-align: justify\">\n<div class=\"article__embed article__embed--border embed_style\">\n<blockquote><p><em>\u201cQuantos crist\u00e3os s\u00e3o perseguidos ainda hoje em todo o mundo! Sofrem pelo Evangelho com amor, s\u00e3o os m\u00e1rtires dos nossos dias. E podemos dizer com certeza que s\u00e3o mais m\u00e1rtires que nos primeiros tempos: muitos m\u00e1rtires somente por ser crist\u00e3os&#8230; A esses disc\u00edpulos de ontem e de hoje que sofrem a persegui\u00e7\u00e3o, Jesus recomenda: \u00abN\u00e3o temais os que matam o corpo, e n\u00e3o podem matar a alma\u00bb (v. 28). N\u00e3o devemos nos assustar por aqueles que procuram extinguir a for\u00e7a da evangeliza\u00e7\u00e3o atrav\u00e9s da arrog\u00e2ncia e da viol\u00eancia. Nada, na verdade, podem fazer contra a alma, ou seja, contra a comunh\u00e3o com Deus: essa, ningu\u00e9m pode tirar dos disc\u00edpulos, pois \u00e9 um dom de Deus.\u201d<\/em><\/p><\/blockquote>\n<\/div>\n<\/div>\n<h2 style=\"text-align: justify\">A certeza do amor de Deus<\/h2>\n<p style=\"text-align: justify\">O terceiro tipo de prova\u00e7\u00e3o que os Ap\u00f3stolos enfrentaram, recorda o Papa, \u00e9 a sensa\u00e7\u00e3o de que o pr\u00f3prio Deus os abandona, ao permanecer \u201cdistante e silencioso\u201d. Mas n\u00e3o devemos ter medo, exorta Francisco, porque \u201co Pai cuida de n\u00f3s\u201d na hora da adversidade e do perigo:<\/p>\n<div>\n<div class=\"article__embed article__embed--border embed_style\">\n<blockquote>\n<p style=\"text-align: justify\"><em>\u201cTamb\u00e9m aqui nos exorta a n\u00e3o ter medo, porque, apesar de passar por essas e outras ciladas, a vida dos disc\u00edpulos est\u00e1 firmemente nas m\u00e3os de Deus, que nos ama e nos guarda. [&#8230;] O que importa \u00e9 a sinceridade, \u00e9 a coragem do testemunho, do testemunho de f\u00e9: &#8216;reconhecer Jesus perante os homens&#8217; e seguir adiante fazendo o bem.\u201d<\/em><\/p>\n<\/blockquote>\n<\/div>\n<\/div>\n","protected":false},"excerpt":{"rendered":"<p>Papa comentou o convite que Jesus dirige aos seus disc\u00edpulos para que &#8220;n\u00e3o tenham medo, sejam fortes e confiantes diante dos desafios da vida&#8221;<\/p>\n","protected":false},"author":83,"featured_media":241044,"comment_status":"closed","ping_status":"open","sticky":false,"template":"","format":"standard","meta":{"site-sidebar-layout":"default","site-content-layout":"default","ast-global-header-display":"","ast-banner-title-visibility":"","ast-main-header-display":"","ast-hfb-above-header-display":"","ast-hfb-below-header-display":"","ast-hfb-mobile-header-display":"","site-post-title":"","ast-breadcrumbs-content":"","ast-featured-img":"","footer-sml-layout":"","theme-transparent-header-meta":"","adv-header-id-meta":"","stick-header-meta":"","header-above-stick-meta":"","header-main-stick-meta":"","header-below-stick-meta":""},"categories":[784],"tags":[1897,1199],"acf":[],"_links":{"self":[{"href":"https:\/\/www.cnbb.org.br\/cnbb-app\/wp\/v2\/posts\/241039"}],"collection":[{"href":"https:\/\/www.cnbb.org.br\/cnbb-app\/wp\/v2\/posts"}],"about":[{"href":"https:\/\/www.cnbb.org.br\/cnbb-app\/wp\/v2\/types\/post"}],"author":[{"embeddable":true,"href":"https:\/\/www.cnbb.org.br\/cnbb-app\/wp\/v2\/users\/83"}],"replies":[{"embeddable":true,"href":"https:\/\/www.cnbb.org.br\/cnbb-app\/wp\/v2\/comments?post=241039"}],"version-history":[{"count":0,"href":"https:\/\/www.cnbb.org.br\/cnbb-app\/wp\/v2\/posts\/241039\/revisions"}],"wp:featuredmedia":[{"embeddable":true,"href":"https:\/\/www.cnbb.org.br\/cnbb-app\/wp\/v2\/media\/241044"}],"wp:attachment":[{"href":"https:\/\/www.cnbb.org.br\/cnbb-app\/wp\/v2\/media?parent=241039"}],"wp:term":[{"taxonomy":"category","embeddable":true,"href":"https:\/\/www.cnbb.org.br\/cnbb-app\/wp\/v2\/categories?post=241039"},{"taxonomy":"post_tag","embeddable":true,"href":"https:\/\/www.cnbb.org.br\/cnbb-app\/wp\/v2\/tags?post=241039"}],"curies":[{"name":"wp","href":"https:\/\/api.w.org\/{rel}","templated":true}]}}