{"id":24112,"date":"2009-04-28T00:00:00","date_gmt":"2009-04-28T03:00:00","guid":{"rendered":"https:\/\/www.cnbb.org.br\/caso-dorothy-stang-nota-do-regional-norte-2\/"},"modified":"2009-04-28T00:00:00","modified_gmt":"2009-04-28T03:00:00","slug":"caso-dorothy-stang-nota-do-regional-norte-2","status":"publish","type":"post","link":"https:\/\/www.cnbb.org.br\/caso-dorothy-stang-nota-do-regional-norte-2\/","title":{"rendered":"Caso Dorothy Stang: Nota do Regional Norte 2"},"content":{"rendered":"<h4 style=\"text-align: justify\">Confer\u00eancia Nacional dos Bispos do Brasil &#8211; CNBB &#8211; Regional Norte 2<\/h4>\n<p style=\"text-align: right\"><em>\u201cA paz \u00e9 fruto da justi\u00e7a\u201d<\/em><\/p>\n<p style=\"text-align: justify\">N\u00f3s, bispos do Regional Norte II da CNBB, vimos manifestar-nos em rela\u00e7\u00e3o aos lament\u00e1veis acontecimentos ocorridos no Par\u00e1 nas \u00faltimas semanas que representam mais um atentado \u00e0 hist\u00f3rica luta pelos direitos humanos em nosso Estado.<\/p>\n<p><!--more--><\/p>\n<p style=\"text-align: justify\">Outra vez, o fazendeiro Vitalmiro Bastos de Moura, o Bida, condenado em maio de 2007 por um j\u00fari popular como um dos respons\u00e1veis pela morte da irm\u00e3 Dorothy Stang ganha a liberdade. Os outros mandantes do assassinato continuam fora do alcance da Justi\u00e7a humana. Mesmo assim, n\u00e3o desistiremos de combater a impunidade.<\/p>\n<p style=\"text-align: justify\">Os casos de abuso e explora\u00e7\u00e3o sexual infanto-juvenil, relatados pelos defensores dos Direitos humanos, contribu\u00edram para a instala\u00e7\u00e3o da CPI da Pedofilia. A exig\u00eancia de que tais crimes sejam apurados e punidos intensificou as amea\u00e7as contra os denunciantes.<\/p>\n<p style=\"text-align: justify\">Repudiamos a incita\u00e7\u00e3o a atos de viol\u00eancia perpetrada por uma parlamentar, reunida recentemente com latifund\u00ed\u00e1rios em Marab\u00e1.<\/p>\n<p style=\"text-align: justify\">Como bispos apoiamos o Estado na luta pela reforma agr\u00e1ria, pela regulariza\u00e7\u00e3o fundi\u00e1ria, pelo respeito aos menos favorecidos e pelo uso do di\u00e1logo como estrat\u00e9gia de entendimento entre as partes.<\/p>\n<p style=\"text-align: justify\">Apoiamos a implanta\u00e7\u00e3o das defensorias agr\u00e1rias e das delegacias de conflitos agr\u00e1rios no Par\u00e1. Reconhecemos o esfor\u00e7o do Estado em combater a grilagem de terras, que reina h\u00e1 d\u00e9cadas na regi\u00e3o, e em erradicar o trabalho escravo.<\/p>\n<p style=\"text-align: justify\">O caminho para a paz no campo e na cidade ainda \u00e9 longo. A paz, no entanto, s\u00f3 ser\u00e1 leg\u00edtima se for fruto da justi\u00e7a.<\/p>\n<p style=\"text-align: justify\">Que o Deus da Vida conceda ao povo do Par\u00e1 a t\u00e3o almejada PAZ.<\/p>\n<p style=\"text-align: right\">Itaci, 26 de abril de 2009<\/p>\n","protected":false},"excerpt":{"rendered":"<p>Confer\u00eancia Nacional dos Bispos do Brasil &#8211; CNBB &#8211; Regional Norte 2 \u201cA paz \u00e9 fruto da justi\u00e7a\u201d N\u00f3s, bispos do Regional Norte II da CNBB, vimos manifestar-nos em rela\u00e7\u00e3o aos lament\u00e1veis acontecimentos ocorridos no Par\u00e1 nas \u00faltimas semanas que representam mais um atentado \u00e0 hist\u00f3rica luta pelos direitos humanos em nosso Estado.<\/p>\n","protected":false},"author":83,"featured_media":0,"comment_status":"open","ping_status":"open","sticky":false,"template":"","format":"standard","meta":{"site-sidebar-layout":"default","site-content-layout":"default","ast-global-header-display":"","ast-banner-title-visibility":"","ast-main-header-display":"","ast-hfb-above-header-display":"","ast-hfb-below-header-display":"","ast-hfb-mobile-header-display":"","site-post-title":"","ast-breadcrumbs-content":"","ast-featured-img":"","footer-sml-layout":"","theme-transparent-header-meta":"","adv-header-id-meta":"","stick-header-meta":"","header-above-stick-meta":"","header-main-stick-meta":"","header-below-stick-meta":""},"categories":[822,769],"tags":[],"acf":[],"_links":{"self":[{"href":"https:\/\/www.cnbb.org.br\/cnbb-app\/wp\/v2\/posts\/24112"}],"collection":[{"href":"https:\/\/www.cnbb.org.br\/cnbb-app\/wp\/v2\/posts"}],"about":[{"href":"https:\/\/www.cnbb.org.br\/cnbb-app\/wp\/v2\/types\/post"}],"author":[{"embeddable":true,"href":"https:\/\/www.cnbb.org.br\/cnbb-app\/wp\/v2\/users\/83"}],"replies":[{"embeddable":true,"href":"https:\/\/www.cnbb.org.br\/cnbb-app\/wp\/v2\/comments?post=24112"}],"version-history":[{"count":0,"href":"https:\/\/www.cnbb.org.br\/cnbb-app\/wp\/v2\/posts\/24112\/revisions"}],"wp:attachment":[{"href":"https:\/\/www.cnbb.org.br\/cnbb-app\/wp\/v2\/media?parent=24112"}],"wp:term":[{"taxonomy":"category","embeddable":true,"href":"https:\/\/www.cnbb.org.br\/cnbb-app\/wp\/v2\/categories?post=24112"},{"taxonomy":"post_tag","embeddable":true,"href":"https:\/\/www.cnbb.org.br\/cnbb-app\/wp\/v2\/tags?post=24112"}],"curies":[{"name":"wp","href":"https:\/\/api.w.org\/{rel}","templated":true}]}}