{"id":241178,"date":"2020-06-24T11:48:47","date_gmt":"2020-06-24T14:48:47","guid":{"rendered":"https:\/\/www.cnbb.org.br\/?p=241178"},"modified":"2020-06-24T11:48:47","modified_gmt":"2020-06-24T14:48:47","slug":"quatro-eixos-da-existencia-humana-que-devem-ser-cuidados","status":"publish","type":"post","link":"https:\/\/www.cnbb.org.br\/quatro-eixos-da-existencia-humana-que-devem-ser-cuidados\/","title":{"rendered":"Irm\u00e3 M\u00f4nica de Barros destaca quatro eixos da exist\u00eancia humana que devem ser cuidados"},"content":{"rendered":"<p style=\"text-align: justify\">\u201cSe n\u00f3s estamos mal cuidados, mal humorados, mal vividos, adoecidos, como \u00e9 que n\u00f3s vamos enfrentar uma pandemia?\u201d O questionamento \u00e9 da irm\u00e3 M\u00f4nica de Barros, religiosa da Congrega\u00e7\u00e3o das Filhas de Jesus, convidada da live \u201c\u00c9 tempo de cuidar\u201d de ter\u00e7a-feira, 23 de junho. Com atua\u00e7\u00e3o na terapia natural, irm\u00e3 M\u00f4nica apresentou quatro eixos da exist\u00eancia humana que devem ser cuidados na perspectiva da sa\u00fade integrativa.<\/p>\n<p style=\"text-align: justify\">\u201cN\u00f3s temos que estar em bom estado para cuidar do estado dos outros\u201d, afirma a religiosa que, em seu trabalho no interior mineiro tem \u201ctentado despertar as pessoas para os cuidados com a vida e a vida com mais qualidade\u201d.<\/p>\n<h3 style=\"text-align: justify\">Quatro eixos<\/h3>\n<p style=\"text-align: justify\">Conhecida por irm\u00e3 M\u00f4nica, a religiosa Porcina M\u00f4nica de Barros explica que a sa\u00fade integrativa, que consiste no cuidado do ser integralmente, envolve quatro eixos de nossa exist\u00eancia, \u201cque infelizmente nesse mundo do capitalismo \u00e9 tudo esquecido, s\u00f3 tem a quest\u00e3o do produzir\u201d. S\u00e3o eixos ou \u00e2ngulos que devem ser cuidados: a sa\u00fade emocional, a energia, a espiritualidade e o corpo.<\/p>\n<h4 style=\"text-align: justify\">Sa\u00fade emocional<\/h4>\n<p style=\"text-align: justify\">Cuidar da sa\u00fade emocional, segundo irm\u00e3 M\u00f4nica, consiste em cultivar, apreciar \u201cuma boa m\u00fasica, uma boa amizade, uma boa conversa, uma espiritualidade, uma amizade com Deus mais profunda, o saber perceber os presentes de Deus na vida para sermos pessoas alegres, o verde da natureza, o cantar dos p\u00e1ssaros, o romper de uma cachoeira\u201d. \u00c9 preciso dedicar tempo para tudo isso.<\/p>\n<p style=\"text-align: justify\">Tamb\u00e9m \u00e9 necess\u00e1rio ter afeto: \u201cn\u00e3o temos carinho com as coisas, agora diz que n\u00e3o pode abra\u00e7ar, n\u00e3o pode beijar, mas isso j\u00e1 fazia, h\u00e1 tempo que n\u00e3o acontecia, um corre-corre e n\u00e3o d\u00e1 tempo de nada. Os pais n\u00e3o estavam vendo os filhos crescerem. Isso no \u00e2ngulo das nossas emo\u00e7\u00f5es\u201d.<\/p>\n<h4 style=\"text-align: justify\"><a href=\"https:\/\/www.cnbb.org.br\/wp-content\/uploads\/2020\/06\/irma-monica.jpg\" data-rel=\"lightbox-image-0\" data-rl_title=\"\" data-rl_caption=\"\" title=\"\"><img decoding=\"async\" loading=\"lazy\" class=\"size-full wp-image-241181 aligncenter\" src=\"https:\/\/www.cnbb.org.br\/wp-content\/uploads\/2020\/06\/irma-monica.jpg\" alt=\"\" width=\"716\" height=\"366\" srcset=\"https:\/\/www.cnbb.org.br\/wp-content\/uploads\/2020\/06\/irma-monica.jpg 716w, https:\/\/www.cnbb.org.br\/wp-content\/uploads\/2020\/06\/irma-monica-300x153.jpg 300w, https:\/\/www.cnbb.org.br\/wp-content\/uploads\/2020\/06\/irma-monica-500x256.jpg 500w\" sizes=\"(max-width: 716px) 100vw, 716px\" \/><\/a><\/h4>\n<h4 style=\"text-align: justify\">Energia<\/h4>\n<p style=\"text-align: justify\">Aqui n\u00e3o se trata de corrente el\u00e9trica, \u201cmas \u00e9 a for\u00e7a vital do organismo, do nosso ser, essa energia n\u00f3s vamos abastec\u00ea-la com alimenta\u00e7\u00e3o saud\u00e1vel, sem muitos f\u00e1rmacos, com exerc\u00edcios f\u00edsicos, saber mastigar os alimentos, saber apreciar as boas coisas, saber passear no ar livre, curtir as sombras, curtir aquilo que nos satisfaz alegremente, nos refaz \u2013 o banho n\u00e3o \u00e9 s\u00f3 para tirar o suor do dia, \u00e9 esse contato com a nossa irm\u00e3 \u00e1gua que faz a gente lembrar do carinho de Deus, da ternura\u201d. Sem essas atitudes, observa a religiosa, \u201cestamos perdendo a energia, a for\u00e7a vital em tudo isso e tudo tem que ser remediado com f\u00e1rmacos\u201d.<\/p>\n<h4 style=\"text-align: justify\">Espiritualidade<\/h4>\n<p style=\"text-align: justify\">Irm\u00e3 M\u00f4nica destaca que espiritualidade n\u00e3o \u00e9 espiritualismo, \u201cn\u00e3o \u00e9 aquela reza constante, mas \u00e9 uma uni\u00e3o perene com nosso criador e soberano Senhor\u201d. A religiosa lembra que os santos viviam essa presen\u00e7a de Deus em todas as coisas, sempre dentro do projeto de Deus, e chama aten\u00e7\u00e3o para certa incoer\u00eancia: \u201c\u00e0s vezes voc\u00ea pode rezar mil Pai-Nossos, mas n\u00e3o \u00e9 irm\u00e3o, ent\u00e3o est\u00e1 recitando alguma coisa que aprendeu, mas n\u00e3o tem resson\u00e2ncia interna. \u00c0s vezes a gente pensa espiritualidade lendo n\u00e3o sei quantos livros, mas como Paulo diz, a natureza \u00e9 um livro aberto e n\u00f3s n\u00e3o lemos nada dela, n\u00e3o sabemos, perdemos o costume de contemplar, saborear os presentes de Deus que caem em nossas m\u00e3os todos os dias e todas as horas\u201d.<\/p>\n<p style=\"text-align: justify\">Uma proposta \u00e9 fazer a \u201ccorrente contemplativa\u201d de um pouco de arroz no prato: \u201cse voc\u00ea fizer a corrente contemplativa deste arroz, por quantas m\u00e3os ele passou at\u00e9 chegar no seu prato? Isso \u00e9 carinho de Deus, isso \u00e9 cuidado de Deus, isso \u00e9 espiritualidade\u201d, garante.<\/p>\n<p style=\"text-align: justify\">Tamb\u00e9m faz parte da espiritualidade ser uma pessoa grata, saber gozar de um sorriso de uma crian\u00e7a, saber apreciar o perfume de uma flor, a beleza de uma flor, segundo irm\u00e3 M\u00f4nica, \u201c\u00e9 o que nos mant\u00e9m em liga\u00e7\u00e3o com o nosso soberano Senhor, a Trindade Santa que nos criou, nos conserva e mora conosco\u201d.<\/p>\n<blockquote>\n<p style=\"text-align: justify\">\u201c<em>A espiritualidade \u00e9 um rem\u00e9dio muito eficaz para tudo. E como n\u00f3s perdemos nosso cord\u00e3o umbilical da espiritualidade, n\u00f3s vamos ficando pessoas vazias, n\u00f3s tombamos com uma cal\u00fania, n\u00f3s tombamos com um olhar de lado, com um pensamento esquisito, porque n\u00e3o temos uma espiritualidade s\u00f3lida, ent\u00e3o estamos tamb\u00e9m no campo das espiritualidade enfermos<\/em>\u201d.<\/p>\n<\/blockquote>\n<h4 style=\"text-align: justify\">Corpo<\/h4>\n<p style=\"text-align: justify\">O quarto \u00e2ngulo destacado pela irm\u00e3 M\u00f4nica \u00e9 \u201ca nossa massa f\u00edsica, que deveria ser o espelho de Deus, o nosso corpo\u201d. A pergunta \u00e9 \u201cComo que o nosso corpo \u00e9 tratado?\u201d.<\/p>\n<p style=\"text-align: justify\">A terapeuta natural chamou aten\u00e7\u00e3o que muitas pessoas se confessam, mas n\u00e3o levam ao sacerdote os pecados contra o corpo: \u201cEu peguei mais peso que eu devia, estou com a coluna toda torta de tanto peso, eu tomei muito \u00e1lcool, envenenei meu corpo, eu estou vestindo uma roupa muito apertada de lycra, que eu n\u00e3o consigo respirar, estou aqui imprensada, portanto, estou num nervosismo que ningu\u00e9m chega perto de mim, porque n\u00e3o estou aguentando, mas eu tenho que obedecer \u00e0 vaidade, eu tenho que obedecer \u00e0 moda\u201d.<\/p>\n<p style=\"text-align: justify\">Tamb\u00e9m as cores t\u00eam uma influ\u00eancia importante na sa\u00fade. Para irm\u00e3 M\u00f4nica, as roupas alegres \u201cnos levam tamb\u00e9m a um humor mais alto, a uma pessoa mais harmoniosa\u201d.<\/p>\n<p style=\"text-align: justify\">Da mesma forma, uma tarefa essencial \u00e9 entender a diferen\u00e7a entre comida e alimento: \u201ctem muita comida, mas n\u00e3o tem alimento\u201d, reflete sobre o que se encontra nos supermercados. \u201cA gente tem que ter cuidado com aquilo que estamos ingerindo. Ser\u00e1 que a gente faz a diferen\u00e7a entre comer e alimentar? Comer voc\u00ea enche, mas n\u00e3o nutre. O alimento nos nutre, renova nossas energias, rep\u00f5e as nossas for\u00e7as\u201d, explicou.<\/p>\n<p style=\"text-align: justify\">Tamb\u00e9m participou da live de ontem o bispo de Campos (RJ) e refer\u00eancia da Pastoral da Sa\u00fade, dom Roberto Francisco Ferrer\u00eda Paz.<\/p>\n<p style=\"text-align: justify\">Confira a live na \u00edntegra:<\/p>\n<div class=\"ast-oembed-container\" style=\"height: 100%;\"><iframe loading=\"lazy\" title=\"[Live 10] \u00c9 tempo de Cuidar! | Dom Roberto Francisco Ferrer\u00eda Paz + Irm\u00e3 M\u00f4nica de Barros\" width=\"500\" height=\"281\" src=\"https:\/\/www.youtube.com\/embed\/DuH4X6Idq28?start=259&#038;feature=oembed\" frameborder=\"0\" allow=\"accelerometer; autoplay; clipboard-write; encrypted-media; gyroscope; picture-in-picture\" allowfullscreen><\/iframe><\/div>\n<p>&nbsp;<\/p>\n<pre>Foto de capa: <i>\u00a0FOLHA DE PORTEIRINHA E REGI\u00c3O<\/i><\/pre>\n<p>&nbsp;    \t<\/p>\n","protected":false},"excerpt":{"rendered":"<p>Religiosa participou da live \u201c\u00c9 tempo de cuidar\u201d desta semana e falou da necessidade de cuidar da sa\u00fade emocional, da energia, da espiritualidade e do corpo. Na ocasi\u00e3o, foi aprofundado o tema \u201cSa\u00fade integrativa em tempos de pandemia\u201d com participa\u00e7\u00e3o tamb\u00e9m de dom Roberto Ferrer\u00eda Paz <\/p>\n","protected":false},"author":83,"featured_media":241180,"comment_status":"closed","ping_status":"open","sticky":false,"template":"","format":"standard","meta":{"site-sidebar-layout":"default","site-content-layout":"default","ast-global-header-display":"","ast-banner-title-visibility":"","ast-main-header-display":"","ast-hfb-above-header-display":"","ast-hfb-below-header-display":"","ast-hfb-mobile-header-display":"","site-post-title":"","ast-breadcrumbs-content":"","ast-featured-img":"","footer-sml-layout":"","theme-transparent-header-meta":"","adv-header-id-meta":"","stick-header-meta":"","header-above-stick-meta":"","header-main-stick-meta":"","header-below-stick-meta":""},"categories":[1869],"tags":[1870,1856,1872,2233],"acf":[],"_links":{"self":[{"href":"https:\/\/www.cnbb.org.br\/cnbb-app\/wp\/v2\/posts\/241178"}],"collection":[{"href":"https:\/\/www.cnbb.org.br\/cnbb-app\/wp\/v2\/posts"}],"about":[{"href":"https:\/\/www.cnbb.org.br\/cnbb-app\/wp\/v2\/types\/post"}],"author":[{"embeddable":true,"href":"https:\/\/www.cnbb.org.br\/cnbb-app\/wp\/v2\/users\/83"}],"replies":[{"embeddable":true,"href":"https:\/\/www.cnbb.org.br\/cnbb-app\/wp\/v2\/comments?post=241178"}],"version-history":[{"count":0,"href":"https:\/\/www.cnbb.org.br\/cnbb-app\/wp\/v2\/posts\/241178\/revisions"}],"wp:featuredmedia":[{"embeddable":true,"href":"https:\/\/www.cnbb.org.br\/cnbb-app\/wp\/v2\/media\/241180"}],"wp:attachment":[{"href":"https:\/\/www.cnbb.org.br\/cnbb-app\/wp\/v2\/media?parent=241178"}],"wp:term":[{"taxonomy":"category","embeddable":true,"href":"https:\/\/www.cnbb.org.br\/cnbb-app\/wp\/v2\/categories?post=241178"},{"taxonomy":"post_tag","embeddable":true,"href":"https:\/\/www.cnbb.org.br\/cnbb-app\/wp\/v2\/tags?post=241178"}],"curies":[{"name":"wp","href":"https:\/\/api.w.org\/{rel}","templated":true}]}}