{"id":241216,"date":"2020-06-24T13:08:52","date_gmt":"2020-06-24T16:08:52","guid":{"rendered":"https:\/\/www.cnbb.org.br\/?p=241216"},"modified":"2020-09-08T13:52:37","modified_gmt":"2020-09-08T16:52:37","slug":"241216-2","status":"publish","type":"post","link":"https:\/\/www.cnbb.org.br\/241216-2\/","title":{"rendered":"Jo\u00e3o \u00e9 o seu nome"},"content":{"rendered":"<p align=\"right\"><b>Cardeal Orani Jo\u00e3o Tempesta<br \/>\n<\/b><b>Arcebispo do Rio de Janeiro (RJ)<\/b><b><\/b><\/p>\n<p style=\"text-align: justify\" align=\"center\"><b>\u00a0<\/b><\/p>\n<p style=\"text-align: justify\">Neste dia 24 de junho celebramos a Natividade de S\u00e3o Jo\u00e3o Batista, o \u00fanico Santo em que celebramos o nascimento e a morte. O precursor, aquele que abriu o caminho para o Salvador que viria. Ele que apontou o \u201cCordeiro de Deus\u201d que tira os pecados do Mundo. Jo\u00e3o muitas vezes questionado se ele seria o Messias que devia vir ao mundo, ele sem titubear diz que n\u00e3o, mas veio preparar o caminho para a sua chegada.<\/p>\n<p style=\"text-align: justify\">S\u00e3o Jo\u00e3o Batista ao contr\u00e1rio inaugura o \u201c<i>tempo messi\u00e2nico<\/i>\u201d e convida a toda popula\u00e7\u00e3o a se arrepender de seus pecados e se converterem para Deus atrav\u00e9s do Batismo. Jo\u00e3o Batista batizava com \u00e1gua, mas viria aquele que batizaria com a \u00e1gua e o esp\u00edrito, e que era \u201c<i>maior\u201d<\/i>\u00a0do que ele. O pr\u00f3prio Jo\u00e3o dizia \u201c<i>que ele cres\u00e7a e eu diminua<\/i>\u201d, porque naquele momento o que importava era a gra\u00e7a de Deus.<\/p>\n<p style=\"text-align: justify\">Nos dias de hoje somos convidados a ter a mesma coragem de Jo\u00e3o Batista e denunciar aquilo que n\u00e3o est\u00e1 de acordo com a vontade de Deus. Denunciar as injusti\u00e7as, n\u00e3o se calar diante delas e anunciar por sua vez a justi\u00e7a divina. Precisamos nos dias de hoje levar muitas pessoas a Deus e anunciar como \u00e9 grande a miseric\u00f3rdia de Deus.<\/p>\n<p style=\"text-align: justify\">Na liturgia de hoje em que comemoramos a Natividade de Jo\u00e3o Batista, ouvimos na primeira leitura de Isa\u00edas (49, 1-6) que o Senhor nos chama desde o ventre materno e nos capacita para anunciar o seu nome. Ele nos consagra com o Esp\u00edrito Santo no Batismo para sermos Sacerdotes, profetas e Reis. E sermos \u201cLuz\u201d no mundo para as pessoas.<\/p>\n<p style=\"text-align: justify\">Por isso, n\u00e3o devemos ter medo de anunciar a Palavra de Deus \u00e0s pessoas: n\u00e3o ter medo de anunciar a verdade. A verdade \u00e9 a luz, quem est\u00e1 com a verdade se aproxima da luz.<\/p>\n<p style=\"text-align: justify\">No salmo responsorial ((138\/9) somos convidados a Louvar e dar gra\u00e7as ao Senhor porque ele nos formou de modo admir\u00e1vel e nos colocou no meio do mundo para anunciar a justi\u00e7a e a verdade. Agradecer ao Senhor por tudo sempre, por ele nos ter dado a vida e a capacidade de anunciar a sua palavra.<\/p>\n<p style=\"text-align: justify\">Na segunda leitura da missa de hoje S\u00e3o Paulo (At 13, 22-26) fala de Davi e depois de Jo\u00e3o Batista, fazendo assim uma liga\u00e7\u00e3o entre o Antigo e o Novo Testamento, dois grandes profetas, ungidos por Deus e enviados para anunciar a verdade e seu amor.<\/p>\n<p style=\"text-align: justify\">No Evangelho (Lc 1, 57-66.80) ouvimos a Palavra que nos narra o momento do Nascimento de Jo\u00e3o Batista, completando-se assim o tempo previsto de Isabel dar \u00e0 luz. E, quando no oitavo dia foram circuncidar o menino, seu Pai Zacarias lhe d\u00e1 o nome de Jo\u00e3o. Nome pelo qual o Anjo tinha revelado a Zacarias que o menino se chamaria. Logo ap\u00f3s Zacarias ter escrito numa t\u00e1bua que o menino se chamaria Jo\u00e3o sua l\u00edngua se soltou e ele come\u00e7ou a louvar a Deus. O menino era cheio do Esp\u00edrito Santo e crescia no amor e no temor do Senhor e a gra\u00e7a de Deus estava com ele. E assim ele foi crescendo at\u00e9 o dia em que se apresentou publicamente a Israel.<\/p>\n<p style=\"text-align: justify\">Podemos observar a partir da Natividade de Jo\u00e3o Batista que o Senhor nos escolhe desde o ventre Materno e nos prepara para anunciar ao mundo o seu amor, a miseric\u00f3rdia e a justi\u00e7a. E que a nossa vida deve ser um ato de louvor a Deus e devemos ter a certeza de que para Deus nada \u00e9 imposs\u00edvel.<\/p>\n<p style=\"text-align: justify\">Que a partir da celebra\u00e7\u00e3o desta festa da Natividade de Jo\u00e3o Batista possamos ter a coragem de anunciar a miseric\u00f3rdia de Deus a todos. Que n\u00e3o tenhamos medo pois o Senhor nos escolheu desde o ventre materno. E sempre na nossa vida os m\u00e9ritos sejam de Deus, ou seja, que ele sempre cres\u00e7a e eu diminua. Que a sua gra\u00e7a e a sua miseric\u00f3rdia v\u00e3o a frente e abram o caminho da salva\u00e7\u00e3o.<\/p>\n<p style=\"text-align: justify\">Que por intercess\u00e3o de S\u00e3o Jo\u00e3o Batista possamos passar por essa atual pandemia com todas as crises afins sem perder a esperan\u00e7a e anunciando a vida. Que Deus ilumine os m\u00e9dicos e cientistas para que logo possam encontrar a cura para esta doen\u00e7a. Como consequ\u00eancia dessa dif\u00edcil experi\u00eancia, auguramos que as pessoas possam ser mais generosas com as outras, se preocupar com o que outro necessita e colocar em pratica tudo aquilo que o Senhor nos ensinou.<\/p>\n<p style=\"text-align: justify\">Este ano estamos celebrando de maneira diferente a solenidade de S\u00e3o Jo\u00e3o Batista, mas acompanhemos as missas e celebra\u00e7\u00f5es pela TV, R\u00e1dio e internet j\u00e1 que n\u00e3o poderemos estar, por enquanto, fisicamente nos templos, pedindo a intercess\u00e3o de Jo\u00e3o Batista por n\u00f3s e nos encorajando para a miss\u00e3o. E que possamos acender a \u201c<i>fogueira\u201d<\/i>\u00a0de S\u00e3o Jo\u00e3o no nosso cora\u00e7\u00e3o e na nossa vida e pedindo a Deus que no ano que vem possamos estar juntos.<\/p>\n<p style=\"text-align: justify\">Que Deus nos aben\u00e7oe e proteja por intercess\u00e3o de Jo\u00e3o Batista e nos coloque no caminho da verdade e do amor. E nos prepare para daqui h\u00e1 6 meses celebrarmos o Natal de Nosso Senhor.<\/p>\n<p align=\"right\">\n","protected":false},"excerpt":{"rendered":"<p>Cardeal Orani Jo\u00e3o Tempesta Arcebispo do Rio de Janeiro (RJ) \u00a0 Neste dia 24 de junho celebramos a Natividade de S\u00e3o Jo\u00e3o Batista, o \u00fanico Santo em que celebramos o nascimento e a morte. O precursor, aquele que abriu o caminho para o Salvador que viria. Ele que apontou o \u201cCordeiro de Deus\u201d que tira &hellip;<\/p>\n<p class=\"read-more\"> <a class=\"\" href=\"https:\/\/www.cnbb.org.br\/241216-2\/\"> <span class=\"screen-reader-text\">Jo\u00e3o \u00e9 o seu nome<\/span> Leia mais &raquo;<\/a><\/p>\n","protected":false},"author":31,"featured_media":0,"comment_status":"closed","ping_status":"open","sticky":false,"template":"","format":"standard","meta":{"site-sidebar-layout":"default","site-content-layout":"default","ast-global-header-display":"","ast-banner-title-visibility":"","ast-main-header-display":"","ast-hfb-above-header-display":"","ast-hfb-below-header-display":"","ast-hfb-mobile-header-display":"","site-post-title":"","ast-breadcrumbs-content":"","ast-featured-img":"","footer-sml-layout":"","theme-transparent-header-meta":"","adv-header-id-meta":"","stick-header-meta":"","header-above-stick-meta":"","header-main-stick-meta":"","header-below-stick-meta":""},"categories":[758],"tags":[],"acf":[],"_links":{"self":[{"href":"https:\/\/www.cnbb.org.br\/cnbb-app\/wp\/v2\/posts\/241216"}],"collection":[{"href":"https:\/\/www.cnbb.org.br\/cnbb-app\/wp\/v2\/posts"}],"about":[{"href":"https:\/\/www.cnbb.org.br\/cnbb-app\/wp\/v2\/types\/post"}],"author":[{"embeddable":true,"href":"https:\/\/www.cnbb.org.br\/cnbb-app\/wp\/v2\/users\/31"}],"replies":[{"embeddable":true,"href":"https:\/\/www.cnbb.org.br\/cnbb-app\/wp\/v2\/comments?post=241216"}],"version-history":[{"count":0,"href":"https:\/\/www.cnbb.org.br\/cnbb-app\/wp\/v2\/posts\/241216\/revisions"}],"wp:attachment":[{"href":"https:\/\/www.cnbb.org.br\/cnbb-app\/wp\/v2\/media?parent=241216"}],"wp:term":[{"taxonomy":"category","embeddable":true,"href":"https:\/\/www.cnbb.org.br\/cnbb-app\/wp\/v2\/categories?post=241216"},{"taxonomy":"post_tag","embeddable":true,"href":"https:\/\/www.cnbb.org.br\/cnbb-app\/wp\/v2\/tags?post=241216"}],"curies":[{"name":"wp","href":"https:\/\/api.w.org\/{rel}","templated":true}]}}